{"id":6257,"date":"2011-03-03T13:59:33","date_gmt":"2011-03-03T18:59:33","guid":{"rendered":"http:\/\/www.campusu.co\/?p=3631"},"modified":"2012-04-19T23:32:02","modified_gmt":"2012-04-19T23:32:02","slug":"presentado-en-sociedad-el-ipad-2","status":"publish","type":"post","link":"https:\/\/blogs.vanguardia.com\/tecnologiaviva\/2011\/03\/03\/presentado-en-sociedad-el-ipad-2\/","title":{"rendered":"Presentado en sociedad el iPad 2"},"content":{"rendered":"<div id=\"attachment_7044\" style=\"width: 300px\" class=\"wp-caption alignleft\"><a href=\"http:\/\/blogs.vanguardia.com\/tecnologiaviva\/files\/2011\/03\/WEB_CAMPU010_BIG_TP.jpg\"><img loading=\"lazy\" decoding=\"async\" aria-describedby=\"caption-attachment-7044\" class=\"size-medium wp-image-7044 \" title=\"Steve Jobs presentando el iPad 2 \" src=\"http:\/\/blogs.vanguardia.com\/tecnologiaviva\/files\/2011\/03\/WEB_CAMPU010_BIG_TP-300x225.jpg\" alt=\"Steve Jobs presentando el iPad 2 (Foto: AFP)\" width=\"300\" height=\"225\" srcset=\"https:\/\/blogs.vanguardia.com\/tecnologiaviva\/files\/2011\/03\/WEB_CAMPU010_BIG_TP-300x225.jpg 300w, https:\/\/blogs.vanguardia.com\/tecnologiaviva\/files\/2011\/03\/WEB_CAMPU010_BIG_TP.jpg 800w\" sizes=\"auto, (max-width: 300px) 100vw, 300px\" \/><\/a><p id=\"caption-attachment-7044\" class=\"wp-caption-text\">Steve Jobs presentando el iPad 2 (Foto: AFP)<\/p><\/div>\n<p>El mi\u00e9rcoles 2 de marzo del 2011 queda como una de esas fechas especiales, pues marc\u00f3 <strong>el nacimiento del ipad 2, el segundo modelo de la famosa tableta de Apple<\/strong> que gener\u00f3 nada menos que una nueva categor\u00eda de dispositivos personales, y de la que en s\u00f3lo 5 meses del a\u00f1o pasado se vendieron 15 millones de unidades.<\/p>\n<p>La segunda versi\u00f3n del ipad <strong>no es en s\u00ed una revoluci\u00f3n sino una evoluci\u00f3n<\/strong>. De los puntos que la mayor\u00eda de usuarios dice que le faltan al iPad original (como las c\u00e1maras, puertos USB,<em> flash<\/em>, etc.) en realidad s\u00f3lo qued\u00f3 cubierto uno. Veamos el an\u00e1lisis de la presentaci\u00f3n en sociedad del iPad 2.<\/p>\n<p><!--more--><\/p>\n<p>El iPad 2 se present\u00f3 en un evento muy Apple en el teatro Yerba Buena en San Francisco, en California, dirigido\u00a0sorprendentemente\u00a0por el jefe mayor de la compa\u00f1\u00eda, Steve Jobs, que se encuentra en permiso m\u00e9dico, y a quien la prensa amarillista le achacaba pocas semanas de vida.<\/p>\n<p>Mr. Jobs present\u00f3 el nuevo dispositivo, con una frase que pr\u00e1cticamente se\u00f1ala todo: \u00abQu\u00e9 hemos aprendido?\u00bb (del iPad original). Pues las mejoras sustanciales fueron tres en realidad:<\/p>\n<p><strong>Uno. La inclusi\u00f3n de c\u00e1maras digitales<\/strong>. Una capaz de grabar video en HD (Alta definici\u00f3n) en la parte trasera (5 MP), y una frontal, de menor calidad (3 MP), ambas dirigidas principalmente a las llamadas de v\u00eddeo popularizadas en los iPhones con el programa de <em>\u00abFaceTime<\/em>\u00ab, que permite tener una conversaci\u00f3n (chat) cara a cara a trav\u00e9s de una conexi\u00f3n WiFi y\/o celular con dispositivos similares, como otros iPhones o iPods. A esta lista ya le podemos a\u00f1adir el iPod 2.<\/p>\n<div id=\"attachment_3643\" style=\"width: 300px\" class=\"wp-caption alignright\"><a href=\"http:\/\/www.campusu.co\/wp-content\/uploads\/2011\/03\/WEB_CAMPU011_BIG_TP.jpg\"><img loading=\"lazy\" decoding=\"async\" aria-describedby=\"caption-attachment-3643\" class=\"size-medium wp-image-3643\" src=\"http:\/\/www.campusu.co\/wp-content\/uploads\/2011\/03\/WEB_CAMPU011_BIG_TP-300x225.jpg\" alt=\"Las dos versiones, blanco y negro. (Foto: AFP)\" width=\"300\" height=\"225\" \/><\/a><p id=\"caption-attachment-3643\" class=\"wp-caption-text\">Las dos versiones, blanco y negro. (Foto: AFP)<\/p><\/div>\n<p>Dos. <strong>Mejor procesador<\/strong>. En el iPad original (algunos sarc\u00e1sticamente ya lo llaman el iPad \u00abviejo\u00bb) Apple utilizaba el A4, un procesador de un s\u00f3lo n\u00facleo, de bajo consumo. Ahora, el iPad 2 viene con su sucesor, el A5, con dos n\u00facleos, y la <strong>capacidad de procesar gr\u00e1ficos unas nueve veces m\u00e1s r\u00e1pido<\/strong> que el original, mientras que mantiene el mismo consumo de energ\u00eda.<\/p>\n<p>Mr. Jobs sostuvo en la conferencia que este nuevo iPad continua con la marca,\u00a0dif\u00edcil\u00a0de igualar, de una duraci\u00f3n de 10 horas de bater\u00eda en uso continuo, y un mes en estado de reposo.<\/p>\n<p>Tres. <strong>Menor tama\u00f1o y peso.<\/strong> El ipad 2 es un tercio m\u00e1s delgado que el anterior, y un tercio es un universo en estos aparatos peque\u00f1os. Su dise\u00f1o f\u00edsico tambi\u00e9n cambi\u00f3, pues pas\u00f3 de ser un semi cubo, con partes cuadradas por todos lados, a un dise\u00f1o ovoide, muy redondeado, lo que facilita su sujeci\u00f3n por largos tiempos, mientras se navega o se lee un buen libro. Tambi\u00e9n es unos gramos m\u00e1s liviano.<\/p>\n<div id=\"attachment_3650\" style=\"width: 300px\" class=\"wp-caption alignleft\"><a href=\"http:\/\/www.campusu.co\/wp-content\/uploads\/2011\/03\/WEB_CAMPU015_BIG_TP.jpg\"><img loading=\"lazy\" decoding=\"async\" aria-describedby=\"caption-attachment-3650\" class=\"size-medium wp-image-3650\" src=\"http:\/\/www.campusu.co\/wp-content\/uploads\/2011\/03\/WEB_CAMPU015_BIG_TP-300x225.jpg\" alt=\"Comparando los dos anchos (Foto AFP)\" width=\"300\" height=\"225\" \/><\/a><p id=\"caption-attachment-3650\" class=\"wp-caption-text\">Comparando los dos anchos (Foto AFP)<\/p><\/div>\n<p>En resumen, este iPad es el doble de r\u00e1pido, muestra las gr\u00e1ficas (utilizadas principalmente en juegos) mucho m\u00e1s r\u00e1pidamente, y viene con dos c\u00e1maras de video, es m\u00e1s liviano y delgado, y todo esto sin afectar su legendario tiempo de bater\u00eda de 10 horas&#8230; <strong>una brillante evoluci\u00f3n<\/strong>.<\/p>\n<p>Ah, y mantuvo los precios originales (con lo que autom\u00e1ticamente todos nuestros iPads versi\u00f3n 1 cayeron de precio). <strong>Todav\u00eda esta maravilla arranca en los U$500<\/strong>.<\/p>\n<p>Los iPads 2 estar\u00e1n disponibles en el mercado norteamericano a partir del pr\u00f3ximo viernes 11 de marzo, un par de semanas despu\u00e9s de 26 otros pa\u00edses, y unos cuatro a seis meses despu\u00e9s en Latinoam\u00e9rica. Claro, no dudo que los encontremos en nuestras vitrinas mucho antes, tra\u00eddos directamente del mercado \u00abgringo\u00bb que queda a tres horas y un buz\u00f3n internacional de distancia&#8230;<\/p>\n<p>Para los que esperaron, creo que vali\u00f3 la pena. Para los que compramos el original, como dicen por ah\u00ed, \u00bfqui\u00e9n nos quita lo \u00abbailao\u00bb en estos meses de uso?<\/p>\n<p>&nbsp;<\/p>\n<p>[important]<\/p>\n<p><strong>La funda magn\u00e9tica\u00bb<\/strong><\/p>\n<p>Quiz\u00e1s lo que m\u00e1s llam\u00f3 la atenci\u00f3n entre los asistentes al evento fue la nueva cubierta magn\u00e9tica del ipad.<\/p>\n<p>Se trata de una \u00abfunda\u00bb met\u00e1lica azul que se dobla en cuatro partes, que le permite servir de apoyo al ipad en cualquier posici\u00f3n vertical u horizontal, y que, gracias a unos imanes que traen los ipads en los topes, se coloca y se ajusta \u00abmagn\u00e9ticamente\u00bb!<\/p>\n<p>[\/important]<\/p>\n<p>&nbsp;<\/p>\n","protected":false},"excerpt":{"rendered":"<p>El mi\u00e9rcoles 2 de marzo del 2011 queda como una de esas fechas especiales, pues marc\u00f3 el nacimiento del ipad 2, el segundo modelo de la famosa tableta de Apple que gener\u00f3 nada menos que una nueva categor\u00eda de dispositivos personales, y de la que en s\u00f3lo 5 meses del a\u00f1o pasado se vendieron 15 &hellip; <\/p>\n<p><a class=\"more-link btn\" href=\"https:\/\/blogs.vanguardia.com\/tecnologiaviva\/2011\/03\/03\/presentado-en-sociedad-el-ipad-2\/\">Seguir leyendo<\/a><\/p>\n","protected":false},"author":2,"featured_media":7044,"comment_status":"open","ping_status":"open","sticky":false,"template":"","format":"standard","meta":{"ngg_post_thumbnail":0,"jetpack_post_was_ever_published":false,"footnotes":""},"categories":[112,10],"tags":[15,11,16],"class_list":["post-6257","post","type-post","status-publish","format-standard","has-post-thumbnail","hentry","category-empresas-de-tecnologia","category-tabletas","tag-ipad","tag-ipad-2","tag-steve-jobs","item-wrap"],"aioseo_notices":[],"jetpack_featured_media_url":"https:\/\/blogs.vanguardia.com\/tecnologiaviva\/files\/2011\/03\/WEB_CAMPU010_BIG_TP.jpg","jetpack_shortlink":"https:\/\/wp.me\/p2nF3t-1CV","jetpack_sharing_enabled":true,"_links":{"self":[{"href":"https:\/\/blogs.vanguardia.com\/tecnologiaviva\/wp-json\/wp\/v2\/posts\/6257","targetHints":{"allow":["GET"]}}],"collection":[{"href":"https:\/\/blogs.vanguardia.com\/tecnologiaviva\/wp-json\/wp\/v2\/posts"}],"about":[{"href":"https:\/\/blogs.vanguardia.com\/tecnologiaviva\/wp-json\/wp\/v2\/types\/post"}],"author":[{"embeddable":true,"href":"https:\/\/blogs.vanguardia.com\/tecnologiaviva\/wp-json\/wp\/v2\/users\/2"}],"replies":[{"embeddable":true,"href":"https:\/\/blogs.vanguardia.com\/tecnologiaviva\/wp-json\/wp\/v2\/comments?post=6257"}],"version-history":[{"count":7,"href":"https:\/\/blogs.vanguardia.com\/tecnologiaviva\/wp-json\/wp\/v2\/posts\/6257\/revisions"}],"predecessor-version":[{"id":7048,"href":"https:\/\/blogs.vanguardia.com\/tecnologiaviva\/wp-json\/wp\/v2\/posts\/6257\/revisions\/7048"}],"wp:featuredmedia":[{"embeddable":true,"href":"https:\/\/blogs.vanguardia.com\/tecnologiaviva\/wp-json\/wp\/v2\/media\/7044"}],"wp:attachment":[{"href":"https:\/\/blogs.vanguardia.com\/tecnologiaviva\/wp-json\/wp\/v2\/media?parent=6257"}],"wp:term":[{"taxonomy":"category","embeddable":true,"href":"https:\/\/blogs.vanguardia.com\/tecnologiaviva\/wp-json\/wp\/v2\/categories?post=6257"},{"taxonomy":"post_tag","embeddable":true,"href":"https:\/\/blogs.vanguardia.com\/tecnologiaviva\/wp-json\/wp\/v2\/tags?post=6257"}],"curies":[{"name":"wp","href":"https:\/\/api.w.org\/{rel}","templated":true}]}}