{"id":767,"date":"2009-02-15T10:36:50","date_gmt":"2009-02-15T15:36:50","guid":{"rendered":"http:\/\/www.bucaramanga.com\/blogs\/medio-ambiente\/?p=661"},"modified":"2009-02-15T10:36:50","modified_gmt":"2009-02-15T15:36:50","slug":"prendas-ecologicas","status":"publish","type":"post","link":"https:\/\/blogs.vanguardia.com\/medio-ambiente\/general\/767-prendas-ecologicas","title":{"rendered":"Prendas Ecol\u00f3gicas"},"content":{"rendered":"<p><a href=\"http:\/\/www.vliberal.com\/blogs\/medio-ambiente\/wp-content\/uploads\/2009\/02\/0159209g.jpg\"><img decoding=\"async\" class=\"alignleft size-full wp-image-662\" title=\"0159209g\" src=\"http:\/\/www.bucaramanga.com\/blogs\/medio-ambiente\/wp-content\/uploads\/2009\/02\/0159209g2.jpg\"\/><\/a>La industria textil se suma a la lucha mundial en defensa del medio ambiente. La utilizaci\u00f3n de materiales libres de pesticidas, fertilizantes y qu\u00edmicos lleg\u00f3 a la ropa.<br \/>\nFueron creadas en los 80, pero no se las consider\u00f3. Hoy en d\u00eda, las pasarelas de Par\u00eds, Londres, Nueva York y Mil\u00e1n marcan tendencia con prendas elaboradas con productos naturales. Levis, Adidas, Nike y Zara, as\u00ed como dise\u00f1adores como de Armani y Dolce &amp; Gabbana se comprometieron con el medio ambiente y confeccionan prendas a partir de algod\u00f3n org\u00e1nico.<!--more--><br \/>\nPor ejemplo la empresa Fair Hemp elabora camisetas, gorras y bolsas hechos de c\u00e1\u00f1amo. Esta planta es resistente a las malas hierbas, a las pestes y a los rayos ultravioleta, por lo que se cultivan sin utilizar pesticidas y herbicidas, siendo su fibra, m\u00e1s fuerte que el algod\u00f3n.<br \/>\nEl algod\u00f3n org\u00e1nico es el material b\u00e1sico con el cual se elaboran prendas ecol\u00f3gicas, pero tambi\u00e9n se emplean fibras de soya, lino, algas, telas de bamb\u00fa y de caucho. Las tintas empleadas para te\u00f1ir o imprimir las telas tambi\u00e9n son ecol\u00f3gicas<br \/>\nLa Uni\u00f3n Europea estableci\u00f3 ciertas pautas para considerar una prenda como ecol\u00f3gica, y ser merecedora de la margarita ambiental (s\u00edmbolo caracter\u00edstico), como no contaminar el aire y el agua, proteger el suelo, reducir los residuos, prevenir el calentamiento global. Tambi\u00e9n se tiene en cuenta las condiciones humanitarias de los trabajadores implicados, tanto en los cultivos, como en la manufactura de las prendas.<br \/>\nLa \u00fanica desventaja hasta el momento son sus precios elevados y los escasos lugares de venta. Seguramente con el tiempo esto se solucionar\u00e1.<br \/>\nm\u00e1s informaci\u00f3n: http:\/\/www.consumer.es\/web\/es\/medio_ambiente\/urbano\/2006\/08\/17\/154750.php<\/p>\n","protected":false},"excerpt":{"rendered":"<p>La industria textil se suma a la lucha mundial en defensa del medio ambiente. La utilizaci\u00f3n de materiales libres de pesticidas, fertilizantes y qu\u00edmicos lleg\u00f3 a la ropa. Fueron creadas en los 80, pero no se las consider\u00f3. Hoy en d\u00eda, las pasarelas de Par\u00eds, Londres, Nueva York y Mil\u00e1n marcan tendencia con prendas elaboradas &hellip; <\/p>\n<p><a class=\"more-link btn\" href=\"https:\/\/blogs.vanguardia.com\/medio-ambiente\/general\/767-prendas-ecologicas\">Seguir leyendo<\/a><\/p>\n","protected":false},"author":4,"featured_media":0,"comment_status":"open","ping_status":"open","sticky":false,"template":"","format":"standard","meta":{"ngg_post_thumbnail":0,"jetpack_post_was_ever_published":false,"footnotes":""},"categories":[6,9],"tags":[37,39],"class_list":["post-767","post","type-post","status-publish","format-standard","hentry","category-general","category-que-podemos-hacer","tag-que-podemos-hacer","tag-tecnologia-del-futuro","item-wrap"],"aioseo_notices":[],"jetpack_featured_media_url":"","jetpack_shortlink":"https:\/\/wp.me\/p2uKly-cn","jetpack_sharing_enabled":true,"_links":{"self":[{"href":"https:\/\/blogs.vanguardia.com\/medio-ambiente\/wp-json\/wp\/v2\/posts\/767","targetHints":{"allow":["GET"]}}],"collection":[{"href":"https:\/\/blogs.vanguardia.com\/medio-ambiente\/wp-json\/wp\/v2\/posts"}],"about":[{"href":"https:\/\/blogs.vanguardia.com\/medio-ambiente\/wp-json\/wp\/v2\/types\/post"}],"author":[{"embeddable":true,"href":"https:\/\/blogs.vanguardia.com\/medio-ambiente\/wp-json\/wp\/v2\/users\/4"}],"replies":[{"embeddable":true,"href":"https:\/\/blogs.vanguardia.com\/medio-ambiente\/wp-json\/wp\/v2\/comments?post=767"}],"version-history":[{"count":0,"href":"https:\/\/blogs.vanguardia.com\/medio-ambiente\/wp-json\/wp\/v2\/posts\/767\/revisions"}],"wp:attachment":[{"href":"https:\/\/blogs.vanguardia.com\/medio-ambiente\/wp-json\/wp\/v2\/media?parent=767"}],"wp:term":[{"taxonomy":"category","embeddable":true,"href":"https:\/\/blogs.vanguardia.com\/medio-ambiente\/wp-json\/wp\/v2\/categories?post=767"},{"taxonomy":"post_tag","embeddable":true,"href":"https:\/\/blogs.vanguardia.com\/medio-ambiente\/wp-json\/wp\/v2\/tags?post=767"}],"curies":[{"name":"wp","href":"https:\/\/api.w.org\/{rel}","templated":true}]}}