{"id":1800,"date":"2012-07-02T07:15:08","date_gmt":"2012-07-02T12:15:08","guid":{"rendered":"http:\/\/blogs.vanguardia.com\/medio-ambiente\/?p=1800"},"modified":"2012-07-02T08:21:57","modified_gmt":"2012-07-02T13:21:57","slug":"y-seguimos-consumiendo","status":"publish","type":"post","link":"https:\/\/blogs.vanguardia.com\/medio-ambiente\/sin-categoria\/1800-y-seguimos-consumiendo","title":{"rendered":"Y SEGUIMOS CONSUMIENDO&#8230;.."},"content":{"rendered":"<p><span class=\"embed-youtube\" style=\"text-align:center; display: block;\"><iframe loading=\"lazy\" class=\"youtube-player\" width=\"420\" height=\"315\" src=\"https:\/\/www.youtube.com\/embed\/wl2nMudbSm8?version=3&#038;rel=1&#038;showsearch=0&#038;showinfo=1&#038;iv_load_policy=1&#038;fs=1&#038;hl=es-ES&#038;autohide=2&#038;wmode=transparent\" allowfullscreen=\"true\" style=\"border:0;\" sandbox=\"allow-scripts allow-same-origin allow-popups allow-presentation allow-popups-to-escape-sandbox\"><\/iframe><\/span><br \/>\nEste es el discurso memorable del presidente de Uruguay en la cumbre de R\u00edo.<\/p>\n<p>\u00abEstamos gobernando la globalizaci\u00f3n? o la Globalizaci\u00f3n nos gobierna a nosotros?&#8230; La gran crisis es pol\u00edtica\u00bb<\/p>\n<p>Excelente reflexi\u00f3n<\/p>\n","protected":false},"excerpt":{"rendered":"<p>Este es el discurso memorable del presidente de Uruguay en la cumbre de R\u00edo. \u00abEstamos gobernando la globalizaci\u00f3n? o la Globalizaci\u00f3n nos gobierna a nosotros?&#8230; La gran crisis es pol\u00edtica\u00bb Excelente reflexi\u00f3n<\/p>\n","protected":false},"author":4,"featured_media":0,"comment_status":"open","ping_status":"open","sticky":false,"template":"","format":"standard","meta":{"ngg_post_thumbnail":0,"jetpack_post_was_ever_published":false,"footnotes":""},"categories":[1],"tags":[],"class_list":["post-1800","post","type-post","status-publish","format-standard","hentry","category-sin-categoria","item-wrap"],"aioseo_notices":[],"jetpack_featured_media_url":"","jetpack_shortlink":"https:\/\/wp.me\/p2uKly-t2","jetpack_sharing_enabled":true,"_links":{"self":[{"href":"https:\/\/blogs.vanguardia.com\/medio-ambiente\/wp-json\/wp\/v2\/posts\/1800","targetHints":{"allow":["GET"]}}],"collection":[{"href":"https:\/\/blogs.vanguardia.com\/medio-ambiente\/wp-json\/wp\/v2\/posts"}],"about":[{"href":"https:\/\/blogs.vanguardia.com\/medio-ambiente\/wp-json\/wp\/v2\/types\/post"}],"author":[{"embeddable":true,"href":"https:\/\/blogs.vanguardia.com\/medio-ambiente\/wp-json\/wp\/v2\/users\/4"}],"replies":[{"embeddable":true,"href":"https:\/\/blogs.vanguardia.com\/medio-ambiente\/wp-json\/wp\/v2\/comments?post=1800"}],"version-history":[{"count":4,"href":"https:\/\/blogs.vanguardia.com\/medio-ambiente\/wp-json\/wp\/v2\/posts\/1800\/revisions"}],"predecessor-version":[{"id":1802,"href":"https:\/\/blogs.vanguardia.com\/medio-ambiente\/wp-json\/wp\/v2\/posts\/1800\/revisions\/1802"}],"wp:attachment":[{"href":"https:\/\/blogs.vanguardia.com\/medio-ambiente\/wp-json\/wp\/v2\/media?parent=1800"}],"wp:term":[{"taxonomy":"category","embeddable":true,"href":"https:\/\/blogs.vanguardia.com\/medio-ambiente\/wp-json\/wp\/v2\/categories?post=1800"},{"taxonomy":"post_tag","embeddable":true,"href":"https:\/\/blogs.vanguardia.com\/medio-ambiente\/wp-json\/wp\/v2\/tags?post=1800"}],"curies":[{"name":"wp","href":"https:\/\/api.w.org\/{rel}","templated":true}]}}