{"id":411,"date":"2015-08-20T06:59:23","date_gmt":"2015-08-20T11:59:23","guid":{"rendered":"http:\/\/blogs.vanguardia.com\/mariposas-al-atardecer\/?p=411"},"modified":"2015-08-20T06:59:23","modified_gmt":"2015-08-20T11:59:23","slug":"donde-estan-las-mujeres-en-el-festivalito-ritoqueno","status":"publish","type":"post","link":"https:\/\/blogs.vanguardia.com\/mariposas-al-atardecer\/2015\/08\/20\/donde-estan-las-mujeres-en-el-festivalito-ritoqueno\/","title":{"rendered":"\u00bfD\u00f3nde est\u00e1n las mujeres en el Festivalito Ritoque\u00f1o?"},"content":{"rendered":"<div id=\"attachment_413\" style=\"width: 300px\" class=\"wp-caption alignnone\"><a href=\"http:\/\/blogs.vanguardia.com\/mariposas-al-atardecer\/files\/2015\/08\/Por-qu\u00e9-no-me-puedo-perder-el-Festivalito-Ruitoque\u00f1o-en-su-celebraci\u00f3n-de-25-a\u00f1os_portada2.jpg\"><img loading=\"lazy\" decoding=\"async\" aria-describedby=\"caption-attachment-413\" class=\"size-medium wp-image-413\" src=\"http:\/\/blogs.vanguardia.com\/mariposas-al-atardecer\/files\/2015\/08\/Por-qu\u00e9-no-me-puedo-perder-el-Festivalito-Ruitoque\u00f1o-en-su-celebraci\u00f3n-de-25-a\u00f1os_portada2-300x169.jpg\" alt=\"Imagen del Festivalito Ruitoque\u00f1o. Tomada de Infoeventos. \" width=\"300\" height=\"169\" srcset=\"https:\/\/blogs.vanguardia.com\/mariposas-al-atardecer\/files\/2015\/08\/Por-qu\u00e9-no-me-puedo-perder-el-Festivalito-Ruitoque\u00f1o-en-su-celebraci\u00f3n-de-25-a\u00f1os_portada2-300x169.jpg 300w, https:\/\/blogs.vanguardia.com\/mariposas-al-atardecer\/files\/2015\/08\/Por-qu\u00e9-no-me-puedo-perder-el-Festivalito-Ruitoque\u00f1o-en-su-celebraci\u00f3n-de-25-a\u00f1os_portada2.jpg 768w\" sizes=\"auto, (max-width: 300px) 100vw, 300px\" \/><\/a><p id=\"caption-attachment-413\" class=\"wp-caption-text\">Imagen del Festivalito Ruitoque\u00f1o. Tomada de Infoeventos.<\/p><\/div>\n<h3><\/h3>\n<h3>El Festivalito Ruitoque\u00f1o es un espacio musical de gran tradici\u00f3n en Santander y que cuenta con invitados del g\u00e9nero folcl\u00f3rico de diversas ciudades del pa\u00eds. Seg\u00fan su p\u00e1gina web, \u00abes un encuentro para propiciar espacios culturales de afecto, de interactividad personal, todo alrededor de la cultura, con oportunidades de desarrollo integrales para los int\u00e9rpretes, autores y compositores propios de la m\u00fasica nacional, y tiene en cuenta a los artistas desde peque\u00f1itos, cuyos resultados se est\u00e1n viendo en el \u00e1mbito del mismo logro de desarrollo profesional y personal, que se irriga por todo el pa\u00eds\u00bb.<\/h3>\n<h3>M\u00e1s en <a href=\"http:\/\/www.infoeventos.com.co\/eventos\/conciertos\/xxv-festivalito-ruitoqueno-de-musica-colombiana\/\">XXV Festivalito Ruitoque\u00f1o de M\u00fasica Colombiana<\/a><\/h3>\n<h3>Laura Badillo y Damary Mart\u00ednez, reconocidas activistas de los derechos de las mujeres y la poblaci\u00f3n Lgbti, asistieron al Fetivalito Ruitoque\u00f1o y quieren presentar a ustedes algunas de sus impresiones luego de disfrutar de la m\u00fasica colombiana y, claro, reflexionar sobre la participaci\u00f3n de la mujer en este espacio.<\/h3>\n<h2><strong>\u00bfD\u00f3nde est\u00e1n las mujeres en el Festivalito Ritoque\u00f1o?<\/strong><\/h2>\n<h5><strong>Por: Laura Badillo y Damary Mart\u00ednez<\/strong><\/h5>\n<h4>En la finca Villa Leo, aproximadamente a 5 minutos de Floridablanca, se dieron cita un sinn\u00famero de grupos de m\u00fasica colombiana. Un gran p\u00fablico estuvo presente y las diferentes composiciones de anta\u00f1o, de arraigo, con instrumentos de cuerdas, de viento y percusi\u00f3n, se disfrutaron en el XXV Festivalito Ruitoque\u00f1o. M\u00e1s de 60 agrupaciones conformadas por mujeres y hombres m\u00fasicos de diferentes edades mostraron su esfuerzo y trabajo en creer en su talento y en la m\u00fasica.<\/h4>\n<h4>Estuvimos en la tercera ronda de int\u00e9rpretes. No llegamos a tiempo para escuchar a todos los grupos de ni\u00f1os y ni\u00f1as, quienes a las 4 de la tarde ya culminaban sus presentaciones, pero fue evidente que la participaci\u00f3n de las ni\u00f1as y adolescentes no s\u00f3lo fue numerosa, sino bastante representativa. Daba gusto observar y escuchar sus capacidades art\u00edsticas , pero a medida que la noche avanz\u00f3 y que iniciaron las presentaciones de los adultos, la participaci\u00f3n femenina fue diezm\u00e1ndose significativamente. A excepci\u00f3n de la Tuna de la UPB, la participaci\u00f3n de las mujeres en este escenario no fue nula, por lo menos eso es de agradecerse.<\/h4>\n<h4>Una de las presentaciones m\u00e1s destacadas fue la de Mar\u00eda Cristina Plata. Su versatilidad y capacidad vocal fue realmente admirable. Por su parte, la cantante Yahaira Mina de la agrupaci\u00f3n Mam\u00e1 Julia y los sonidos ambulantes, le puso sabor a la m\u00fasica andina; y las dos de Yenyer\u00e9 trajeron la m\u00fasica del Pac\u00edfico. Solas y acompa\u00f1adas, estas mujeres nos brindaron una esperanza de persistencia, de equidad en la escena musical de este festival.<\/h4>\n<h4>Y con el trasfondo de esta magia musical, desde muy temprano un hecho llam\u00f3 nuestra atenci\u00f3n. Un acto sutil, pero directo, interpretado por una adolescente, una promesa musical quien con su extraordinaria voz encant\u00f3 al p\u00fablico con una melod\u00eda que alegremente repet\u00eda: \u201c<em>Por tenerte entre mis brazos, te entrego mis sue\u00f1os y mi libertad<\/em>\u201d. La canci\u00f3n recibi\u00f3 ovaciones y aplausos, pero en nuestra mente qued\u00f3 impresa la violencia de esa frase, que no es otra cosa que la realidad de muchas mujeres. Duele pensar que a luz de la esperanza de nuestros j\u00f3venes, \u00e9stos ya est\u00e9n cargados de relaciones que son c\u00e1rceles. Y \u00e9ste no las desvirt\u00faa.<\/h4>\n<h4>Pero no siendo suficiente entrada la noche hace su intervenci\u00f3n un grupo musical llamado Gremao, Gremio de Maridos Oprimidos, conformado, desde luego, exclusivamente por hombres. Su maravillosa interpretaci\u00f3n musical sobrepas\u00f3 un nombre que, en tono del presentador del evento, result\u00f3 adem\u00e1s de una burla, un acto deliberado de recordaci\u00f3n del machismo incrustado hasta los tu\u00e9tanos en la cultura santandereana. \u00a1Pobres hombres!, l\u00e1stima que las cifras de la violencia intrafamiliar y de pareja en Colombia no los respalde. Ver: <a href=\"http:\/\/www.medicinalegal.gov.co\/documents\/88730\/1656998\/Forensis+Interactivo+2014.24-JULpdf.pdf\/9085ad79-d2a9-4c0d-a17b-f845ab96534b\">Forensis 2014 Datos para la vida, Instituto Nacional de Medicina Legal<\/a><\/h4>\n<div id=\"attachment_412\" style=\"width: 300px\" class=\"wp-caption alignnone\"><a href=\"http:\/\/blogs.vanguardia.com\/mariposas-al-atardecer\/files\/2015\/08\/Mar\u00eda-Cristina-Plata.jpg\"><img loading=\"lazy\" decoding=\"async\" aria-describedby=\"caption-attachment-412\" class=\"wp-image-412 size-medium\" src=\"http:\/\/blogs.vanguardia.com\/mariposas-al-atardecer\/files\/2015\/08\/Mar\u00eda-Cristina-Plata-300x169.jpg\" alt=\"Foto tomada de Youtube. \" width=\"300\" height=\"169\" srcset=\"https:\/\/blogs.vanguardia.com\/mariposas-al-atardecer\/files\/2015\/08\/Mar\u00eda-Cristina-Plata-300x169.jpg 300w, https:\/\/blogs.vanguardia.com\/mariposas-al-atardecer\/files\/2015\/08\/Mar\u00eda-Cristina-Plata-1024x576.jpg 1024w, https:\/\/blogs.vanguardia.com\/mariposas-al-atardecer\/files\/2015\/08\/Mar\u00eda-Cristina-Plata-900x506.jpg 900w, https:\/\/blogs.vanguardia.com\/mariposas-al-atardecer\/files\/2015\/08\/Mar\u00eda-Cristina-Plata.jpg 1920w\" sizes=\"auto, (max-width: 300px) 100vw, 300px\" \/><\/a><p id=\"caption-attachment-412\" class=\"wp-caption-text\">Maria Cristina Plata, una de las invitadas al Festivalito Ruitoque\u00f1o. Foto tomada de Youtube.<\/p><\/div>\n<h4>No obstante, en esta jornada de entretenimiento y de culto a la m\u00fasica, de grupos de hombres de diferentes generaciones que estaban m\u00e1s que presentes, una pregunta fue tomando fuerza, \u00a0\u00bfd\u00f3nde est\u00e1n las mujeres, las m\u00fasicas, las cantantes, las artistas? Probablemente se necesite de una investigaci\u00f3n que de cuenta de esta cuesti\u00f3n y se necesiten a\u00f1os para responderla.<\/h4>\n<h4>Nos surgen distintas hip\u00f3tesis, especulaciones que son legitimas en una cultura asim\u00e9trica especialmente para las mujeres y que denominamos tambi\u00e9n desigualdades de g\u00e9nero.<\/h4>\n<h4>\u00bfSer\u00e1 que la participaci\u00f3n de las mujeres en la m\u00fasica es m\u00e1s numerosa cuando son ni\u00f1as y j\u00f3venes y poco a poco las oportunidades disminuyen cuando son adultas? O por el contrario, \u00bffuimos testigas de la transformaci\u00f3n de las desigualdades de g\u00e9nero de las mujeres en la m\u00fasica con las ni\u00f1as y j\u00f3venes y de los esfuerzos que est\u00e1n realizando la sociedad por eliminar estas desigualdades?<\/h4>\n<h4>Sean cual sean las respuestas, quisimos reflexionar sobre este particular porque hacerse estas preguntas nos ayudan a ser conscientes, de dudar de la realidad que se nos presenta, de incomodarnos con esta realidad y de aspirar a construir una mejor sociedad, por eso se vale so\u00f1ar m\u00e1s mujeres en la escena musical.<\/h4>\n<h4><\/h4>\n<h4>.<\/h4>\n<h4><\/h4>\n<h4><\/h4>\n<h4><\/h4>\n","protected":false},"excerpt":{"rendered":"<p>El Festivalito Ruitoque\u00f1o es un espacio musical de gran tradici\u00f3n en Santander y que cuenta con invitados del g\u00e9nero folcl\u00f3rico de diversas ciudades del pa\u00eds. Seg\u00fan su p\u00e1gina web, \u00abes un encuentro para propiciar espacios culturales de afecto, de interactividad personal, todo alrededor de la cultura, con oportunidades de desarrollo integrales para los int\u00e9rpretes, autores &hellip; <\/p>\n<p><a class=\"more-link btn\" href=\"https:\/\/blogs.vanguardia.com\/mariposas-al-atardecer\/2015\/08\/20\/donde-estan-las-mujeres-en-el-festivalito-ritoqueno\/\">Seguir leyendo<\/a><\/p>\n","protected":false},"author":16,"featured_media":0,"comment_status":"open","ping_status":"open","sticky":false,"template":"","format":"standard","meta":{"ngg_post_thumbnail":0,"_jetpack_memberships_contains_paid_content":false,"footnotes":""},"categories":[1],"tags":[],"class_list":["post-411","post","type-post","status-publish","format-standard","hentry","category-textos_varios","item-wrap"],"aioseo_notices":[],"jetpack_featured_media_url":"","jetpack_sharing_enabled":true,"_links":{"self":[{"href":"https:\/\/blogs.vanguardia.com\/mariposas-al-atardecer\/wp-json\/wp\/v2\/posts\/411","targetHints":{"allow":["GET"]}}],"collection":[{"href":"https:\/\/blogs.vanguardia.com\/mariposas-al-atardecer\/wp-json\/wp\/v2\/posts"}],"about":[{"href":"https:\/\/blogs.vanguardia.com\/mariposas-al-atardecer\/wp-json\/wp\/v2\/types\/post"}],"author":[{"embeddable":true,"href":"https:\/\/blogs.vanguardia.com\/mariposas-al-atardecer\/wp-json\/wp\/v2\/users\/16"}],"replies":[{"embeddable":true,"href":"https:\/\/blogs.vanguardia.com\/mariposas-al-atardecer\/wp-json\/wp\/v2\/comments?post=411"}],"version-history":[{"count":2,"href":"https:\/\/blogs.vanguardia.com\/mariposas-al-atardecer\/wp-json\/wp\/v2\/posts\/411\/revisions"}],"predecessor-version":[{"id":415,"href":"https:\/\/blogs.vanguardia.com\/mariposas-al-atardecer\/wp-json\/wp\/v2\/posts\/411\/revisions\/415"}],"wp:attachment":[{"href":"https:\/\/blogs.vanguardia.com\/mariposas-al-atardecer\/wp-json\/wp\/v2\/media?parent=411"}],"wp:term":[{"taxonomy":"category","embeddable":true,"href":"https:\/\/blogs.vanguardia.com\/mariposas-al-atardecer\/wp-json\/wp\/v2\/categories?post=411"},{"taxonomy":"post_tag","embeddable":true,"href":"https:\/\/blogs.vanguardia.com\/mariposas-al-atardecer\/wp-json\/wp\/v2\/tags?post=411"}],"curies":[{"name":"wp","href":"https:\/\/api.w.org\/{rel}","templated":true}]}}