{"id":366,"date":"2015-04-20T13:51:01","date_gmt":"2015-04-20T18:51:01","guid":{"rendered":"http:\/\/blogs.vanguardia.com\/mariposas-al-atardecer\/?p=366"},"modified":"2015-04-20T13:55:52","modified_gmt":"2015-04-20T18:55:52","slug":"actriz-y-directora-gina-jaimes-por-que-la-carta-a-fernando-vallejo","status":"publish","type":"post","link":"https:\/\/blogs.vanguardia.com\/mariposas-al-atardecer\/2015\/04\/20\/actriz-y-directora-gina-jaimes-por-que-la-carta-a-fernando-vallejo\/","title":{"rendered":"Actriz y directora Gina Jaimes: \u00bfPor qu\u00e9 la carta a Fernando Vallejo?"},"content":{"rendered":"<h3><a href=\"http:\/\/blogs.vanguardia.com\/mariposas-al-atardecer\/files\/2015\/04\/GINA-JAIMES.jpg\"><img loading=\"lazy\" decoding=\"async\" class=\" size-medium wp-image-372 aligncenter\" src=\"http:\/\/blogs.vanguardia.com\/mariposas-al-atardecer\/files\/2015\/04\/GINA-JAIMES-300x153.jpg\" alt=\"GINA JAIMES\" width=\"300\" height=\"153\" srcset=\"https:\/\/blogs.vanguardia.com\/mariposas-al-atardecer\/files\/2015\/04\/GINA-JAIMES-300x153.jpg 300w, https:\/\/blogs.vanguardia.com\/mariposas-al-atardecer\/files\/2015\/04\/GINA-JAIMES-1024x523.jpg 1024w, https:\/\/blogs.vanguardia.com\/mariposas-al-atardecer\/files\/2015\/04\/GINA-JAIMES-900x459.jpg 900w, https:\/\/blogs.vanguardia.com\/mariposas-al-atardecer\/files\/2015\/04\/GINA-JAIMES.jpg 1599w\" sizes=\"auto, (max-width: 300px) 100vw, 300px\" \/><\/a><\/h3>\n<h3><\/h3>\n<h3>La actriz y directora santandereana Gina Jaimes acept\u00f3 una\u00a0entrevista con nosotras para contarnos sobre la controvertida carta que varios artistas j\u00f3venes escribieron en contra de las posturas del escritor Fernando Vallejo y que fue publicada en el portal \u2018Las 2 Orillas\u2019.<\/h3>\n<h3>Pinche para leer la carta:<\/h3>\n<p><a href=\"http:\/\/www.las2orillas.co\/carta-de-jovenes-fernando-vallejo\/\"><img loading=\"lazy\" decoding=\"async\" class=\" size-medium wp-image-367 aligncenter\" src=\"http:\/\/blogs.vanguardia.com\/mariposas-al-atardecer\/files\/2015\/04\/Carta-de-j\u00f3venes-a-Fernando-Vallejo-300x195.jpg\" alt=\"Carta de j\u00f3venes a Fernando Vallejo\" width=\"300\" height=\"195\" srcset=\"https:\/\/blogs.vanguardia.com\/mariposas-al-atardecer\/files\/2015\/04\/Carta-de-j\u00f3venes-a-Fernando-Vallejo-300x195.jpg 300w, https:\/\/blogs.vanguardia.com\/mariposas-al-atardecer\/files\/2015\/04\/Carta-de-j\u00f3venes-a-Fernando-Vallejo-1024x667.jpg 1024w, https:\/\/blogs.vanguardia.com\/mariposas-al-atardecer\/files\/2015\/04\/Carta-de-j\u00f3venes-a-Fernando-Vallejo-900x586.jpg 900w, https:\/\/blogs.vanguardia.com\/mariposas-al-atardecer\/files\/2015\/04\/Carta-de-j\u00f3venes-a-Fernando-Vallejo.jpg 1423w\" sizes=\"auto, (max-width: 300px) 100vw, 300px\" \/><\/a><\/p>\n<p>&nbsp;<\/p>\n<p>&nbsp;<\/p>\n<h2>M\u00e1s sobre Gina Jaimes:<\/h2>\n<p>&nbsp;<\/p>\n<p><a href=\"https:\/\/www.youtube.com\/watch?v=JM85vlWNwjE\"><img loading=\"lazy\" decoding=\"async\" class=\" size-medium wp-image-371 aligncenter\" src=\"http:\/\/blogs.vanguardia.com\/mariposas-al-atardecer\/files\/2015\/04\/GINA-JAIMES-BOOK-300x175.jpg\" alt=\"GINA JAIMES - BOOK\" width=\"300\" height=\"175\" srcset=\"https:\/\/blogs.vanguardia.com\/mariposas-al-atardecer\/files\/2015\/04\/GINA-JAIMES-BOOK-300x175.jpg 300w, https:\/\/blogs.vanguardia.com\/mariposas-al-atardecer\/files\/2015\/04\/GINA-JAIMES-BOOK-1024x598.jpg 1024w, https:\/\/blogs.vanguardia.com\/mariposas-al-atardecer\/files\/2015\/04\/GINA-JAIMES-BOOK-900x526.jpg 900w, https:\/\/blogs.vanguardia.com\/mariposas-al-atardecer\/files\/2015\/04\/GINA-JAIMES-BOOK.jpg 1635w\" sizes=\"auto, (max-width: 300px) 100vw, 300px\" \/><\/a><\/p>\n<h3>Contradictores y fan\u00e1ticos de Vallejo se manifestaron en las redes sociales, muchos de ellos se\u00f1alando que, en cualquier caso, no se comprend\u00eda la iron\u00eda caracter\u00edstica del escritor.<\/h3>\n<h3>La contundencia de los firmantes es clara:<\/h3>\n<blockquote>\n<h2><em>La violencia se estableci\u00f3 tanto en Colombia que ideas expresadas por Vallejo, como la que parece reclamar que se restaure la Ley del Tali\u00f3n aumentada, terminan siendo aplaudidas y alabadas. Es por eso que hoy, m\u00e1s que nunca, es urgente la construcci\u00f3n de la paz con las voces de todas y todos, no como un concepto vac\u00edo sino desde nuestras acciones cotidianas.<\/em><\/h2>\n<h3><\/h3>\n<\/blockquote>\n<h3>Fueron 61 artistas quienes\u00a0plasmaron su nombre al final del texto, entre ellos\u00a0destaca la artista santandereana, quien nos cont\u00f3 por qu\u00e9 y para qu\u00e9 la diatriba, tambi\u00e9n con su toque de sarcasmo, a Fernando Vallejo:<\/h3>\n<blockquote>\n<h2>La intensi\u00f3n es entablar un dialogo. Trascender de la queja, el chisme y la agresi\u00f3n que se solapa en la cr\u00edtica constante. Debemos criticar, \u00a1claro!, pero la cr\u00edtica siempre debe estar acompa\u00f1ada de propuestas, de\u00a0 participaci\u00f3n y reivindicaci\u00f3n. Criticar y proponer es fundamental, pero el mensaje de Vallejo es visceral e impreciso, lleno de contradicciones y odios nada sanos.<\/h2>\n<h2><\/h2>\n<\/blockquote>\n<h3>Gina Jaimes es maestra en artes de la Academia Superior de Artes de Bogot\u00e1, adscrita a la Universidad Distrital, y desde 1996 est\u00e1 dejando su huella en los escenarios del pa\u00eds. Jaimes asegura que su generaci\u00f3n quiere \u201casumir el cambio\u201d y no \u201cesperar a ver qu\u00e9 pasa\u201d.<\/h3>\n<h3>El pasado 6 de abril, Fernando Vallejo se fue lanza en ristre no solo contra los di\u00e1logos de paz de La Habana mientras participaba en la Cumbre Mundial del Arte y la Cultura por la Paz\u00a0tambi\u00e9n hizo hincapi\u00e9 en algunos otros temas espinosos, como la mujer, los ni\u00f1os y los pobres.<\/h3>\n<h3>Pinche para leer las declaraciones de Fernando Vallejo:<\/h3>\n<p><a href=\"http:\/\/www.vanguardia.com\/colombia\/306265-para-fernando-vallejo-las-jornadas-por-la-paz-son-una-farsa\"><img loading=\"lazy\" decoding=\"async\" class=\" size-medium wp-image-368 aligncenter\" src=\"http:\/\/blogs.vanguardia.com\/mariposas-al-atardecer\/files\/2015\/04\/Fernando-Vallejo-Las-jornadas-por-la-paz-son-una-farsa-247x300.jpg\" alt=\"Fernando Vallejo Las jornadas por la paz son una farsa\" width=\"247\" height=\"300\" srcset=\"https:\/\/blogs.vanguardia.com\/mariposas-al-atardecer\/files\/2015\/04\/Fernando-Vallejo-Las-jornadas-por-la-paz-son-una-farsa-247x300.jpg 247w, https:\/\/blogs.vanguardia.com\/mariposas-al-atardecer\/files\/2015\/04\/Fernando-Vallejo-Las-jornadas-por-la-paz-son-una-farsa.jpg 669w\" sizes=\"auto, (max-width: 247px) 100vw, 247px\" \/><\/a><\/p>\n<p>&nbsp;<\/p>\n<h3>M\u00e1s en Semana:<\/h3>\n<h3><a href=\"http:\/\/www.semana.com\/cultura\/articulo\/fernando-vallejo-habla-de-los-dialogos-de-paz-con-las-farc\/423208-3\"><img loading=\"lazy\" decoding=\"async\" class=\" size-medium wp-image-369 aligncenter\" src=\"http:\/\/blogs.vanguardia.com\/mariposas-al-atardecer\/files\/2015\/04\/La-violenta-diatriba-de-Fernando-Vallejo-300x163.jpg\" alt=\"La violenta diatriba de Fernando Vallejo\" width=\"300\" height=\"163\" srcset=\"https:\/\/blogs.vanguardia.com\/mariposas-al-atardecer\/files\/2015\/04\/La-violenta-diatriba-de-Fernando-Vallejo-300x163.jpg 300w, https:\/\/blogs.vanguardia.com\/mariposas-al-atardecer\/files\/2015\/04\/La-violenta-diatriba-de-Fernando-Vallejo-1024x557.jpg 1024w, https:\/\/blogs.vanguardia.com\/mariposas-al-atardecer\/files\/2015\/04\/La-violenta-diatriba-de-Fernando-Vallejo-900x490.jpg 900w, https:\/\/blogs.vanguardia.com\/mariposas-al-atardecer\/files\/2015\/04\/La-violenta-diatriba-de-Fernando-Vallejo.jpg 1651w\" sizes=\"auto, (max-width: 300px) 100vw, 300px\" \/><\/a><\/h3>\n<h3>Sin p\u00e9rdida de tiempo, el escritor encontr\u00f3 defensores y cr\u00edticos.<\/h3>\n<h3>Algunas voces a favor:<\/h3>\n<p>&nbsp;<\/p>\n<p><a href=\"http:\/\/www.semana.com\/opinion\/articulo\/joaquin-robles-zabala-por-que-necesitamos-mas-voces-como-la-de-fernando-vallejo\/423941-3\"><img loading=\"lazy\" decoding=\"async\" class=\" size-medium wp-image-370 aligncenter\" src=\"http:\/\/blogs.vanguardia.com\/mariposas-al-atardecer\/files\/2015\/04\/Por-qu\u00e9-necesitamos-m\u00e1s-voces-como-la-de-Fernando-Vallejo-235x300.jpg\" alt=\"Por qu\u00e9 necesitamos m\u00e1s voces como la de Fernando Vallejo\" width=\"235\" height=\"300\" srcset=\"https:\/\/blogs.vanguardia.com\/mariposas-al-atardecer\/files\/2015\/04\/Por-qu\u00e9-necesitamos-m\u00e1s-voces-como-la-de-Fernando-Vallejo-235x300.jpg 235w, https:\/\/blogs.vanguardia.com\/mariposas-al-atardecer\/files\/2015\/04\/Por-qu\u00e9-necesitamos-m\u00e1s-voces-como-la-de-Fernando-Vallejo.jpg 657w\" sizes=\"auto, (max-width: 235px) 100vw, 235px\" \/><\/a><\/p>\n<p>&nbsp;<\/p>\n<h3>Gina Jaimes explica la sensaci\u00f3n que produjo entre los j\u00f3venes las\u00a0afirmaciones de Fernando Vallejo:<\/h3>\n<blockquote>\n<h2>\u00a0<em>Pienso que somos m\u00e1s los que so\u00f1amos con una paz real, con justicia social, donde haya espacio para todos y todas. Art\u00edculos como el de Alfredo Molano, el de \u00c1lvaro Restrepo o el de Jota Mario dan fe de eso, somos m\u00e1s los que so\u00f1amos con un pa\u00eds distinto y sin guerra. Yo no aplaud\u00ed ni aplaudir\u00e9 el discurso de Vallejo. Me confunde y me duelen mucho los aplausos de las personas cuando Vallejo habla de desnudar a una mujer y electrocutarla. Me sorprende y asusta estar rodeada de gente que celebra de esta manera una barbarie. No est\u00e1 bien hacer da\u00f1o a los animales de ninguna manera, pero tampoco est\u00e1 bien castigar con la muerte y la deshonra. No me sorprende de Vallejo su odio, pues ya es conocido, me sorprende much\u00edsimo del p\u00fablico que aplaude esta barbarie. \u00bfC\u00f3mo es posible que un artista haga un llamado al castigo a los ni\u00f1os? \u00bfA la muerte de una mujer? \u00bfC\u00f3mo es posible que un artista haga un llamado a promover la ley del Tali\u00f3n a la d\u00e9cima potencia? No lo s\u00e9, no me cabe en la cabeza y en cambio si me llena de desconcierto y temor. Hoy me pregunto si el p\u00fablico que aplaudi\u00f3 emocionado la intervenci\u00f3n de Vallejo fue consciente de lo que aplaud\u00eda o solo segu\u00eda el impulso de masa, de psicolog\u00eda colectiva. Castigar a los ni\u00f1os, matar a la mujer, es cobarde; promoverlo en un evento de paz es delirante. Hablar de paz y cortar la esperanza que son nuestros ni\u00f1os y la vitalidad que representan las madres, es un acto reprochable.<\/em><\/h2>\n<p>&nbsp;<\/p>\n<p>&nbsp;<\/p><\/blockquote>\n<p>&nbsp;<\/p>\n<p>&nbsp;<\/p>\n","protected":false},"excerpt":{"rendered":"<p>La actriz y directora santandereana Gina Jaimes acept\u00f3 una\u00a0entrevista con nosotras para contarnos sobre la controvertida carta que varios artistas j\u00f3venes escribieron en contra de las posturas del escritor Fernando Vallejo y que fue publicada en el portal \u2018Las 2 Orillas\u2019. Pinche para leer la carta: &nbsp; &nbsp; M\u00e1s sobre Gina Jaimes: &nbsp; Contradictores y &hellip; <\/p>\n<p><a class=\"more-link btn\" href=\"https:\/\/blogs.vanguardia.com\/mariposas-al-atardecer\/2015\/04\/20\/actriz-y-directora-gina-jaimes-por-que-la-carta-a-fernando-vallejo\/\">Seguir leyendo<\/a><\/p>\n","protected":false},"author":16,"featured_media":0,"comment_status":"open","ping_status":"open","sticky":false,"template":"","format":"standard","meta":{"ngg_post_thumbnail":0,"_jetpack_memberships_contains_paid_content":false,"footnotes":""},"categories":[1],"tags":[],"class_list":["post-366","post","type-post","status-publish","format-standard","hentry","category-textos_varios","item-wrap"],"aioseo_notices":[],"jetpack_featured_media_url":"","jetpack_sharing_enabled":true,"_links":{"self":[{"href":"https:\/\/blogs.vanguardia.com\/mariposas-al-atardecer\/wp-json\/wp\/v2\/posts\/366","targetHints":{"allow":["GET"]}}],"collection":[{"href":"https:\/\/blogs.vanguardia.com\/mariposas-al-atardecer\/wp-json\/wp\/v2\/posts"}],"about":[{"href":"https:\/\/blogs.vanguardia.com\/mariposas-al-atardecer\/wp-json\/wp\/v2\/types\/post"}],"author":[{"embeddable":true,"href":"https:\/\/blogs.vanguardia.com\/mariposas-al-atardecer\/wp-json\/wp\/v2\/users\/16"}],"replies":[{"embeddable":true,"href":"https:\/\/blogs.vanguardia.com\/mariposas-al-atardecer\/wp-json\/wp\/v2\/comments?post=366"}],"version-history":[{"count":5,"href":"https:\/\/blogs.vanguardia.com\/mariposas-al-atardecer\/wp-json\/wp\/v2\/posts\/366\/revisions"}],"predecessor-version":[{"id":377,"href":"https:\/\/blogs.vanguardia.com\/mariposas-al-atardecer\/wp-json\/wp\/v2\/posts\/366\/revisions\/377"}],"wp:attachment":[{"href":"https:\/\/blogs.vanguardia.com\/mariposas-al-atardecer\/wp-json\/wp\/v2\/media?parent=366"}],"wp:term":[{"taxonomy":"category","embeddable":true,"href":"https:\/\/blogs.vanguardia.com\/mariposas-al-atardecer\/wp-json\/wp\/v2\/categories?post=366"},{"taxonomy":"post_tag","embeddable":true,"href":"https:\/\/blogs.vanguardia.com\/mariposas-al-atardecer\/wp-json\/wp\/v2\/tags?post=366"}],"curies":[{"name":"wp","href":"https:\/\/api.w.org\/{rel}","templated":true}]}}