{"id":297,"date":"2014-12-15T10:21:20","date_gmt":"2014-12-15T15:21:20","guid":{"rendered":"http:\/\/blogs.vanguardia.com\/mariposas-al-atardecer\/?p=297"},"modified":"2014-12-15T10:21:20","modified_gmt":"2014-12-15T15:21:20","slug":"maria-susana-peralta-ramon-enfant-terrible-de-la-poesia-santandereana","status":"publish","type":"post","link":"https:\/\/blogs.vanguardia.com\/mariposas-al-atardecer\/2014\/12\/15\/maria-susana-peralta-ramon-enfant-terrible-de-la-poesia-santandereana\/","title":{"rendered":"Mar\u00eda Susana Peralta Ram\u00f3n, enfant terrible de la poes\u00eda santandereana"},"content":{"rendered":"<h3>L&#8217;enfant terrible es una expresi\u00f3n francesa para referirse a ni\u00f1os particularmente ingenuos que hacen preguntas inc\u00f3modas a los adultos. En el caso de la joven poeta de 18 a\u00f1os, Mar\u00eda Susana Peralta Ram\u00f3n, las preguntas que plantea al ser humano en su poes\u00eda est\u00e1n lejos de ser ingenuas, pero s\u00ed est\u00e1n formuladas como para revolverse en el asiento.<\/h3>\n<h3>\u00a1Ah, la juventud!&#8230; Este 2014 podr\u00eda considerarse muy positivo para los j\u00f3venes poetas. Mar\u00eda Susana ocup\u00f3 el primer lugar en el Primer Premio Editorial Zen\u00fa de Poes\u00eda.<\/h3>\n<h3>Dejemos que se presente:<\/h3>\n<div class=\"embed-container\"><iframe loading=\"lazy\" width=\"750\" height=\"422\" src=\"https:\/\/www.youtube.com\/embed\/DEvJjr7XalI?feature=oembed\" frameborder=\"0\" allow=\"accelerometer; autoplay; encrypted-media; gyroscope; picture-in-picture\" allowfullscreen><\/iframe><\/div>\n<h3>Para ver la noticia pinche:<\/h3>\n<p><a href=\"http:\/\/www.editorialzenu.com\/\"><img loading=\"lazy\" decoding=\"async\" class=\"alignnone size-medium wp-image-299\" src=\"http:\/\/blogs.vanguardia.com\/mariposas-al-atardecer\/files\/2014\/12\/Maria-Susana-premio-poesia-Zenu-300x214.jpg\" alt=\"Maria Susana premio poesia Zenu\" width=\"300\" height=\"214\" srcset=\"https:\/\/blogs.vanguardia.com\/mariposas-al-atardecer\/files\/2014\/12\/Maria-Susana-premio-poesia-Zenu-300x214.jpg 300w, https:\/\/blogs.vanguardia.com\/mariposas-al-atardecer\/files\/2014\/12\/Maria-Susana-premio-poesia-Zenu-1024x730.jpg 1024w, https:\/\/blogs.vanguardia.com\/mariposas-al-atardecer\/files\/2014\/12\/Maria-Susana-premio-poesia-Zenu-900x642.jpg 900w, https:\/\/blogs.vanguardia.com\/mariposas-al-atardecer\/files\/2014\/12\/Maria-Susana-premio-poesia-Zenu.jpg 1281w\" sizes=\"auto, (max-width: 300px) 100vw, 300px\" \/><\/a><\/p>\n<h3>Mar\u00eda Susana explica c\u00f3mo se realiz\u00f3 el concurso:<\/h3>\n<p>&nbsp;<\/p>\n<p><a href=\"https:\/\/www.youtube.com\/watch?v=lBHY_luJTts\"><img loading=\"lazy\" decoding=\"async\" class=\"alignnone size-medium wp-image-300\" src=\"http:\/\/blogs.vanguardia.com\/mariposas-al-atardecer\/files\/2014\/12\/Maria-Susana-Peralta-Ramon-c\u00f3mo-se-realiz\u00f3-el-concurso-300x168.jpg\" alt=\"Maria Susana Peralta Ramon, c\u00f3mo se realiz\u00f3 el concurso\" width=\"300\" height=\"168\" srcset=\"https:\/\/blogs.vanguardia.com\/mariposas-al-atardecer\/files\/2014\/12\/Maria-Susana-Peralta-Ramon-c\u00f3mo-se-realiz\u00f3-el-concurso-300x168.jpg 300w, https:\/\/blogs.vanguardia.com\/mariposas-al-atardecer\/files\/2014\/12\/Maria-Susana-Peralta-Ramon-c\u00f3mo-se-realiz\u00f3-el-concurso.jpg 320w\" sizes=\"auto, (max-width: 300px) 100vw, 300px\" \/><\/a><\/p>\n<h3>Adem\u00e1s de estudiar dos carreras, Mar\u00eda Susana Peralta tambi\u00e9n es activista comprometida con el feminismo y la poblaci\u00f3n Lgbti. A continuaci\u00f3n nos cuenta la relaci\u00f3n entre escribir y ser mujer:<\/h3>\n<p><a href=\"https:\/\/www.youtube.com\/watch?v=Viwp9fPBrWY\"><img loading=\"lazy\" decoding=\"async\" class=\"alignnone size-medium wp-image-301\" src=\"http:\/\/blogs.vanguardia.com\/mariposas-al-atardecer\/files\/2014\/12\/Maria-Susana-Peralta-Ramon-escribir-y-ser-mujer-300x168.jpg\" alt=\"Maria Susana Peralta Ramon, escribir y ser mujer\" width=\"300\" height=\"168\" srcset=\"https:\/\/blogs.vanguardia.com\/mariposas-al-atardecer\/files\/2014\/12\/Maria-Susana-Peralta-Ramon-escribir-y-ser-mujer-300x168.jpg 300w, https:\/\/blogs.vanguardia.com\/mariposas-al-atardecer\/files\/2014\/12\/Maria-Susana-Peralta-Ramon-escribir-y-ser-mujer.jpg 320w\" sizes=\"auto, (max-width: 300px) 100vw, 300px\" \/><\/a><\/p>\n<h3>Mar\u00eda Susana naci\u00f3 en la \u00e9poca de los nativos digitales, lo cual le permite estar muy relacionada con la tecnolog\u00eda:<\/h3>\n<div class=\"embed-container\"><iframe loading=\"lazy\" width=\"750\" height=\"422\" src=\"https:\/\/www.youtube.com\/embed\/8y5Iv23AWXA?feature=oembed\" frameborder=\"0\" allow=\"accelerometer; autoplay; encrypted-media; gyroscope; picture-in-picture\" allowfullscreen><\/iframe><\/div>\n<h3>M\u00e1s temprano este a\u00f1o, Mar\u00eda Susana obtuvo tambi\u00e9n el primer puesto en la 1ra edici\u00f3n del concurso de cuento corto organizado por el \u00c1rea Cultural de la Universidad de Santander-UDES.<\/h3>\n<h3>Para ver m\u00e1s de la noticia, pinche:<\/h3>\n<p>&nbsp;<\/p>\n<p><a href=\"http:\/\/udes.edu.co\/comunicaciones\/item\/157-escribir-me-permite-existir\/157-escribir-me-permite-existir.html\"><img loading=\"lazy\" decoding=\"async\" class=\"alignnone size-medium wp-image-303\" src=\"http:\/\/blogs.vanguardia.com\/mariposas-al-atardecer\/files\/2014\/12\/Maria-Susana-Peralta-Ramon-cuento-corto-UDES-300x168.jpg\" alt=\"Maria Susana Peralta Ramon, cuento corto UDES\" width=\"300\" height=\"168\" srcset=\"https:\/\/blogs.vanguardia.com\/mariposas-al-atardecer\/files\/2014\/12\/Maria-Susana-Peralta-Ramon-cuento-corto-UDES-300x168.jpg 300w, https:\/\/blogs.vanguardia.com\/mariposas-al-atardecer\/files\/2014\/12\/Maria-Susana-Peralta-Ramon-cuento-corto-UDES-1024x576.jpg 1024w, https:\/\/blogs.vanguardia.com\/mariposas-al-atardecer\/files\/2014\/12\/Maria-Susana-Peralta-Ramon-cuento-corto-UDES-900x506.jpg 900w, https:\/\/blogs.vanguardia.com\/mariposas-al-atardecer\/files\/2014\/12\/Maria-Susana-Peralta-Ramon-cuento-corto-UDES.jpg 1920w\" sizes=\"auto, (max-width: 300px) 100vw, 300px\" \/><\/a><\/p>\n<h3>Mar\u00eda Susana es muy h\u00e1bil con las palabras y tiene una buena respuesta para casi todo. Trabaja juiciosa en sus pr\u00f3ximos proyectos, as\u00ed que es muy seguro que sigamos escuchando sobre esta poeta en los pr\u00f3ximos a\u00f1os.<\/h3>\n<p>&nbsp;<\/p>\n<h3>\u00a0Les dejamos uno de sus textos:<\/h3>\n<p>&nbsp;<\/p>\n<p><a href=\"http:\/\/blogs.vanguardia.com\/mariposas-al-atardecer\/files\/2014\/12\/10859708_10205690081830255_1915701768_n.jpg\"><img loading=\"lazy\" decoding=\"async\" class=\"alignnone size-medium wp-image-306\" src=\"http:\/\/blogs.vanguardia.com\/mariposas-al-atardecer\/files\/2014\/12\/10859708_10205690081830255_1915701768_n-168x300.jpg\" alt=\"10859708_10205690081830255_1915701768_n\" width=\"168\" height=\"300\" srcset=\"https:\/\/blogs.vanguardia.com\/mariposas-al-atardecer\/files\/2014\/12\/10859708_10205690081830255_1915701768_n-168x300.jpg 168w, https:\/\/blogs.vanguardia.com\/mariposas-al-atardecer\/files\/2014\/12\/10859708_10205690081830255_1915701768_n.jpg 540w\" sizes=\"auto, (max-width: 168px) 100vw, 168px\" \/><\/a><\/p>\n<p>&nbsp;<\/p>\n<p>&nbsp;<\/p>\n<p>&nbsp;<\/p>\n<p>&nbsp;<\/p>\n<p>&nbsp;<\/p>\n","protected":false},"excerpt":{"rendered":"<p>L&#8217;enfant terrible es una expresi\u00f3n francesa para referirse a ni\u00f1os particularmente ingenuos que hacen preguntas inc\u00f3modas a los adultos. En el caso de la joven poeta de 18 a\u00f1os, Mar\u00eda Susana Peralta Ram\u00f3n, las preguntas que plantea al ser humano en su poes\u00eda est\u00e1n lejos de ser ingenuas, pero s\u00ed est\u00e1n formuladas como para revolverse &hellip; <\/p>\n<p><a class=\"more-link btn\" href=\"https:\/\/blogs.vanguardia.com\/mariposas-al-atardecer\/2014\/12\/15\/maria-susana-peralta-ramon-enfant-terrible-de-la-poesia-santandereana\/\">Seguir leyendo<\/a><\/p>\n","protected":false},"author":16,"featured_media":0,"comment_status":"open","ping_status":"open","sticky":false,"template":"","format":"standard","meta":{"ngg_post_thumbnail":0,"_jetpack_memberships_contains_paid_content":false,"footnotes":""},"categories":[1],"tags":[],"class_list":["post-297","post","type-post","status-publish","format-standard","hentry","category-textos_varios","item-wrap"],"aioseo_notices":[],"jetpack_featured_media_url":"","jetpack_sharing_enabled":true,"_links":{"self":[{"href":"https:\/\/blogs.vanguardia.com\/mariposas-al-atardecer\/wp-json\/wp\/v2\/posts\/297","targetHints":{"allow":["GET"]}}],"collection":[{"href":"https:\/\/blogs.vanguardia.com\/mariposas-al-atardecer\/wp-json\/wp\/v2\/posts"}],"about":[{"href":"https:\/\/blogs.vanguardia.com\/mariposas-al-atardecer\/wp-json\/wp\/v2\/types\/post"}],"author":[{"embeddable":true,"href":"https:\/\/blogs.vanguardia.com\/mariposas-al-atardecer\/wp-json\/wp\/v2\/users\/16"}],"replies":[{"embeddable":true,"href":"https:\/\/blogs.vanguardia.com\/mariposas-al-atardecer\/wp-json\/wp\/v2\/comments?post=297"}],"version-history":[{"count":3,"href":"https:\/\/blogs.vanguardia.com\/mariposas-al-atardecer\/wp-json\/wp\/v2\/posts\/297\/revisions"}],"predecessor-version":[{"id":307,"href":"https:\/\/blogs.vanguardia.com\/mariposas-al-atardecer\/wp-json\/wp\/v2\/posts\/297\/revisions\/307"}],"wp:attachment":[{"href":"https:\/\/blogs.vanguardia.com\/mariposas-al-atardecer\/wp-json\/wp\/v2\/media?parent=297"}],"wp:term":[{"taxonomy":"category","embeddable":true,"href":"https:\/\/blogs.vanguardia.com\/mariposas-al-atardecer\/wp-json\/wp\/v2\/categories?post=297"},{"taxonomy":"post_tag","embeddable":true,"href":"https:\/\/blogs.vanguardia.com\/mariposas-al-atardecer\/wp-json\/wp\/v2\/tags?post=297"}],"curies":[{"name":"wp","href":"https:\/\/api.w.org\/{rel}","templated":true}]}}