{"id":267,"date":"2014-10-10T10:48:29","date_gmt":"2014-10-10T15:48:29","guid":{"rendered":"http:\/\/blogs.vanguardia.com\/mariposas-al-atardecer\/?p=267"},"modified":"2014-10-10T13:46:36","modified_gmt":"2014-10-10T18:46:36","slug":"mas-sobre-el-ii-encuentro-internacional-de-poesia","status":"publish","type":"post","link":"https:\/\/blogs.vanguardia.com\/mariposas-al-atardecer\/2014\/10\/10\/mas-sobre-el-ii-encuentro-internacional-de-poesia\/","title":{"rendered":"M\u00e1s sobre el II Encuentro Internacional de Poes\u00eda"},"content":{"rendered":"<h3>Amigos y amigas,<\/h3>\n<h3>Les traemos un post m\u00e1s del II Encuentro Internacional de Poes\u00eda que culmina ma\u00f1ana en Opus 27\u00a0 caf\u00e9 bar (para ver la ubicaci\u00f3n del lugar pinche: <a title=\"Opus Veintisiete Caf\u00e9 \u2013 Bar \" href=\"https:\/\/www.facebook.com\/pages\/Opus-Veintisiete-Caf%C3%A9-Bar\/429969623815082\">Opus Veintisiete Caf\u00e9 \u2013 Bar<\/a>)<\/h3>\n<h3>Estuvimos presentes en la apertura del evento que se realiz\u00f3 el pasado mi\u00e9rcoles y tuvimos la oportunidad de conversar con algunos de los poetas que presentaron su trabajo, entre ellos, la reconocida y admirada poetisa Beatriz Vanegas Ath\u00edas.<\/h3>\n<h3>Beatriz Vanegas Aht\u00edas naci\u00f3 en Majagual, Sucre, en 1970 y fue Premio Nacional de Poes\u00eda Universidad Externado de Colombia, 1993, con el libro \u2018Abriendo las piernas a la carne\u2019, publicado en 1994 por Editorial Lealon, de Medell\u00edn.<\/h3>\n<p>&nbsp;<\/p>\n<div id=\"attachment_270\" style=\"width: 200px\" class=\"wp-caption alignnone\"><a href=\"http:\/\/blogs.vanguardia.com\/mariposas-al-atardecer\/files\/2014\/10\/Beatriz-Vanegas-Ath\u00edas.jpg\"><img loading=\"lazy\" decoding=\"async\" aria-describedby=\"caption-attachment-270\" class=\"wp-image-270 size-medium\" src=\"http:\/\/blogs.vanguardia.com\/mariposas-al-atardecer\/files\/2014\/10\/Beatriz-Vanegas-Ath\u00edas-200x300.jpg\" alt=\"Beatriz Vanegas Ath\u00edas\" width=\"200\" height=\"300\" srcset=\"https:\/\/blogs.vanguardia.com\/mariposas-al-atardecer\/files\/2014\/10\/Beatriz-Vanegas-Ath\u00edas-200x300.jpg 200w, https:\/\/blogs.vanguardia.com\/mariposas-al-atardecer\/files\/2014\/10\/Beatriz-Vanegas-Ath\u00edas.jpg 640w\" sizes=\"auto, (max-width: 200px) 100vw, 200px\" \/><\/a><p id=\"caption-attachment-270\" class=\"wp-caption-text\">Foto p\u00fablica de Facebook.<\/p><\/div>\n<h3>Para conocer m\u00e1s de Beatriz Vanegas Ath\u00edas pinche en su blog:<\/h3>\n<p><a href=\"http:\/\/beatrizvanegasathias.blogspot.com\/\"><img loading=\"lazy\" decoding=\"async\" class=\"alignnone size-medium wp-image-269\" src=\"http:\/\/blogs.vanguardia.com\/mariposas-al-atardecer\/files\/2014\/10\/blog-Beatriz-Vanegas-300x187.jpg\" alt=\"blog Beatriz Vanegas\" width=\"300\" height=\"187\" srcset=\"https:\/\/blogs.vanguardia.com\/mariposas-al-atardecer\/files\/2014\/10\/blog-Beatriz-Vanegas-300x187.jpg 300w, https:\/\/blogs.vanguardia.com\/mariposas-al-atardecer\/files\/2014\/10\/blog-Beatriz-Vanegas-1024x640.jpg 1024w, https:\/\/blogs.vanguardia.com\/mariposas-al-atardecer\/files\/2014\/10\/blog-Beatriz-Vanegas-900x562.jpg 900w, https:\/\/blogs.vanguardia.com\/mariposas-al-atardecer\/files\/2014\/10\/blog-Beatriz-Vanegas.jpg 1680w\" sizes=\"auto, (max-width: 300px) 100vw, 300px\" \/><\/a><\/p>\n<p>&nbsp;<\/p>\n<h3>Cuando termin\u00f3 la lectura de sus textos, varios de ellos escogidos del libro \u2018Con tres heridas yo\u2019 publicado por la editorial Caza de Libros como parte de una antolog\u00eda, le preguntamos acerca de c\u00f3mo ve el espacio que se le abre a la mujer poeta en Colombia:<\/h3>\n<p><a href=\"https:\/\/www.youtube.com\/watch?v=3f94Urekqdk\"><img loading=\"lazy\" decoding=\"async\" class=\"alignnone size-medium wp-image-271\" src=\"http:\/\/blogs.vanguardia.com\/mariposas-al-atardecer\/files\/2014\/10\/Beatriz-Vanegas.-La-mujer-y-la-poes\u00eda.-300x168.jpg\" alt=\"Beatriz Vanegas. La mujer y la poes\u00eda.\" width=\"300\" height=\"168\" srcset=\"https:\/\/blogs.vanguardia.com\/mariposas-al-atardecer\/files\/2014\/10\/Beatriz-Vanegas.-La-mujer-y-la-poes\u00eda.-300x168.jpg 300w, https:\/\/blogs.vanguardia.com\/mariposas-al-atardecer\/files\/2014\/10\/Beatriz-Vanegas.-La-mujer-y-la-poes\u00eda..jpg 320w\" sizes=\"auto, (max-width: 300px) 100vw, 300px\" \/><\/a><\/p>\n<h3>Tambi\u00e9n le preguntamos cu\u00e1les son los temas que est\u00e1n tratando actualmente las mujeres poetas:<\/h3>\n<p><a href=\"https:\/\/www.youtube.com\/watch?v=dwpa4FR4Uh8\"><img loading=\"lazy\" decoding=\"async\" class=\"alignnone size-medium wp-image-272\" src=\"http:\/\/blogs.vanguardia.com\/mariposas-al-atardecer\/files\/2014\/10\/Los-temas-de-las-poetas-300x168.jpg\" alt=\"Los temas de las poetas\" width=\"300\" height=\"168\" srcset=\"https:\/\/blogs.vanguardia.com\/mariposas-al-atardecer\/files\/2014\/10\/Los-temas-de-las-poetas-300x168.jpg 300w, https:\/\/blogs.vanguardia.com\/mariposas-al-atardecer\/files\/2014\/10\/Los-temas-de-las-poetas.jpg 320w\" sizes=\"auto, (max-width: 300px) 100vw, 300px\" \/><\/a><\/p>\n<h3>Para escuchar los textos de Beatriz Vanegas Ath\u00edas pinche: Beatriz Vanegas Ath\u00edas, II Encuentro Internacional de Poes\u00eda Bucaramanga<\/h3>\n<p>&nbsp;<\/p>\n<div id=\"attachment_273\" style=\"width: 300px\" class=\"wp-caption alignnone\"><a href=\"https:\/\/www.youtube.com\/watch?v=iT8xF7v8e34\"><img loading=\"lazy\" decoding=\"async\" aria-describedby=\"caption-attachment-273\" class=\"wp-image-273 size-medium\" src=\"http:\/\/blogs.vanguardia.com\/mariposas-al-atardecer\/files\/2014\/10\/Beatriz-Vanegas-Aht\u00edas.-Foto-de-Facebook.-300x199.jpg\" alt=\"Beatriz Vanegas Aht\u00edas. Foto de Facebook.\" width=\"300\" height=\"199\" srcset=\"https:\/\/blogs.vanguardia.com\/mariposas-al-atardecer\/files\/2014\/10\/Beatriz-Vanegas-Aht\u00edas.-Foto-de-Facebook.-300x199.jpg 300w, https:\/\/blogs.vanguardia.com\/mariposas-al-atardecer\/files\/2014\/10\/Beatriz-Vanegas-Aht\u00edas.-Foto-de-Facebook.-1024x682.jpg 1024w, https:\/\/blogs.vanguardia.com\/mariposas-al-atardecer\/files\/2014\/10\/Beatriz-Vanegas-Aht\u00edas.-Foto-de-Facebook.-900x599.jpg 900w, https:\/\/blogs.vanguardia.com\/mariposas-al-atardecer\/files\/2014\/10\/Beatriz-Vanegas-Aht\u00edas.-Foto-de-Facebook..jpg 2048w\" sizes=\"auto, (max-width: 300px) 100vw, 300px\" \/><\/a><p id=\"caption-attachment-273\" class=\"wp-caption-text\">Foto p\u00fablica de Facebook.<\/p><\/div>\n<h3>Tambi\u00e9n conversamos con la poetisa mexicana Guadalupe Galv\u00e1n:<\/h3>\n<div id=\"attachment_274\" style=\"width: 225px\" class=\"wp-caption alignnone\"><a href=\"http:\/\/blogs.vanguardia.com\/mariposas-al-atardecer\/files\/2014\/10\/Guadalupe-Galvan.jpg\"><img loading=\"lazy\" decoding=\"async\" aria-describedby=\"caption-attachment-274\" class=\"size-medium wp-image-274\" src=\"http:\/\/blogs.vanguardia.com\/mariposas-al-atardecer\/files\/2014\/10\/Guadalupe-Galvan-225x300.jpg\" alt=\"Foto tomada de Internet. \" width=\"225\" height=\"300\" srcset=\"https:\/\/blogs.vanguardia.com\/mariposas-al-atardecer\/files\/2014\/10\/Guadalupe-Galvan-225x300.jpg 225w, https:\/\/blogs.vanguardia.com\/mariposas-al-atardecer\/files\/2014\/10\/Guadalupe-Galvan-768x1024.jpg 768w, https:\/\/blogs.vanguardia.com\/mariposas-al-atardecer\/files\/2014\/10\/Guadalupe-Galvan-900x1200.jpg 900w, https:\/\/blogs.vanguardia.com\/mariposas-al-atardecer\/files\/2014\/10\/Guadalupe-Galvan.jpg 1944w\" sizes=\"auto, (max-width: 225px) 100vw, 225px\" \/><\/a><p id=\"caption-attachment-274\" class=\"wp-caption-text\">Foto tomada de Internet.<\/p><\/div>\n<h3>Guadalupe cree que tanto hombres como mujeres trabajan de manera equilibrada para crear sus textos po\u00e9ticos. Guadalupe habla suave, as\u00ed que agucen el o\u00eddo:<\/h3>\n<p><a href=\"https:\/\/www.youtube.com\/watch?v=Y_lz6b5qDzo\"><img loading=\"lazy\" decoding=\"async\" class=\"alignnone size-medium wp-image-275\" src=\"http:\/\/blogs.vanguardia.com\/mariposas-al-atardecer\/files\/2014\/10\/Guadalupe-Galvan-la-mujer-y-la-poesia-en-M\u00e9xico-300x168.jpg\" alt=\"Guadalupe Galvan, la mujer y la poesia en M\u00e9xico\" width=\"300\" height=\"168\" srcset=\"https:\/\/blogs.vanguardia.com\/mariposas-al-atardecer\/files\/2014\/10\/Guadalupe-Galvan-la-mujer-y-la-poesia-en-M\u00e9xico-300x168.jpg 300w, https:\/\/blogs.vanguardia.com\/mariposas-al-atardecer\/files\/2014\/10\/Guadalupe-Galvan-la-mujer-y-la-poesia-en-M\u00e9xico.jpg 320w\" sizes=\"auto, (max-width: 300px) 100vw, 300px\" \/><\/a><\/p>\n<h3>Guadalupe Galv\u00e1n naci\u00f3 en 1973 en M\u00e9xico y al escucharla, es posible sentirse muy cerca del calor y del desierto, porque sus textos son como historias en verso.<\/h3>\n<h3>Para escuchar a Guadalupe Galv\u00e1n, pinche: Guadalupe Galva\u0301n, II Encuentro Internacional de Poes\u00eda Bucaramanga<\/h3>\n<div id=\"attachment_276\" style=\"width: 225px\" class=\"wp-caption alignnone\"><a href=\"https:\/\/www.youtube.com\/watch?v=uK4qcwBLzLc\"><img loading=\"lazy\" decoding=\"async\" aria-describedby=\"caption-attachment-276\" class=\"size-medium wp-image-276\" src=\"http:\/\/blogs.vanguardia.com\/mariposas-al-atardecer\/files\/2014\/10\/Gudalupe-Galv\u00e1n-225x300.jpg\" alt=\"Foto p\u00fablica de Facebook. \" width=\"225\" height=\"300\" srcset=\"https:\/\/blogs.vanguardia.com\/mariposas-al-atardecer\/files\/2014\/10\/Gudalupe-Galv\u00e1n-225x300.jpg 225w, https:\/\/blogs.vanguardia.com\/mariposas-al-atardecer\/files\/2014\/10\/Gudalupe-Galv\u00e1n.jpg 480w\" sizes=\"auto, (max-width: 225px) 100vw, 225px\" \/><\/a><p id=\"caption-attachment-276\" class=\"wp-caption-text\">Foto p\u00fablica de Facebook.<\/p><\/div>\n<p>&nbsp;<\/p>\n<h3>Otro de nuestros invitados al banquillo es el muy divertido poeta argentino Bruno Di Benedetto. Di Benedetto es alegre y le pone humor negro y algo escatol\u00f3gico a sus textos.<\/h3>\n<p>&nbsp;<\/p>\n<div id=\"attachment_279\" style=\"width: 205px\" class=\"wp-caption alignnone\"><a href=\"http:\/\/blogs.vanguardia.com\/mariposas-al-atardecer\/files\/2014\/10\/Bruno-Di-Benedetto1.jpg\"><img loading=\"lazy\" decoding=\"async\" aria-describedby=\"caption-attachment-279\" class=\"size-medium wp-image-279\" src=\"http:\/\/blogs.vanguardia.com\/mariposas-al-atardecer\/files\/2014\/10\/Bruno-Di-Benedetto1-205x300.jpg\" alt=\"Foto tomada de Internet. \" width=\"205\" height=\"300\" srcset=\"https:\/\/blogs.vanguardia.com\/mariposas-al-atardecer\/files\/2014\/10\/Bruno-Di-Benedetto1-205x300.jpg 205w, https:\/\/blogs.vanguardia.com\/mariposas-al-atardecer\/files\/2014\/10\/Bruno-Di-Benedetto1.jpg 260w\" sizes=\"auto, (max-width: 205px) 100vw, 205px\" \/><\/a><p id=\"caption-attachment-279\" class=\"wp-caption-text\">Foto tomada de Internet.<\/p><\/div>\n<h3>Bruno Di Benedetto naci\u00f3 en Avellaneda, provincia de Buenos Aires en 1955 y desde 1979 reside en Puerto Madryn. Di Benedetto nos cont\u00f3 c\u00f3mo est\u00e1 la movida po\u00e9tica en Argentina y nos divertimos pregunt\u00e1ndole por su conflictiva relaci\u00f3n con la tecnolog\u00eda:<\/h3>\n<p><a href=\"https:\/\/www.youtube.com\/watch?v=eaeGjZwa5t0\"><img loading=\"lazy\" decoding=\"async\" class=\"alignnone size-medium wp-image-280\" src=\"http:\/\/blogs.vanguardia.com\/mariposas-al-atardecer\/files\/2014\/10\/Bruno-di-Benedetto.-La-poes\u00eda-en-Argentina.-300x168.jpg\" alt=\"Bruno di Benedetto. La poes\u00eda en Argentina.\" width=\"300\" height=\"168\" srcset=\"https:\/\/blogs.vanguardia.com\/mariposas-al-atardecer\/files\/2014\/10\/Bruno-di-Benedetto.-La-poes\u00eda-en-Argentina.-300x168.jpg 300w, https:\/\/blogs.vanguardia.com\/mariposas-al-atardecer\/files\/2014\/10\/Bruno-di-Benedetto.-La-poes\u00eda-en-Argentina..jpg 320w\" sizes=\"auto, (max-width: 300px) 100vw, 300px\" \/><\/a><\/p>\n<h3>Para adentrarse un poco m\u00e1s en la poes\u00eda de Bruno Di Benedetto, pinche: <a title=\"Bruno Di Benedetto. II Encuentro Internacional de Poes\u00eda. \" href=\"https:\/\/www.youtube.com\/watch?v=8hsZiEt07G8\">Bruno Di Benedetto, II Encuentro Internacional de Poes\u00eda Bucaramanga:<\/a><\/h3>\n<div id=\"attachment_281\" style=\"width: 300px\" class=\"wp-caption alignnone\"><a href=\"https:\/\/www.youtube.com\/watch?v=8hsZiEt07G8\"><img loading=\"lazy\" decoding=\"async\" aria-describedby=\"caption-attachment-281\" class=\"wp-image-281 size-medium\" src=\"http:\/\/blogs.vanguardia.com\/mariposas-al-atardecer\/files\/2014\/10\/Bruno-Di-Benedetto2-300x225.jpg\" alt=\"Foto p\u00fablica de Facebook. \" width=\"300\" height=\"225\" srcset=\"https:\/\/blogs.vanguardia.com\/mariposas-al-atardecer\/files\/2014\/10\/Bruno-Di-Benedetto2-300x225.jpg 300w, https:\/\/blogs.vanguardia.com\/mariposas-al-atardecer\/files\/2014\/10\/Bruno-Di-Benedetto2-1024x768.jpg 1024w, https:\/\/blogs.vanguardia.com\/mariposas-al-atardecer\/files\/2014\/10\/Bruno-Di-Benedetto2-900x675.jpg 900w, https:\/\/blogs.vanguardia.com\/mariposas-al-atardecer\/files\/2014\/10\/Bruno-Di-Benedetto2.jpg 2048w\" sizes=\"auto, (max-width: 300px) 100vw, 300px\" \/><\/a><p id=\"caption-attachment-281\" class=\"wp-caption-text\">Foto p\u00fablica de Facebook.<\/p><\/div>\n<h3>Finalmente, pero no menos importante hablamos con el poeta Henry G\u00f3mez:<\/h3>\n<div id=\"attachment_282\" style=\"width: 236px\" class=\"wp-caption alignnone\"><a href=\"http:\/\/blogs.vanguardia.com\/mariposas-al-atardecer\/files\/2014\/10\/Henry-G\u00f3mez.jpg\"><img loading=\"lazy\" decoding=\"async\" aria-describedby=\"caption-attachment-282\" class=\"size-medium wp-image-282\" src=\"http:\/\/blogs.vanguardia.com\/mariposas-al-atardecer\/files\/2014\/10\/Henry-G\u00f3mez-236x300.jpg\" alt=\"Foto p\u00fablica de Facebook. \" width=\"236\" height=\"300\" srcset=\"https:\/\/blogs.vanguardia.com\/mariposas-al-atardecer\/files\/2014\/10\/Henry-G\u00f3mez-236x300.jpg 236w, https:\/\/blogs.vanguardia.com\/mariposas-al-atardecer\/files\/2014\/10\/Henry-G\u00f3mez.jpg 410w\" sizes=\"auto, (max-width: 236px) 100vw, 236px\" \/><\/a><p id=\"caption-attachment-282\" class=\"wp-caption-text\">Foto p\u00fablica de Facebook.<\/p><\/div>\n<h3>Henry nos cont\u00f3 sobre la poes\u00eda hoy y nos dio, adem\u00e1s, una buena clase de rock and roll:<\/h3>\n<p><a href=\"https:\/\/www.youtube.com\/watch?v=k4dekOSB9qw\"><img loading=\"lazy\" decoding=\"async\" class=\"alignnone size-medium wp-image-283\" src=\"http:\/\/blogs.vanguardia.com\/mariposas-al-atardecer\/files\/2014\/10\/Henry-G\u00f3mez.-Poes\u00eda-y-rock-300x168.jpg\" alt=\"Henry G\u00f3mez. Poes\u00eda y rock\" width=\"300\" height=\"168\" srcset=\"https:\/\/blogs.vanguardia.com\/mariposas-al-atardecer\/files\/2014\/10\/Henry-G\u00f3mez.-Poes\u00eda-y-rock-300x168.jpg 300w, https:\/\/blogs.vanguardia.com\/mariposas-al-atardecer\/files\/2014\/10\/Henry-G\u00f3mez.-Poes\u00eda-y-rock.jpg 320w\" sizes=\"auto, (max-width: 300px) 100vw, 300px\" \/><\/a><\/p>\n<h3>Para conocer m\u00e1s de la poes\u00eda de Henry G\u00f3mez, pinche: Henry A G\u00f3mez, II Encuentro Internacional de Poes\u00eda Bucaramanga:<\/h3>\n<div id=\"attachment_284\" style=\"width: 300px\" class=\"wp-caption alignnone\"><a href=\"https:\/\/www.youtube.com\/watch?v=_ErZ7oI121s\"><img loading=\"lazy\" decoding=\"async\" aria-describedby=\"caption-attachment-284\" class=\"size-medium wp-image-284\" src=\"http:\/\/blogs.vanguardia.com\/mariposas-al-atardecer\/files\/2014\/10\/Henry-Gomez-300x188.jpg\" alt=\"Foto p\u00fablica de Facebook. \" width=\"300\" height=\"188\" srcset=\"https:\/\/blogs.vanguardia.com\/mariposas-al-atardecer\/files\/2014\/10\/Henry-Gomez-300x188.jpg 300w, https:\/\/blogs.vanguardia.com\/mariposas-al-atardecer\/files\/2014\/10\/Henry-Gomez.jpg 664w\" sizes=\"auto, (max-width: 300px) 100vw, 300px\" \/><\/a><p id=\"caption-attachment-284\" class=\"wp-caption-text\">Foto p\u00fablica de Facebook.<\/p><\/div>\n<h3>Pd: Agrademos especialmente a nuestro cineasta\u00a0Wilson Lizcano, m\u00e1s conocido como Jagger. Un viejo amigo de la casa.<\/h3>\n<p><a href=\"http:\/\/blogs.vanguardia.com\/mariposas-al-atardecer\/files\/2014\/10\/Will-Jagger-Lizcano.jpg\"><img loading=\"lazy\" decoding=\"async\" class=\"alignnone size-full wp-image-285\" src=\"http:\/\/blogs.vanguardia.com\/mariposas-al-atardecer\/files\/2014\/10\/Will-Jagger-Lizcano.jpg\" alt=\"Will Jagger Lizcano\" width=\"266\" height=\"266\" srcset=\"https:\/\/blogs.vanguardia.com\/mariposas-al-atardecer\/files\/2014\/10\/Will-Jagger-Lizcano.jpg 266w, https:\/\/blogs.vanguardia.com\/mariposas-al-atardecer\/files\/2014\/10\/Will-Jagger-Lizcano-150x150.jpg 150w, https:\/\/blogs.vanguardia.com\/mariposas-al-atardecer\/files\/2014\/10\/Will-Jagger-Lizcano-144x144.jpg 144w\" sizes=\"auto, (max-width: 266px) 100vw, 266px\" \/><\/a><\/p>\n","protected":false},"excerpt":{"rendered":"<p>Amigos y amigas, Les traemos un post m\u00e1s del II Encuentro Internacional de Poes\u00eda que culmina ma\u00f1ana en Opus 27\u00a0 caf\u00e9 bar (para ver la ubicaci\u00f3n del lugar pinche: Opus Veintisiete Caf\u00e9 \u2013 Bar) Estuvimos presentes en la apertura del evento que se realiz\u00f3 el pasado mi\u00e9rcoles y tuvimos la oportunidad de conversar con algunos &hellip; <\/p>\n<p><a class=\"more-link btn\" href=\"https:\/\/blogs.vanguardia.com\/mariposas-al-atardecer\/2014\/10\/10\/mas-sobre-el-ii-encuentro-internacional-de-poesia\/\">Seguir leyendo<\/a><\/p>\n","protected":false},"author":16,"featured_media":0,"comment_status":"open","ping_status":"open","sticky":false,"template":"","format":"standard","meta":{"ngg_post_thumbnail":0,"_jetpack_memberships_contains_paid_content":false,"footnotes":""},"categories":[1],"tags":[],"class_list":["post-267","post","type-post","status-publish","format-standard","hentry","category-textos_varios","item-wrap"],"aioseo_notices":[],"jetpack_featured_media_url":"","jetpack_sharing_enabled":true,"_links":{"self":[{"href":"https:\/\/blogs.vanguardia.com\/mariposas-al-atardecer\/wp-json\/wp\/v2\/posts\/267","targetHints":{"allow":["GET"]}}],"collection":[{"href":"https:\/\/blogs.vanguardia.com\/mariposas-al-atardecer\/wp-json\/wp\/v2\/posts"}],"about":[{"href":"https:\/\/blogs.vanguardia.com\/mariposas-al-atardecer\/wp-json\/wp\/v2\/types\/post"}],"author":[{"embeddable":true,"href":"https:\/\/blogs.vanguardia.com\/mariposas-al-atardecer\/wp-json\/wp\/v2\/users\/16"}],"replies":[{"embeddable":true,"href":"https:\/\/blogs.vanguardia.com\/mariposas-al-atardecer\/wp-json\/wp\/v2\/comments?post=267"}],"version-history":[{"count":3,"href":"https:\/\/blogs.vanguardia.com\/mariposas-al-atardecer\/wp-json\/wp\/v2\/posts\/267\/revisions"}],"predecessor-version":[{"id":287,"href":"https:\/\/blogs.vanguardia.com\/mariposas-al-atardecer\/wp-json\/wp\/v2\/posts\/267\/revisions\/287"}],"wp:attachment":[{"href":"https:\/\/blogs.vanguardia.com\/mariposas-al-atardecer\/wp-json\/wp\/v2\/media?parent=267"}],"wp:term":[{"taxonomy":"category","embeddable":true,"href":"https:\/\/blogs.vanguardia.com\/mariposas-al-atardecer\/wp-json\/wp\/v2\/categories?post=267"},{"taxonomy":"post_tag","embeddable":true,"href":"https:\/\/blogs.vanguardia.com\/mariposas-al-atardecer\/wp-json\/wp\/v2\/tags?post=267"}],"curies":[{"name":"wp","href":"https:\/\/api.w.org\/{rel}","templated":true}]}}