{"id":107,"date":"2014-08-16T14:25:30","date_gmt":"2014-08-16T19:25:30","guid":{"rendered":"http:\/\/blogs.vanguardia.com\/mariposas-al-atardecer\/?p=107"},"modified":"2014-08-16T14:25:30","modified_gmt":"2014-08-16T19:25:30","slug":"nos-pusimos-feroces","status":"publish","type":"post","link":"https:\/\/blogs.vanguardia.com\/mariposas-al-atardecer\/2014\/08\/16\/nos-pusimos-feroces\/","title":{"rendered":"\u00a1Nos pusimos feroces!"},"content":{"rendered":"<h4>Despu\u00e9s de unos d\u00edas de procrastinaci\u00f3n, regresamos con una visita a la feria de dise\u00f1o independiente La Feroz, una idea que busca que estos j\u00f3venes creativos se den a conocer en la ciudad. La feria se est\u00e1 realizando en la calle 42 con carretera 35 esquina, donde antes quedaba La Casa Rosada y hoy queda el restaurante Le Bristot, que apoya la iniciativa. Charlamos con Silvia Juliana Fern\u00e1ndez, impulsora de la idea, con los amigos de Plut\u00f3n Dise\u00f1os y La Disquera. Y hasta nos encontramos con Rosita Rosas Rosales, pero no nos quiso posar para la c\u00e1mara.<\/h4>\n<h4>Disfruten.<\/h4>\n<h4><\/h4>\n<h5><strong>Pd: Se avecina una entrevista con la poeta Angye Garona, as\u00ed que pilas.<\/strong><\/h5>\n<p>&nbsp;<\/p>\n<h3>\u00a0La feroz:<\/h3>\n<h5><strong>Silvia Juliana Fern\u00e1ndez nos coment\u00f3 c\u00f3mo naci\u00f3 la idea:\u00a0<\/strong><\/h5>\n<p>Vea el v\u00eddeo:<\/p>\n<p><a href=\"http:\/\/youtu.be\/sfj6XR-kNzg\">Silvia Juliana Fern\u00e1ndez, feria de dise\u00f1o La Feroz<\/a><\/p>\n<p>&nbsp;<\/p>\n<p><strong>En un recorrido por la feria nos encontramos con Dise\u00f1o Plut\u00f3n. Gatos por doquier. Y otras maricaditas.\u00a0<\/strong><\/p>\n<p>Vea el v\u00eddeo:<\/p>\n<p><a href=\"http:\/\/youtu.be\/Q6pBvLhiGoc\">Dise\u00f1os y Maricaditas Plut\u00f3n<\/a><\/p>\n\n\t\t<style type=\"text\/css\">\n\t\t\t#gallery-1 {\n\t\t\t\tmargin: auto;\n\t\t\t}\n\t\t\t#gallery-1 .gallery-item {\n\t\t\t\tfloat: left;\n\t\t\t\tmargin-top: 10px;\n\t\t\t\ttext-align: center;\n\t\t\t\twidth: 33%;\n\t\t\t}\n\t\t\t#gallery-1 img {\n\t\t\t\tborder: 2px solid #cfcfcf;\n\t\t\t}\n\t\t\t#gallery-1 .gallery-caption {\n\t\t\t\tmargin-left: 0;\n\t\t\t}\n\t\t\t\/* see gallery_shortcode() in wp-includes\/media.php *\/\n\t\t<\/style>\n\t\t<div id='gallery-1' class='gallery galleryid-107 gallery-columns-3 gallery-size-thumbnail'><dl class='gallery-item'>\n\t\t\t<dt class='gallery-icon portrait'>\n\t\t\t\t<a href='https:\/\/blogs.vanguardia.com\/mariposas-al-atardecer\/2014\/08\/16\/nos-pusimos-feroces\/img_20140816_123021\/'><img loading=\"lazy\" decoding=\"async\" width=\"150\" height=\"150\" src=\"https:\/\/blogs.vanguardia.com\/mariposas-al-atardecer\/files\/2014\/08\/IMG_20140816_123021-150x150.jpg\" class=\"attachment-thumbnail size-thumbnail\" alt=\"\" srcset=\"https:\/\/blogs.vanguardia.com\/mariposas-al-atardecer\/files\/2014\/08\/IMG_20140816_123021-150x150.jpg 150w, https:\/\/blogs.vanguardia.com\/mariposas-al-atardecer\/files\/2014\/08\/IMG_20140816_123021-144x144.jpg 144w\" sizes=\"auto, (max-width: 150px) 100vw, 150px\" \/><\/a>\n\t\t\t<\/dt><\/dl><dl class='gallery-item'>\n\t\t\t<dt class='gallery-icon portrait'>\n\t\t\t\t<a href='https:\/\/blogs.vanguardia.com\/mariposas-al-atardecer\/2014\/08\/16\/nos-pusimos-feroces\/img_20140816_123016\/'><img loading=\"lazy\" decoding=\"async\" width=\"150\" height=\"150\" src=\"https:\/\/blogs.vanguardia.com\/mariposas-al-atardecer\/files\/2014\/08\/IMG_20140816_123016-150x150.jpg\" class=\"attachment-thumbnail size-thumbnail\" alt=\"\" srcset=\"https:\/\/blogs.vanguardia.com\/mariposas-al-atardecer\/files\/2014\/08\/IMG_20140816_123016-150x150.jpg 150w, https:\/\/blogs.vanguardia.com\/mariposas-al-atardecer\/files\/2014\/08\/IMG_20140816_123016-144x144.jpg 144w\" sizes=\"auto, (max-width: 150px) 100vw, 150px\" \/><\/a>\n\t\t\t<\/dt><\/dl><dl class='gallery-item'>\n\t\t\t<dt class='gallery-icon portrait'>\n\t\t\t\t<a href='https:\/\/blogs.vanguardia.com\/mariposas-al-atardecer\/2014\/08\/16\/nos-pusimos-feroces\/img_20140816_123023\/'><img loading=\"lazy\" decoding=\"async\" width=\"150\" height=\"150\" src=\"https:\/\/blogs.vanguardia.com\/mariposas-al-atardecer\/files\/2014\/08\/IMG_20140816_123023-150x150.jpg\" class=\"attachment-thumbnail size-thumbnail\" alt=\"\" srcset=\"https:\/\/blogs.vanguardia.com\/mariposas-al-atardecer\/files\/2014\/08\/IMG_20140816_123023-150x150.jpg 150w, https:\/\/blogs.vanguardia.com\/mariposas-al-atardecer\/files\/2014\/08\/IMG_20140816_123023-144x144.jpg 144w\" sizes=\"auto, (max-width: 150px) 100vw, 150px\" \/><\/a>\n\t\t\t<\/dt><\/dl><br style=\"clear: both\" \/>\n\t\t<\/div>\n\n<p>&nbsp;<\/p>\n<p><strong>Los creativos de La Disquera nos contaron adem\u00e1s de sus dise\u00f1os hacen decoraci\u00f3n de interiores. Laura Caballero Castro nos cont\u00f3 acerca de su idea de trabajar con discos de acetato.\u00a0<\/strong><\/p>\n<p>Vea el v\u00eddeo:<\/p>\n<p><a href=\"http:\/\/youtu.be\/IBTGFoiZYzI\">La disquera<\/a><\/p>\n<div id=\"attachment_116\" style=\"width: 300px\" class=\"wp-caption alignnone\"><a href=\"http:\/\/blogs.vanguardia.com\/mariposas-al-atardecer\/files\/2014\/08\/IMG_20140816_121040.jpg\"><img loading=\"lazy\" decoding=\"async\" aria-describedby=\"caption-attachment-116\" class=\"size-medium wp-image-116\" src=\"http:\/\/blogs.vanguardia.com\/mariposas-al-atardecer\/files\/2014\/08\/IMG_20140816_121040-300x225.jpg\" alt=\"La Disquera. \" width=\"300\" height=\"225\" srcset=\"https:\/\/blogs.vanguardia.com\/mariposas-al-atardecer\/files\/2014\/08\/IMG_20140816_121040-300x225.jpg 300w, https:\/\/blogs.vanguardia.com\/mariposas-al-atardecer\/files\/2014\/08\/IMG_20140816_121040-1024x768.jpg 1024w, https:\/\/blogs.vanguardia.com\/mariposas-al-atardecer\/files\/2014\/08\/IMG_20140816_121040-900x675.jpg 900w\" sizes=\"auto, (max-width: 300px) 100vw, 300px\" \/><\/a><p id=\"caption-attachment-116\" class=\"wp-caption-text\">Lucia Caballero Castro, Laura Caballero Castro y Fabi\u00e1n Ardila Portilla.<\/p><\/div>\n<p><strong>En la feria tambi\u00e9n se presentar\u00e1 el m\u00fasico franc\u00e9s Cl\u00e9ment y m\u00e1s m\u00fasica en vivo.\u00a0<\/strong><\/p>\n<p>&nbsp;<\/p>\n<h4>\u00a0M\u00e1s fotos:<\/h4>\n\n\t\t<style type=\"text\/css\">\n\t\t\t#gallery-2 {\n\t\t\t\tmargin: auto;\n\t\t\t}\n\t\t\t#gallery-2 .gallery-item {\n\t\t\t\tfloat: left;\n\t\t\t\tmargin-top: 10px;\n\t\t\t\ttext-align: center;\n\t\t\t\twidth: 33%;\n\t\t\t}\n\t\t\t#gallery-2 img {\n\t\t\t\tborder: 2px solid #cfcfcf;\n\t\t\t}\n\t\t\t#gallery-2 .gallery-caption {\n\t\t\t\tmargin-left: 0;\n\t\t\t}\n\t\t\t\/* see gallery_shortcode() in wp-includes\/media.php *\/\n\t\t<\/style>\n\t\t<div id='gallery-2' class='gallery galleryid-107 gallery-columns-3 gallery-size-thumbnail'><dl class='gallery-item'>\n\t\t\t<dt class='gallery-icon portrait'>\n\t\t\t\t<a href='https:\/\/blogs.vanguardia.com\/mariposas-al-atardecer\/2014\/08\/16\/nos-pusimos-feroces\/img_20140816_123117\/'><img loading=\"lazy\" decoding=\"async\" width=\"150\" height=\"150\" src=\"https:\/\/blogs.vanguardia.com\/mariposas-al-atardecer\/files\/2014\/08\/IMG_20140816_123117-150x150.jpg\" class=\"attachment-thumbnail size-thumbnail\" alt=\"\" srcset=\"https:\/\/blogs.vanguardia.com\/mariposas-al-atardecer\/files\/2014\/08\/IMG_20140816_123117-150x150.jpg 150w, https:\/\/blogs.vanguardia.com\/mariposas-al-atardecer\/files\/2014\/08\/IMG_20140816_123117-144x144.jpg 144w\" sizes=\"auto, (max-width: 150px) 100vw, 150px\" \/><\/a>\n\t\t\t<\/dt><\/dl><dl class='gallery-item'>\n\t\t\t<dt class='gallery-icon portrait'>\n\t\t\t\t<a href='https:\/\/blogs.vanguardia.com\/mariposas-al-atardecer\/2014\/08\/16\/nos-pusimos-feroces\/img_20140816_122230\/'><img loading=\"lazy\" decoding=\"async\" width=\"150\" height=\"150\" src=\"https:\/\/blogs.vanguardia.com\/mariposas-al-atardecer\/files\/2014\/08\/IMG_20140816_122230-150x150.jpg\" class=\"attachment-thumbnail size-thumbnail\" alt=\"\" srcset=\"https:\/\/blogs.vanguardia.com\/mariposas-al-atardecer\/files\/2014\/08\/IMG_20140816_122230-150x150.jpg 150w, https:\/\/blogs.vanguardia.com\/mariposas-al-atardecer\/files\/2014\/08\/IMG_20140816_122230-144x144.jpg 144w\" sizes=\"auto, (max-width: 150px) 100vw, 150px\" \/><\/a>\n\t\t\t<\/dt><\/dl><dl class='gallery-item'>\n\t\t\t<dt class='gallery-icon landscape'>\n\t\t\t\t<a href='https:\/\/blogs.vanguardia.com\/mariposas-al-atardecer\/2014\/08\/16\/nos-pusimos-feroces\/img_20140816_121847\/'><img loading=\"lazy\" decoding=\"async\" width=\"150\" height=\"150\" src=\"https:\/\/blogs.vanguardia.com\/mariposas-al-atardecer\/files\/2014\/08\/IMG_20140816_121847-150x150.jpg\" class=\"attachment-thumbnail size-thumbnail\" alt=\"\" srcset=\"https:\/\/blogs.vanguardia.com\/mariposas-al-atardecer\/files\/2014\/08\/IMG_20140816_121847-150x150.jpg 150w, https:\/\/blogs.vanguardia.com\/mariposas-al-atardecer\/files\/2014\/08\/IMG_20140816_121847-144x144.jpg 144w\" sizes=\"auto, (max-width: 150px) 100vw, 150px\" \/><\/a>\n\t\t\t<\/dt><\/dl><br style=\"clear: both\" \/><dl class='gallery-item'>\n\t\t\t<dt class='gallery-icon portrait'>\n\t\t\t\t<a href='https:\/\/blogs.vanguardia.com\/mariposas-al-atardecer\/2014\/08\/16\/nos-pusimos-feroces\/img_20140816_121924\/'><img loading=\"lazy\" decoding=\"async\" width=\"150\" height=\"150\" src=\"https:\/\/blogs.vanguardia.com\/mariposas-al-atardecer\/files\/2014\/08\/IMG_20140816_121924-150x150.jpg\" class=\"attachment-thumbnail size-thumbnail\" alt=\"\" srcset=\"https:\/\/blogs.vanguardia.com\/mariposas-al-atardecer\/files\/2014\/08\/IMG_20140816_121924-150x150.jpg 150w, https:\/\/blogs.vanguardia.com\/mariposas-al-atardecer\/files\/2014\/08\/IMG_20140816_121924-144x144.jpg 144w\" sizes=\"auto, (max-width: 150px) 100vw, 150px\" \/><\/a>\n\t\t\t<\/dt><\/dl><dl class='gallery-item'>\n\t\t\t<dt class='gallery-icon portrait'>\n\t\t\t\t<a href='https:\/\/blogs.vanguardia.com\/mariposas-al-atardecer\/2014\/08\/16\/nos-pusimos-feroces\/img_20140816_123021\/'><img loading=\"lazy\" decoding=\"async\" width=\"150\" height=\"150\" src=\"https:\/\/blogs.vanguardia.com\/mariposas-al-atardecer\/files\/2014\/08\/IMG_20140816_123021-150x150.jpg\" class=\"attachment-thumbnail size-thumbnail\" alt=\"\" srcset=\"https:\/\/blogs.vanguardia.com\/mariposas-al-atardecer\/files\/2014\/08\/IMG_20140816_123021-150x150.jpg 150w, https:\/\/blogs.vanguardia.com\/mariposas-al-atardecer\/files\/2014\/08\/IMG_20140816_123021-144x144.jpg 144w\" sizes=\"auto, (max-width: 150px) 100vw, 150px\" \/><\/a>\n\t\t\t<\/dt><\/dl><dl class='gallery-item'>\n\t\t\t<dt class='gallery-icon portrait'>\n\t\t\t\t<a href='https:\/\/blogs.vanguardia.com\/mariposas-al-atardecer\/2014\/08\/16\/nos-pusimos-feroces\/img_20140816_121914\/'><img loading=\"lazy\" decoding=\"async\" width=\"150\" height=\"150\" src=\"https:\/\/blogs.vanguardia.com\/mariposas-al-atardecer\/files\/2014\/08\/IMG_20140816_121914-150x150.jpg\" class=\"attachment-thumbnail size-thumbnail\" alt=\"\" srcset=\"https:\/\/blogs.vanguardia.com\/mariposas-al-atardecer\/files\/2014\/08\/IMG_20140816_121914-150x150.jpg 150w, https:\/\/blogs.vanguardia.com\/mariposas-al-atardecer\/files\/2014\/08\/IMG_20140816_121914-144x144.jpg 144w\" sizes=\"auto, (max-width: 150px) 100vw, 150px\" \/><\/a>\n\t\t\t<\/dt><\/dl><br style=\"clear: both\" \/><dl class='gallery-item'>\n\t\t\t<dt class='gallery-icon landscape'>\n\t\t\t\t<a href='https:\/\/blogs.vanguardia.com\/mariposas-al-atardecer\/2014\/08\/16\/nos-pusimos-feroces\/img_20140816_121842\/'><img loading=\"lazy\" decoding=\"async\" width=\"150\" height=\"150\" src=\"https:\/\/blogs.vanguardia.com\/mariposas-al-atardecer\/files\/2014\/08\/IMG_20140816_121842-150x150.jpg\" class=\"attachment-thumbnail size-thumbnail\" alt=\"\" srcset=\"https:\/\/blogs.vanguardia.com\/mariposas-al-atardecer\/files\/2014\/08\/IMG_20140816_121842-150x150.jpg 150w, https:\/\/blogs.vanguardia.com\/mariposas-al-atardecer\/files\/2014\/08\/IMG_20140816_121842-144x144.jpg 144w\" sizes=\"auto, (max-width: 150px) 100vw, 150px\" \/><\/a>\n\t\t\t<\/dt><\/dl><dl class='gallery-item'>\n\t\t\t<dt class='gallery-icon portrait'>\n\t\t\t\t<a href='https:\/\/blogs.vanguardia.com\/mariposas-al-atardecer\/2014\/08\/16\/nos-pusimos-feroces\/img_20140816_121714\/'><img loading=\"lazy\" decoding=\"async\" width=\"150\" height=\"150\" src=\"https:\/\/blogs.vanguardia.com\/mariposas-al-atardecer\/files\/2014\/08\/IMG_20140816_121714-150x150.jpg\" class=\"attachment-thumbnail size-thumbnail\" alt=\"\" aria-describedby=\"gallery-2-125\" srcset=\"https:\/\/blogs.vanguardia.com\/mariposas-al-atardecer\/files\/2014\/08\/IMG_20140816_121714-150x150.jpg 150w, https:\/\/blogs.vanguardia.com\/mariposas-al-atardecer\/files\/2014\/08\/IMG_20140816_121714-144x144.jpg 144w\" sizes=\"auto, (max-width: 150px) 100vw, 150px\" \/><\/a>\n\t\t\t<\/dt>\n\t\t\t\t<dd class='wp-caption-text gallery-caption' id='gallery-2-125'>\n\t\t\t\tRoper\u00eda Hindukush\nroper\u00eda.hindukush@gmail.com\n\t\t\t\t<\/dd><\/dl>\n\t\t\t<br style='clear: both' \/>\n\t\t<\/div>\n\n","protected":false},"excerpt":{"rendered":"<p>Despu\u00e9s de unos d\u00edas de procrastinaci\u00f3n, regresamos con una visita a la feria de dise\u00f1o independiente La Feroz, una idea que busca que estos j\u00f3venes creativos se den a conocer en la ciudad. La feria se est\u00e1 realizando en la calle 42 con carretera 35 esquina, donde antes quedaba La Casa Rosada y hoy queda &hellip; <\/p>\n<p><a class=\"more-link btn\" href=\"https:\/\/blogs.vanguardia.com\/mariposas-al-atardecer\/2014\/08\/16\/nos-pusimos-feroces\/\">Seguir leyendo<\/a><\/p>\n","protected":false},"author":16,"featured_media":0,"comment_status":"open","ping_status":"open","sticky":false,"template":"","format":"standard","meta":{"ngg_post_thumbnail":0,"_jetpack_memberships_contains_paid_content":false,"footnotes":""},"categories":[1],"tags":[],"class_list":["post-107","post","type-post","status-publish","format-standard","hentry","category-textos_varios","item-wrap"],"aioseo_notices":[],"jetpack_featured_media_url":"","jetpack_sharing_enabled":true,"_links":{"self":[{"href":"https:\/\/blogs.vanguardia.com\/mariposas-al-atardecer\/wp-json\/wp\/v2\/posts\/107","targetHints":{"allow":["GET"]}}],"collection":[{"href":"https:\/\/blogs.vanguardia.com\/mariposas-al-atardecer\/wp-json\/wp\/v2\/posts"}],"about":[{"href":"https:\/\/blogs.vanguardia.com\/mariposas-al-atardecer\/wp-json\/wp\/v2\/types\/post"}],"author":[{"embeddable":true,"href":"https:\/\/blogs.vanguardia.com\/mariposas-al-atardecer\/wp-json\/wp\/v2\/users\/16"}],"replies":[{"embeddable":true,"href":"https:\/\/blogs.vanguardia.com\/mariposas-al-atardecer\/wp-json\/wp\/v2\/comments?post=107"}],"version-history":[{"count":6,"href":"https:\/\/blogs.vanguardia.com\/mariposas-al-atardecer\/wp-json\/wp\/v2\/posts\/107\/revisions"}],"predecessor-version":[{"id":126,"href":"https:\/\/blogs.vanguardia.com\/mariposas-al-atardecer\/wp-json\/wp\/v2\/posts\/107\/revisions\/126"}],"wp:attachment":[{"href":"https:\/\/blogs.vanguardia.com\/mariposas-al-atardecer\/wp-json\/wp\/v2\/media?parent=107"}],"wp:term":[{"taxonomy":"category","embeddable":true,"href":"https:\/\/blogs.vanguardia.com\/mariposas-al-atardecer\/wp-json\/wp\/v2\/categories?post=107"},{"taxonomy":"post_tag","embeddable":true,"href":"https:\/\/blogs.vanguardia.com\/mariposas-al-atardecer\/wp-json\/wp\/v2\/tags?post=107"}],"curies":[{"name":"wp","href":"https:\/\/api.w.org\/{rel}","templated":true}]}}