{"id":456,"date":"2018-04-13T10:41:22","date_gmt":"2018-04-13T15:41:22","guid":{"rendered":"http:\/\/blogs.vanguardia.com\/la-imagen-no-es-solo-moda\/?p=456"},"modified":"2018-04-13T10:41:22","modified_gmt":"2018-04-13T15:41:22","slug":"como-tener-una-mejor-conversacion","status":"publish","type":"post","link":"https:\/\/blogs.vanguardia.com\/la-imagen-no-es-solo-moda\/2018\/04\/13\/como-tener-una-mejor-conversacion\/","title":{"rendered":"Como tener una mejor conversaci\u00f3n"},"content":{"rendered":"<p>Anteriormente se recomendaba iniciar cualquier conversaci\u00f3n con temas \u201crompe hielos\u201d tales como el clima y tu salud, pero en estos d\u00edas actuales hasta estos temas generan pol\u00e9mica por el cambio clim\u00e1tico y las mil y una posiciones respecto a las medicinas, vacunas, probioticos, etc. Es imposible tener un tema que sea f\u00e1cil para iniciar una conversaci\u00f3n con una persona cualquiera.<\/p>\n<p><a href=\"http:\/\/blogs.vanguardia.com\/la-imagen-no-es-solo-moda\/files\/2017\/12\/conversacion.jpg\"><img loading=\"lazy\" decoding=\"async\" class=\"alignleft size-medium wp-image-457\" src=\"http:\/\/blogs.vanguardia.com\/la-imagen-no-es-solo-moda\/files\/2017\/12\/conversacion-300x155.jpg\" alt=\"\" width=\"300\" height=\"155\" srcset=\"https:\/\/blogs.vanguardia.com\/la-imagen-no-es-solo-moda\/files\/2017\/12\/conversacion-300x155.jpg 300w, https:\/\/blogs.vanguardia.com\/la-imagen-no-es-solo-moda\/files\/2017\/12\/conversacion.jpg 620w\" sizes=\"auto, (max-width: 300px) 100vw, 300px\" \/><\/a>Las conversaciones requieren un balance entre hablar y escuchar, pero hoy en d\u00eda que estamos en la nueva era tecnol\u00f3gica las personas escriben m\u00e1s textos que lo que hablan en persona, es decir estamos perdiendo la capacidad de escucha y el balance se est\u00e1 perdiendo.<\/p>\n<p>Muchas veces creemos que con asentir la cabeza o simplemente repetir lo que la otra persona dijo, estamos demostrando que estamos poniendo atenci\u00f3n siendo que en realidad no lo estamos haciendo y la realidad es que estamos inmersos en nuestros pensamientos o en alg\u00fan chat en nuestro tel\u00e9fono .<\/p>\n<p>La idea es poder tener conversaciones en donde uno se sienta enrolado, inspirado o que sienta que hay una conexi\u00f3n natural con la otra persona. Y para esto necesitamos personas que est\u00e9n realmente metidas en la conversaci\u00f3n no personas que est\u00e1n a la vez en una conversaci\u00f3n y chateando con otras X cantidad de personas. Es decir, si tienes la cabeza metida en otros temas, es mejor no tener la conversaci\u00f3n en ese momento.<\/p>\n<p>Ahora, si ya estas 100% en la conversaci\u00f3n, evita se\u00f1alar o emitir juicios en temas sensibles (tal como lo mencionamos al inicio), si deseas dar criticas a estos temas mejor busca otras formas de hacerlo como blogs o grupos cerrados dedicados a esos temas.<\/p>\n<p>Al iniciar una conversaci\u00f3n asume que cada persona que conoces es experta en algo que tu no, eso te abrir\u00e1 la mente y vas a estar atento a sacar algo nuevo y provechoso de la charla.<\/p>\n<p>Si quieres conocer el punto de vista de alguien en algo en especifico, usa preguntas que empiecen con Quien, Como, Cuando, Donde, y as\u00ed dejarlos que describan sus sentimientos y opiniones.<\/p>\n<p>Ahora que si te preguntan algo a ti, intenta a su vez dar la mayor cantidad de informaci\u00f3n posible (sin sonar aburrido) y evita a toda costa hablar de cosas que no sabes. No inventes respuestas, es m\u00e1s inteligente y profesional decir \u201cno lo s\u00e9\u201d a que te cojan en medio de una mentira.<\/p>\n<p>Todo esto se resume en una sola palabra \u201cescuchar\u201d, la mejor forma de tener una conversaci\u00f3n es escuchar y con base en lo que escuchamos hacer m\u00e1s preguntas para seguir escuchando m\u00e1s y aprendiendo m\u00e1s.<\/p>\n<p><a href=\"http:\/\/propersonalbrand.com\/conocenos\/\">Mena Gonzalez<\/a><\/p>\n<p>Consultora de Imagen y Marca Personal<\/p>\n<p><a href=\"http:\/\/propersonalbrand.com\/\">www.ProPersonalBrand.com<\/a><\/p>\n","protected":false},"excerpt":{"rendered":"<p>Anteriormente se recomendaba iniciar cualquier conversaci\u00f3n con temas \u201crompe hielos\u201d tales como el clima y tu salud, pero en estos d\u00edas actuales hasta estos temas generan pol\u00e9mica por el cambio clim\u00e1tico y las mil y una posiciones respecto a las medicinas, vacunas, probioticos, etc. Es imposible tener un tema que sea f\u00e1cil para iniciar una &hellip; <\/p>\n<p><a class=\"more-link btn\" href=\"https:\/\/blogs.vanguardia.com\/la-imagen-no-es-solo-moda\/2018\/04\/13\/como-tener-una-mejor-conversacion\/\">Seguir leyendo<\/a><\/p>\n","protected":false},"author":17,"featured_media":457,"comment_status":"open","ping_status":"closed","sticky":false,"template":"","format":"standard","meta":{"ngg_post_thumbnail":0,"footnotes":""},"categories":[40],"tags":[83,5,105,43,15,4,6,16,7,81,106],"class_list":["post-456","post","type-post","status-publish","format-standard","has-post-thumbnail","hentry","category-marca-personal","tag-comunicacion","tag-consultoria-de-imagen","tag-conversacion","tag-imagen-personal","tag-imagen-profesional","tag-marca-personal","tag-mena-gonzalez","tag-primera-impresion","tag-pro-personal-brand","tag-tips","tag-tips-comunicacion","item-wrap"],"aioseo_notices":[],"jetpack_featured_media_url":"https:\/\/blogs.vanguardia.com\/la-imagen-no-es-solo-moda\/files\/2017\/12\/conversacion.jpg","_links":{"self":[{"href":"https:\/\/blogs.vanguardia.com\/la-imagen-no-es-solo-moda\/wp-json\/wp\/v2\/posts\/456","targetHints":{"allow":["GET"]}}],"collection":[{"href":"https:\/\/blogs.vanguardia.com\/la-imagen-no-es-solo-moda\/wp-json\/wp\/v2\/posts"}],"about":[{"href":"https:\/\/blogs.vanguardia.com\/la-imagen-no-es-solo-moda\/wp-json\/wp\/v2\/types\/post"}],"author":[{"embeddable":true,"href":"https:\/\/blogs.vanguardia.com\/la-imagen-no-es-solo-moda\/wp-json\/wp\/v2\/users\/17"}],"replies":[{"embeddable":true,"href":"https:\/\/blogs.vanguardia.com\/la-imagen-no-es-solo-moda\/wp-json\/wp\/v2\/comments?post=456"}],"version-history":[{"count":2,"href":"https:\/\/blogs.vanguardia.com\/la-imagen-no-es-solo-moda\/wp-json\/wp\/v2\/posts\/456\/revisions"}],"predecessor-version":[{"id":475,"href":"https:\/\/blogs.vanguardia.com\/la-imagen-no-es-solo-moda\/wp-json\/wp\/v2\/posts\/456\/revisions\/475"}],"wp:featuredmedia":[{"embeddable":true,"href":"https:\/\/blogs.vanguardia.com\/la-imagen-no-es-solo-moda\/wp-json\/wp\/v2\/media\/457"}],"wp:attachment":[{"href":"https:\/\/blogs.vanguardia.com\/la-imagen-no-es-solo-moda\/wp-json\/wp\/v2\/media?parent=456"}],"wp:term":[{"taxonomy":"category","embeddable":true,"href":"https:\/\/blogs.vanguardia.com\/la-imagen-no-es-solo-moda\/wp-json\/wp\/v2\/categories?post=456"},{"taxonomy":"post_tag","embeddable":true,"href":"https:\/\/blogs.vanguardia.com\/la-imagen-no-es-solo-moda\/wp-json\/wp\/v2\/tags?post=456"}],"curies":[{"name":"wp","href":"https:\/\/api.w.org\/{rel}","templated":true}]}}