{"id":443,"date":"2018-03-15T10:58:04","date_gmt":"2018-03-15T15:58:04","guid":{"rendered":"http:\/\/blogs.vanguardia.com\/la-imagen-no-es-solo-moda\/?p=443"},"modified":"2018-03-15T10:58:04","modified_gmt":"2018-03-15T15:58:04","slug":"cuidando-a-quienes-mas-usas","status":"publish","type":"post","link":"https:\/\/blogs.vanguardia.com\/la-imagen-no-es-solo-moda\/2018\/03\/15\/cuidando-a-quienes-mas-usas\/","title":{"rendered":"Cuidando a quienes m\u00e1s usas"},"content":{"rendered":"<p><a href=\"http:\/\/blogs.vanguardia.com\/la-imagen-no-es-solo-moda\/files\/2017\/12\/Screen-Shot-2017-12-06-at-4.25.18-PM.png\"><img loading=\"lazy\" decoding=\"async\" class=\"size-medium wp-image-448 alignright\" src=\"http:\/\/blogs.vanguardia.com\/la-imagen-no-es-solo-moda\/files\/2017\/12\/Screen-Shot-2017-12-06-at-4.25.18-PM-300x224.png\" alt=\"\" width=\"300\" height=\"224\" srcset=\"https:\/\/blogs.vanguardia.com\/la-imagen-no-es-solo-moda\/files\/2017\/12\/Screen-Shot-2017-12-06-at-4.25.18-PM-300x224.png 300w, https:\/\/blogs.vanguardia.com\/la-imagen-no-es-solo-moda\/files\/2017\/12\/Screen-Shot-2017-12-06-at-4.25.18-PM.png 606w\" sizes=\"auto, (max-width: 300px) 100vw, 300px\" \/><\/a>Iniciemos este post con un ejercicio: Si te pregunto que te pondr\u00edas ma\u00f1ana para una reuni\u00f3n importante con el Gerente General de tu compa\u00f1\u00eda, como responder\u00edas?<\/p>\n<p>Normalmente cuando hacemos esta pregunta en nuestras conferencias, las personas empiezan a describir la camisa, chaqueta y pantal\u00f3n que van usar, si es mujer pueden agregar en algunos casos el color de collar pero nunca dicen los zapatos que van a usar. Saben porque?<\/p>\n<p>Porque sin darnos cuenta casi siempre terminamos usando los dos o tres mismos pares de zapatos. Zapatos que sin querer queriendo terminan sirvi\u00e9ndonos m\u00e1s de lo que nosotros los cuidamos. Es por esto que vamos a darte algunos tips para darles larga vida a esos compa\u00f1eros inseparables; tus zapatos.<\/p>\n<ol>\n<li>Limpia el interior de los zapatos de vez en cuando, con una toallita humeda y un poco de cloro para sacarle todo el sudor natural del pie. Tambien puedes hacer una mezcla de detergente y bicarbonato para limpiarlos adentro, esto tambi\u00e9n evita que el mal olor adentro de los zapatos. Es importante dejarlos secar por lo menos 24 horas al natural, no uses ning\u00fan tipo de secador pues puede arruinar la forma de la suela.<\/li>\n<li>Cubre los peque\u00f1os rasgu\u00f1os con un poco de bet\u00fan o un marcador no borrable (solo si son de cuero y procura usarlo \u00fanicamente en el punto donde esta el rasgu\u00f1o, que no toque la superficie del cuero).<\/li>\n<li>En el caso de los tacones remueve la suciedad al final del d\u00eda si estuviste mucho tiempo por fuera, no vas a querer que piensen que te fuiste de paseo en tacones. Recomendamos hacer esta labor con un pa\u00f1ito h\u00famedo en el caso que el material sea gamuza o simplemente con un cepillito h\u00famedo en el caso que sea de cuero.<\/li>\n<\/ol>\n<p>Una vez est\u00e9n limpios tus zapatos, procura cuidarlos. Ac\u00e1 algunos consejos de c\u00f3mo mantener tus zapatos:<\/p>\n<ol>\n<li>Si son zapatos que usas muy ocasionalmente (por ejemplo zapatos de fiesta), procura meterles alg\u00fan material (algod\u00f3n, papel) para mantenerles la forma original. Tambi\u00e9n puedes comprar ormadores para esta funci\u00f3n.<\/li>\n<li>De vez en cuando pasa un trapito h\u00famedo y con aromatizante sobre los zapatos para mantenerlos frescos.<\/li>\n<li>Si son de cuero, puedes aplicarles un poco de crema hidratante (la misma que usas para el cuerpo) en el cuero, esto los hidrata y alarga la vida de los mismos.<\/li>\n<li>Aseg\u00farate de barrer el zapatero as\u00ed como barres el resto de la casa, muchas veces el polvo queda acumulado en el incrementando la probabilidad de humedad en el closet.<\/li>\n<\/ol>\n<p>Cuidando tus zapatos, tambi\u00e9n vas a cuidar tu bolsillo pues vas a darle larga vida a los que ya tienes.<\/p>\n<p>&nbsp;<\/p>\n<p><a href=\"http:\/\/propersonalbrand.com\/conocenos\/\">Mena Gonzalez<\/a><\/p>\n<p>Consultora de Imagen y Marca Personal<\/p>\n<p><a href=\"http:\/\/propersonalbrand.com\/\">www.ProPersonalBrand.com<\/a><\/p>\n","protected":false},"excerpt":{"rendered":"<p>Iniciemos este post con un ejercicio: Si te pregunto que te pondr\u00edas ma\u00f1ana para una reuni\u00f3n importante con el Gerente General de tu compa\u00f1\u00eda, como responder\u00edas? Normalmente cuando hacemos esta pregunta en nuestras conferencias, las personas empiezan a describir la camisa, chaqueta y pantal\u00f3n que van usar, si es mujer pueden agregar en algunos casos &hellip; <\/p>\n<p><a class=\"more-link btn\" href=\"https:\/\/blogs.vanguardia.com\/la-imagen-no-es-solo-moda\/2018\/03\/15\/cuidando-a-quienes-mas-usas\/\">Seguir leyendo<\/a><\/p>\n","protected":false},"author":17,"featured_media":0,"comment_status":"open","ping_status":"closed","sticky":false,"template":"","format":"standard","meta":{"ngg_post_thumbnail":0,"footnotes":""},"categories":[3,1],"tags":[96,45,46,5,11,43,15,14,4,6,7,97],"class_list":["post-443","post","type-post","status-publish","format-standard","hentry","category-imagen-personal","category-sin-categoria","tag-accesorios","tag-analisis-de-guardarropas","tag-closet-cleaning","tag-consultoria-de-imagen","tag-estilo-personal","tag-imagen-personal","tag-imagen-profesional","tag-lucir-profesional","tag-marca-personal","tag-mena-gonzalez","tag-pro-personal-brand","tag-zapatos","item-wrap"],"aioseo_notices":[],"jetpack_featured_media_url":"","_links":{"self":[{"href":"https:\/\/blogs.vanguardia.com\/la-imagen-no-es-solo-moda\/wp-json\/wp\/v2\/posts\/443","targetHints":{"allow":["GET"]}}],"collection":[{"href":"https:\/\/blogs.vanguardia.com\/la-imagen-no-es-solo-moda\/wp-json\/wp\/v2\/posts"}],"about":[{"href":"https:\/\/blogs.vanguardia.com\/la-imagen-no-es-solo-moda\/wp-json\/wp\/v2\/types\/post"}],"author":[{"embeddable":true,"href":"https:\/\/blogs.vanguardia.com\/la-imagen-no-es-solo-moda\/wp-json\/wp\/v2\/users\/17"}],"replies":[{"embeddable":true,"href":"https:\/\/blogs.vanguardia.com\/la-imagen-no-es-solo-moda\/wp-json\/wp\/v2\/comments?post=443"}],"version-history":[{"count":3,"href":"https:\/\/blogs.vanguardia.com\/la-imagen-no-es-solo-moda\/wp-json\/wp\/v2\/posts\/443\/revisions"}],"predecessor-version":[{"id":449,"href":"https:\/\/blogs.vanguardia.com\/la-imagen-no-es-solo-moda\/wp-json\/wp\/v2\/posts\/443\/revisions\/449"}],"wp:attachment":[{"href":"https:\/\/blogs.vanguardia.com\/la-imagen-no-es-solo-moda\/wp-json\/wp\/v2\/media?parent=443"}],"wp:term":[{"taxonomy":"category","embeddable":true,"href":"https:\/\/blogs.vanguardia.com\/la-imagen-no-es-solo-moda\/wp-json\/wp\/v2\/categories?post=443"},{"taxonomy":"post_tag","embeddable":true,"href":"https:\/\/blogs.vanguardia.com\/la-imagen-no-es-solo-moda\/wp-json\/wp\/v2\/tags?post=443"}],"curies":[{"name":"wp","href":"https:\/\/api.w.org\/{rel}","templated":true}]}}