{"id":392,"date":"2017-07-06T19:52:36","date_gmt":"2017-07-07T00:52:36","guid":{"rendered":"http:\/\/blogs.vanguardia.com\/la-imagen-no-es-solo-moda\/?p=392"},"modified":"2017-07-06T19:52:36","modified_gmt":"2017-07-07T00:52:36","slug":"que-tu-voz-represente-tu-personalidad","status":"publish","type":"post","link":"https:\/\/blogs.vanguardia.com\/la-imagen-no-es-solo-moda\/2017\/07\/06\/que-tu-voz-represente-tu-personalidad\/","title":{"rendered":"Que tu voz represente tu personalidad."},"content":{"rendered":"<p>Mientras viajaba en el tren\u00a0y vi a un grupo de personas alternativas, con sus pintas exc\u00e9ntricas y llenas de detalles que no dejan de sorprenderme. Por un rato me quede vi\u00e9ndolos y me llam\u00f3 la atenci\u00f3n que el tono de la voz de la mujer no correspond\u00eda a la personalidad que ella representaba con su atuendo. Era una voz tierna y muy infantil.<\/p>\n<div id=\"attachment_393\" style=\"width: 300px\" class=\"wp-caption alignright\"><a href=\"http:\/\/blogs.vanguardia.com\/la-imagen-no-es-solo-moda\/files\/2017\/02\/Tono-de-voz.jpg\"><img loading=\"lazy\" decoding=\"async\" aria-describedby=\"caption-attachment-393\" class=\"size-medium wp-image-393\" src=\"http:\/\/blogs.vanguardia.com\/la-imagen-no-es-solo-moda\/files\/2017\/02\/Tono-de-voz-300x157.jpg\" alt=\"\" width=\"300\" height=\"157\" srcset=\"https:\/\/blogs.vanguardia.com\/la-imagen-no-es-solo-moda\/files\/2017\/02\/Tono-de-voz-300x157.jpg 300w, https:\/\/blogs.vanguardia.com\/la-imagen-no-es-solo-moda\/files\/2017\/02\/Tono-de-voz.jpg 652w\" sizes=\"auto, (max-width: 300px) 100vw, 300px\" \/><\/a><p id=\"caption-attachment-393\" class=\"wp-caption-text\">Foto Cortes\u00eda: Photos.com<\/p><\/div>\n<p>&nbsp;<\/p>\n<p>Esto me dio espacio al pensamiento libre y ca\u00ed en cuenta en cuantas veces encontramos personas que su tono de voz no representa su personalidad. Cuantas veces no hemos visto profesionales, empleados y gerentes con tonos de voz infantil queriendo representar autoridad? O por el contrario personas con tonos de voz s\u00faper fuertes y marcados queriendo parecer l\u00edderes cercanos?<\/p>\n<p>&nbsp;<\/p>\n<p>Es por esto que me gustar\u00eda aclarar que a pesar que nacemos con un tono de voz definido, este se puede educar y modificar seg\u00fan las circunstancias o ambiente en el que nos desarrollamos.<\/p>\n<p>Para poner un ejemplo real me gustar\u00eda contarles que mi tono de voz es fuerte y muy marcado (como buena Santandereana) pero este tono denota autoridad ante los dem\u00e1s y en mi rol como Consultora lo \u00faltimo que necesito es parecer autoritaria, por el contrario se requiere proyectar una Imagen de cercan\u00eda para lograr una conexi\u00f3n con las personas. Es por esto que mediante t\u00e9cnicas de vocalizaci\u00f3n entren\u00e9 mi voz para lograr un tono m\u00e1s suave, marcando menos los acentos, acompa\u00f1\u00e1ndolo de gestos y movimientos corporales mucho m\u00e1s relajados y abiertos.<\/p>\n<p>Es por esto que los invito a analizar que mensaje quieren transmitir con su Marca Personal (cercan\u00eda, autoridad, etc\u00e9tera) y revisar si su tono de voz es coherente a dicho mensaje. De no ser as\u00ed, buscar ayuda profesional (o videos de Youtube) para entrenar la voz y as\u00ed lograr una Imagen coherente no s\u00f3lo con la vestimenta sino tambi\u00e9n con los comportamientos.<\/p>\n<p><a href=\"http:\/\/propersonalbrand.com\/conocenos\/\">Mena Gonzalez<\/a><\/p>\n<p>Consultora de Imagen y Marca Personal<\/p>\n<p><a href=\"http:\/\/propersonalbrand.com\/\" target=\"_blank\" rel=\"noopener\">www.ProPersonalBrand.com<\/a><\/p>\n","protected":false},"excerpt":{"rendered":"<p>Mientras viajaba en el tren\u00a0y vi a un grupo de personas alternativas, con sus pintas exc\u00e9ntricas y llenas de detalles que no dejan de sorprenderme. Por un rato me quede vi\u00e9ndolos y me llam\u00f3 la atenci\u00f3n que el tono de la voz de la mujer no correspond\u00eda a la personalidad que ella representaba con su &hellip; <\/p>\n<p><a class=\"more-link btn\" href=\"https:\/\/blogs.vanguardia.com\/la-imagen-no-es-solo-moda\/2017\/07\/06\/que-tu-voz-represente-tu-personalidad\/\">Seguir leyendo<\/a><\/p>\n","protected":false},"author":17,"featured_media":0,"comment_status":"open","ping_status":"closed","sticky":false,"template":"","format":"standard","meta":{"ngg_post_thumbnail":0,"footnotes":""},"categories":[40,1],"tags":[5,11,43,15,14,4,6,16,7],"class_list":["post-392","post","type-post","status-publish","format-standard","hentry","category-marca-personal","category-sin-categoria","tag-consultoria-de-imagen","tag-estilo-personal","tag-imagen-personal","tag-imagen-profesional","tag-lucir-profesional","tag-marca-personal","tag-mena-gonzalez","tag-primera-impresion","tag-pro-personal-brand","item-wrap"],"aioseo_notices":[],"jetpack_featured_media_url":"","_links":{"self":[{"href":"https:\/\/blogs.vanguardia.com\/la-imagen-no-es-solo-moda\/wp-json\/wp\/v2\/posts\/392","targetHints":{"allow":["GET"]}}],"collection":[{"href":"https:\/\/blogs.vanguardia.com\/la-imagen-no-es-solo-moda\/wp-json\/wp\/v2\/posts"}],"about":[{"href":"https:\/\/blogs.vanguardia.com\/la-imagen-no-es-solo-moda\/wp-json\/wp\/v2\/types\/post"}],"author":[{"embeddable":true,"href":"https:\/\/blogs.vanguardia.com\/la-imagen-no-es-solo-moda\/wp-json\/wp\/v2\/users\/17"}],"replies":[{"embeddable":true,"href":"https:\/\/blogs.vanguardia.com\/la-imagen-no-es-solo-moda\/wp-json\/wp\/v2\/comments?post=392"}],"version-history":[{"count":2,"href":"https:\/\/blogs.vanguardia.com\/la-imagen-no-es-solo-moda\/wp-json\/wp\/v2\/posts\/392\/revisions"}],"predecessor-version":[{"id":429,"href":"https:\/\/blogs.vanguardia.com\/la-imagen-no-es-solo-moda\/wp-json\/wp\/v2\/posts\/392\/revisions\/429"}],"wp:attachment":[{"href":"https:\/\/blogs.vanguardia.com\/la-imagen-no-es-solo-moda\/wp-json\/wp\/v2\/media?parent=392"}],"wp:term":[{"taxonomy":"category","embeddable":true,"href":"https:\/\/blogs.vanguardia.com\/la-imagen-no-es-solo-moda\/wp-json\/wp\/v2\/categories?post=392"},{"taxonomy":"post_tag","embeddable":true,"href":"https:\/\/blogs.vanguardia.com\/la-imagen-no-es-solo-moda\/wp-json\/wp\/v2\/tags?post=392"}],"curies":[{"name":"wp","href":"https:\/\/api.w.org\/{rel}","templated":true}]}}