{"id":370,"date":"2016-11-07T16:46:22","date_gmt":"2016-11-07T21:46:22","guid":{"rendered":"http:\/\/blogs.vanguardia.com\/la-imagen-no-es-solo-moda\/?p=370"},"modified":"2016-11-07T16:46:22","modified_gmt":"2016-11-07T21:46:22","slug":"como-transformar-una-charla-en-una-conversacion-inteligente","status":"publish","type":"post","link":"https:\/\/blogs.vanguardia.com\/la-imagen-no-es-solo-moda\/2016\/11\/07\/como-transformar-una-charla-en-una-conversacion-inteligente\/","title":{"rendered":"Como transformar una charla en una conversaci\u00f3n inteligente."},"content":{"rendered":"<p>D\u00eda a d\u00eda encontramos nuevas personas en nuestra vida con las cuales nos gustar\u00eda o interesar\u00eda tener una excelente <strong>primera impresi\u00f3n<\/strong>, pues puede ser un buen contacto para un negocio, un futuro cliente, amigo o porque no una futura pareja (para los solteros obviamente).<\/p>\n<div id=\"attachment_372\" style=\"width: 300px\" class=\"wp-caption alignright\"><a href=\"http:\/\/blogs.vanguardia.com\/la-imagen-no-es-solo-moda\/files\/2016\/07\/ProPersonalBrand-Conversacion-inteligente-Mena-Gonzalez.jpg\"><img loading=\"lazy\" decoding=\"async\" aria-describedby=\"caption-attachment-372\" class=\"size-medium wp-image-372\" src=\"http:\/\/blogs.vanguardia.com\/la-imagen-no-es-solo-moda\/files\/2016\/07\/ProPersonalBrand-Conversacion-inteligente-Mena-Gonzalez-300x151.jpg\" alt=\"Foto:formacion para formadores.com\" width=\"300\" height=\"151\" srcset=\"https:\/\/blogs.vanguardia.com\/la-imagen-no-es-solo-moda\/files\/2016\/07\/ProPersonalBrand-Conversacion-inteligente-Mena-Gonzalez-300x151.jpg 300w, https:\/\/blogs.vanguardia.com\/la-imagen-no-es-solo-moda\/files\/2016\/07\/ProPersonalBrand-Conversacion-inteligente-Mena-Gonzalez.jpg 658w\" sizes=\"auto, (max-width: 300px) 100vw, 300px\" \/><\/a><p id=\"caption-attachment-372\" class=\"wp-caption-text\">Foto:formacion para formadores.com<\/p><\/div>\n<p>Pero muchas veces desaprovechamos los peque\u00f1os espacios de charla en temas poco trascendentales \u00f3 que poco o nada reflejan nuestra personalidad o gustos. Es por eso que es necesario transformar esos cortos espacios de charla en una conversaci\u00f3n inteligente, que nos ayude a crear una mejor <strong>imagen y marca personal<\/strong> de nosotros en la mente de nuestro interlocutor. \u00a0A continuaci\u00f3n algunas ideas de como transformar una charla cualquiera en una conversaci\u00f3n inteligente:<\/p>\n<p>&nbsp;<\/p>\n<ol>\n<li>Haz preguntas abiertas no de selecci\u00f3n m\u00faltiple, esto le d\u00e1 al interlocutor m\u00e1s opciones de responder y mostrar su punto de vista. Por ejemplo en una cena de negocios en vez de decir \u00ab\u00bfCierto que estaba rica la comida?\u00bb es mejor decir \u00ab\u00bfC\u00f3mo te pareci\u00f3 la comida?\u00bb con esto le estas dando la opci\u00f3n a la otra persona que te pueda describir no s\u00f3lo la comida en si sino tambi\u00e9n su experiencia personal durante la cena.<\/li>\n<li>Pregunta por historias y no por respuesta, abriendo la opci\u00f3n de respuestas abres la opci\u00f3n a una conversaci\u00f3n m\u00e1s personal. Algunos ejemplo son:\n<ol>\n<li>En vez de \u00ab\u00bfC\u00f3mo te llamas? es mejor usar frases como \u00ab\u00bfQue significa tu nombre?\u00bb<\/li>\n<li>En vez de \u00ab\u00bfQuien eres? \u00bfQue haces?\u00bb es mejor usar frases como \u00abCu\u00e9ntame cual es tu historia personal\u00bb<\/li>\n<li>En vez de \u00ab\u00bfDe donde eres? es mejor usar frases como \u00ab\u00bfCu\u00e1l es la cosa m\u00e1s curiosa del sitio en donde creciste?<\/li>\n<li>En vez de \u00ab\u00bfC\u00f3mo te fue en el trabajo hoy? es mejor usar frases como \u00ab\u00bfCu\u00e1l es la cosa m\u00e1s interesante que te paso hoy en el trabajo?\u00bb<\/li>\n<\/ol>\n<\/li>\n<li>Otra idea es hacer preguntas que dejen volar la imaginaci\u00f3n, as\u00ed podr\u00e1s entender mejor las motivaciones y sue\u00f1os de la otra persona. en este caso podr\u00edas hacer uso de frases como \u00abSi pudieras tele-transportarte, en donde te gustar\u00eda estar en este momento\u00bb o \u00abSi tuvieras en tu cuenta bancaria suficientes recursos para no preocuparte por un par de a\u00f1os, que te gustar\u00eda estar haciendo\u00bb.<\/li>\n<li>Por otro lado si te hacen una pregunta de la cual quieres evadir respuestas m\u00e1s profundas pero tampoco quieres responder con un simple Bueno\u00bb o \u00abMalo\u00bb, puedes responder y repetir la misma frase con la que te preguntaron, as\u00ed parecer\u00e1 que estas dando una respuesta larga siendo que s\u00f3lo agregaste el diminutivo bueno o malo. Por ejemplo.\u00a0\u00bfC\u00f3mo estuvo la comida?, en este caso para hacer sonar la respuesta m\u00e1s larga puedes responder \u00abConsidero que la comida estuvo buena\u00bb, s\u00f3lo dijiste que estuvo buena pero a o\u00eddos de otros son\u00f3 m\u00e1s larga e interesante.<\/li>\n<\/ol>\n<p>Aplicando estos consejos en tus espacios de charla\u00a0del d\u00eda a d\u00eda puedes parecer m\u00e1s interesante y crear una marca personal m\u00e1s imponente en la mente de las otras personas.<\/p>\n<p><a href=\"http:\/\/propersonalbrand.com\/conocenos\/\">Mena Gonz\u00e1lez<\/a><\/p>\n<p>Consultora de Imagen y Marca Personal<\/p>\n<p><a href=\"http:\/\/www.ProPersonalBrand.com\">www.ProPersonalBrand.com<\/a><\/p>\n<p>Facebook:\u00a0<a href=\"https:\/\/www.facebook.com\/ProPersonalBrand\/\">Pro Personal Brand<\/a><\/p>\n","protected":false},"excerpt":{"rendered":"<p>D\u00eda a d\u00eda encontramos nuevas personas en nuestra vida con las cuales nos gustar\u00eda o interesar\u00eda tener una excelente primera impresi\u00f3n, pues puede ser un buen contacto para un negocio, un futuro cliente, amigo o porque no una futura pareja (para los solteros obviamente). Pero muchas veces desaprovechamos los peque\u00f1os espacios de charla en temas &hellip; <\/p>\n<p><a class=\"more-link btn\" href=\"https:\/\/blogs.vanguardia.com\/la-imagen-no-es-solo-moda\/2016\/11\/07\/como-transformar-una-charla-en-una-conversacion-inteligente\/\">Seguir leyendo<\/a><\/p>\n","protected":false},"author":17,"featured_media":372,"comment_status":"open","ping_status":"closed","sticky":false,"template":"","format":"standard","meta":{"ngg_post_thumbnail":0,"footnotes":""},"categories":[40,1],"tags":[83,82,5,72,43,15,4,6,16,7,81],"class_list":["post-370","post","type-post","status-publish","format-standard","has-post-thumbnail","hentry","category-marca-personal","category-sin-categoria","tag-comunicacion","tag-consejos","tag-consultoria-de-imagen","tag-imagen","tag-imagen-personal","tag-imagen-profesional","tag-marca-personal","tag-mena-gonzalez","tag-primera-impresion","tag-pro-personal-brand","tag-tips","item-wrap"],"aioseo_notices":[],"jetpack_featured_media_url":"https:\/\/blogs.vanguardia.com\/la-imagen-no-es-solo-moda\/files\/2016\/07\/ProPersonalBrand-Conversacion-inteligente-Mena-Gonzalez.jpg","_links":{"self":[{"href":"https:\/\/blogs.vanguardia.com\/la-imagen-no-es-solo-moda\/wp-json\/wp\/v2\/posts\/370","targetHints":{"allow":["GET"]}}],"collection":[{"href":"https:\/\/blogs.vanguardia.com\/la-imagen-no-es-solo-moda\/wp-json\/wp\/v2\/posts"}],"about":[{"href":"https:\/\/blogs.vanguardia.com\/la-imagen-no-es-solo-moda\/wp-json\/wp\/v2\/types\/post"}],"author":[{"embeddable":true,"href":"https:\/\/blogs.vanguardia.com\/la-imagen-no-es-solo-moda\/wp-json\/wp\/v2\/users\/17"}],"replies":[{"embeddable":true,"href":"https:\/\/blogs.vanguardia.com\/la-imagen-no-es-solo-moda\/wp-json\/wp\/v2\/comments?post=370"}],"version-history":[{"count":3,"href":"https:\/\/blogs.vanguardia.com\/la-imagen-no-es-solo-moda\/wp-json\/wp\/v2\/posts\/370\/revisions"}],"predecessor-version":[{"id":389,"href":"https:\/\/blogs.vanguardia.com\/la-imagen-no-es-solo-moda\/wp-json\/wp\/v2\/posts\/370\/revisions\/389"}],"wp:featuredmedia":[{"embeddable":true,"href":"https:\/\/blogs.vanguardia.com\/la-imagen-no-es-solo-moda\/wp-json\/wp\/v2\/media\/372"}],"wp:attachment":[{"href":"https:\/\/blogs.vanguardia.com\/la-imagen-no-es-solo-moda\/wp-json\/wp\/v2\/media?parent=370"}],"wp:term":[{"taxonomy":"category","embeddable":true,"href":"https:\/\/blogs.vanguardia.com\/la-imagen-no-es-solo-moda\/wp-json\/wp\/v2\/categories?post=370"},{"taxonomy":"post_tag","embeddable":true,"href":"https:\/\/blogs.vanguardia.com\/la-imagen-no-es-solo-moda\/wp-json\/wp\/v2\/tags?post=370"}],"curies":[{"name":"wp","href":"https:\/\/api.w.org\/{rel}","templated":true}]}}