{"id":354,"date":"2016-08-17T11:14:58","date_gmt":"2016-08-17T16:14:58","guid":{"rendered":"http:\/\/blogs.vanguardia.com\/la-imagen-no-es-solo-moda\/?p=354"},"modified":"2016-08-17T11:14:58","modified_gmt":"2016-08-17T16:14:58","slug":"el-impacto-de-los-primeros-30-segundos-en-una-presentacion","status":"publish","type":"post","link":"https:\/\/blogs.vanguardia.com\/la-imagen-no-es-solo-moda\/2016\/08\/17\/el-impacto-de-los-primeros-30-segundos-en-una-presentacion\/","title":{"rendered":"El impacto de los primeros 30 segundos en una presentaci\u00f3n."},"content":{"rendered":"<p>Marca personal es mucho m\u00e1s que la imagen f\u00edsica y la que muestras en redes sociales. Es crear un alto impacto en otras personas en una conversaci\u00f3n, evento social e incluso durante las presentaciones de negocios. Iniciar con un mensaje impactante durante los primeros 30 segundos de la presentaci\u00f3n es muy importante, pues logras cautivar la atenci\u00f3n de la audiencia creando un alto impacto en la mente de los dem\u00e1s y motiv\u00e1ndolos a escuchar el resto de la presentaci\u00f3n. Es por esto que te damos algunos consejos para construir un mensaje impactante en los primeros 30 segundos:<\/p>\n<div id=\"attachment_355\" style=\"width: 300px\" class=\"wp-caption aligncenter\"><a href=\"http:\/\/blogs.vanguardia.com\/la-imagen-no-es-solo-moda\/files\/2016\/06\/presentacion-30-segundos-marca-Personal-Consultora-Imagen-ProPersonalBrand.jpg\"><img loading=\"lazy\" decoding=\"async\" aria-describedby=\"caption-attachment-355\" class=\"size-medium wp-image-355\" src=\"http:\/\/blogs.vanguardia.com\/la-imagen-no-es-solo-moda\/files\/2016\/06\/presentacion-30-segundos-marca-Personal-Consultora-Imagen-ProPersonalBrand-300x198.jpg\" alt=\"Foto: theodysseyonline.com\" width=\"300\" height=\"198\" srcset=\"https:\/\/blogs.vanguardia.com\/la-imagen-no-es-solo-moda\/files\/2016\/06\/presentacion-30-segundos-marca-Personal-Consultora-Imagen-ProPersonalBrand-300x198.jpg 300w, https:\/\/blogs.vanguardia.com\/la-imagen-no-es-solo-moda\/files\/2016\/06\/presentacion-30-segundos-marca-Personal-Consultora-Imagen-ProPersonalBrand-768x507.jpg 768w, https:\/\/blogs.vanguardia.com\/la-imagen-no-es-solo-moda\/files\/2016\/06\/presentacion-30-segundos-marca-Personal-Consultora-Imagen-ProPersonalBrand.jpg 840w\" sizes=\"auto, (max-width: 300px) 100vw, 300px\" \/><\/a><p id=\"caption-attachment-355\" class=\"wp-caption-text\">Foto: theodysseyonline.com<\/p><\/div>\n<ol>\n<li>Evita iniciar hablando de temas log\u00edsticos del evento, ah\u00ed ya perdiste la atenci\u00f3n del publico.<\/li>\n<li>Usar una frase o refr\u00e1n muy conocido es una buena herramienta para llamar la atenci\u00f3n y centrar la mente de los participantes en el tema a tratar.<\/li>\n<li>Una pregunta sin respuesta que lleve a la reflexi\u00f3n personal es una excelente herramienta para cautivar a los oyentes, quienes se involucrar\u00e1n con la tem\u00e1tica al intentar responderse a s\u00ed mismos la pregunta abierta que hiciste.<\/li>\n<li>Una imagen vale m\u00e1s que mil palabras\u2026 exactamente as\u00ed puedes iniciar tu presentaci\u00f3n, con una imagen impactante que llame a la imaginaci\u00f3n del publico y que genere un recuerdo visual de lo que vas a hablar.<\/li>\n<li>Puedes iniciar con una an\u00e9cdota o historia cautivadora. Por su parte la an\u00e9cdota personal demuestra que conoces del tema por experiencia propia, mientras la historia de terceras personas o f\u00e1bulas crea una imagen visual en la mente de quienes la oyen y ayuda a asociar el mensaje principal de la conferencia con la historia. Estas historias no deben ser mayores a 1 minuto.<\/li>\n<li>El resultado de un estudio o una estad\u00edstica es una excelente opci\u00f3n cuando tienes una audiencia llena de gerentes, pues estos normalmente en sus posiciones est\u00e1n todo el tiempo rodeados de n\u00fameros, y si inicias con una cifra o estad\u00edstica que esta directamente relacionada con el tema de la conferencia, lograr\u00e1s un alto impacto en la audiencia.<\/li>\n<\/ol>\n<p>Sea cual sea la t\u00e9cnica que decidas para iniciar, recuerda practicarla varias veces, esto te ayudar\u00e1 a evitar el uso de muletillas y a proyectar ese profesional seguro y brillante que deseas posicionar en la mente de otros. Eso es Marca Personal.<\/p>\n<p>&nbsp;<\/p>\n<p><a href=\"http:\/\/propersonalbrand.com\/conocenos\/\">Mena Gonz\u00e1lez<\/a><\/p>\n<p>Consultora de Imagen y Marca Personal<\/p>\n<p><a href=\"http:\/\/www.ProPersonalBrand.com\">www.ProPersonalBrand.com<\/a><\/p>\n<p>Facebook:\u00a0<a href=\"https:\/\/www.facebook.com\/ProPersonalBrand\/\">Pro Personal Brand<\/a><\/p>\n","protected":false},"excerpt":{"rendered":"<p>Marca personal es mucho m\u00e1s que la imagen f\u00edsica y la que muestras en redes sociales. Es crear un alto impacto en otras personas en una conversaci\u00f3n, evento social e incluso durante las presentaciones de negocios. Iniciar con un mensaje impactante durante los primeros 30 segundos de la presentaci\u00f3n es muy importante, pues logras cautivar &hellip; <\/p>\n<p><a class=\"more-link btn\" href=\"https:\/\/blogs.vanguardia.com\/la-imagen-no-es-solo-moda\/2016\/08\/17\/el-impacto-de-los-primeros-30-segundos-en-una-presentacion\/\">Seguir leyendo<\/a><\/p>\n","protected":false},"author":17,"featured_media":355,"comment_status":"open","ping_status":"closed","sticky":false,"template":"","format":"standard","meta":{"ngg_post_thumbnail":0,"footnotes":""},"categories":[40],"tags":[77,5,43,14,4,6,75,76,78,16,7],"class_list":["post-354","post","type-post","status-publish","format-standard","has-post-thumbnail","hentry","category-marca-personal","tag-30-segundos","tag-consultoria-de-imagen","tag-imagen-personal","tag-lucir-profesional","tag-marca-personal","tag-mena-gonzalez","tag-presentacion","tag-presentacion-personal","tag-presentaciones-impactantes","tag-primera-impresion","tag-pro-personal-brand","item-wrap"],"aioseo_notices":[],"jetpack_featured_media_url":"https:\/\/blogs.vanguardia.com\/la-imagen-no-es-solo-moda\/files\/2016\/06\/presentacion-30-segundos-marca-Personal-Consultora-Imagen-ProPersonalBrand.jpg","_links":{"self":[{"href":"https:\/\/blogs.vanguardia.com\/la-imagen-no-es-solo-moda\/wp-json\/wp\/v2\/posts\/354","targetHints":{"allow":["GET"]}}],"collection":[{"href":"https:\/\/blogs.vanguardia.com\/la-imagen-no-es-solo-moda\/wp-json\/wp\/v2\/posts"}],"about":[{"href":"https:\/\/blogs.vanguardia.com\/la-imagen-no-es-solo-moda\/wp-json\/wp\/v2\/types\/post"}],"author":[{"embeddable":true,"href":"https:\/\/blogs.vanguardia.com\/la-imagen-no-es-solo-moda\/wp-json\/wp\/v2\/users\/17"}],"replies":[{"embeddable":true,"href":"https:\/\/blogs.vanguardia.com\/la-imagen-no-es-solo-moda\/wp-json\/wp\/v2\/comments?post=354"}],"version-history":[{"count":1,"href":"https:\/\/blogs.vanguardia.com\/la-imagen-no-es-solo-moda\/wp-json\/wp\/v2\/posts\/354\/revisions"}],"predecessor-version":[{"id":356,"href":"https:\/\/blogs.vanguardia.com\/la-imagen-no-es-solo-moda\/wp-json\/wp\/v2\/posts\/354\/revisions\/356"}],"wp:featuredmedia":[{"embeddable":true,"href":"https:\/\/blogs.vanguardia.com\/la-imagen-no-es-solo-moda\/wp-json\/wp\/v2\/media\/355"}],"wp:attachment":[{"href":"https:\/\/blogs.vanguardia.com\/la-imagen-no-es-solo-moda\/wp-json\/wp\/v2\/media?parent=354"}],"wp:term":[{"taxonomy":"category","embeddable":true,"href":"https:\/\/blogs.vanguardia.com\/la-imagen-no-es-solo-moda\/wp-json\/wp\/v2\/categories?post=354"},{"taxonomy":"post_tag","embeddable":true,"href":"https:\/\/blogs.vanguardia.com\/la-imagen-no-es-solo-moda\/wp-json\/wp\/v2\/tags?post=354"}],"curies":[{"name":"wp","href":"https:\/\/api.w.org\/{rel}","templated":true}]}}