{"id":988,"date":"2014-10-03T17:30:38","date_gmt":"2014-10-03T22:30:38","guid":{"rendered":"http:\/\/blogs.vanguardia.com\/el-colombian-dream\/?p=988"},"modified":"2020-03-09T10:35:24","modified_gmt":"2020-03-09T15:35:24","slug":"cantinfliar-ahi-esta-el-detalle","status":"publish","type":"post","link":"https:\/\/blogs.vanguardia.com\/el-colombian-dream\/2014\/10\/03\/cantinfliar-ahi-esta-el-detalle\/","title":{"rendered":"\u201cCANTINFLIAR\u201d, AH\u00cd EST\u00c1 EL DETALLE"},"content":{"rendered":"<p>Si el mundo anglosaj\u00f3n tiene a <strong>Chaplin<\/strong> como el gran referente del humor social en el cine nosotros los latinoamericanos tenemos a <strong>Cantinflas<\/strong>, el joven \u00abpelado\u00bb mexicano inocente, enredador y enamorado a quien <strong>el director Sebasti\u00e1n del Amo<\/strong> homenaje\u00f3 en la pel\u00edcula que lleva su nombre, la cual&nbsp;pudimos ver en estren\u00f3 el dos de octubre en Colombia.<\/p>\n<p>&nbsp;<\/p>\n<p><a href=\"http:\/\/blogs.vanguardia.com\/el-colombian-dream\/files\/2014\/10\/cantinflas.jpg\"><img loading=\"lazy\" decoding=\"async\" class=\"aligncenter  wp-image-989\" src=\"http:\/\/blogs.vanguardia.com\/el-colombian-dream\/files\/2014\/10\/cantinflas.jpg\" alt=\"cantinflas\" width=\"352\" height=\"449\"><\/a><\/p>\n<p>&nbsp;<\/p>\n<p>Aunque no estaba lleno el teatro si hab\u00eda una buena cantidad de personas que parec\u00edan venir de la zona rural, algunos mayores quienes asumo vieron las pel\u00edculas de Mario Moreno Cantinflas en estreno&nbsp;y no en televisi\u00f3n como nos toc\u00f3 a nuestra generaci\u00f3n.<\/p>\n<p>Pero lo que parec\u00eda una percepci\u00f3n parcializada de este citadino bumangu\u00e9s r\u00e1pidamente se fue transformando en una certeza con el trascurrir de la pel\u00edcula pues all\u00ed se va dejando ver que el tipo de humor de Moreno encontraba identificaci\u00f3n con el pueblo, el mexicano en un comienzo y con todo el latinoamericano despu\u00e9s.<\/p>\n<p><strong>Siempre he tenido prevenci\u00f3n con las pel\u00edculas de corte biogr\u00e1fico pues la tendencia es a contar una sucesi\u00f3n de hechos uno detr\u00e1s del otro<\/strong> as\u00ed no nos emocionen, es decir, que hay un af\u00e1n por no dejar por fuera nada de la vida y obra del personaje real pero no por aplicar una estructura dram\u00e1tica que nos altere con sus puntos de giro y con sus nudos.<\/p>\n<p>&nbsp;<\/p>\n<div id=\"attachment_990\" style=\"width: 462px\" class=\"wp-caption aligncenter\"><a href=\"http:\/\/blogs.vanguardia.com\/el-colombian-dream\/files\/2014\/10\/105830_oscar_Jaenada.cantinflas_1_principal.jpg\"><img loading=\"lazy\" decoding=\"async\" aria-describedby=\"caption-attachment-990\" class=\" wp-image-990\" src=\"http:\/\/blogs.vanguardia.com\/el-colombian-dream\/files\/2014\/10\/105830_oscar_Jaenada.cantinflas_1_principal.jpg\" alt=\"Mario Moreno a la izquierda, a la derecha Oscar Janeada\" width=\"462\" height=\"261\" srcset=\"https:\/\/blogs.vanguardia.com\/el-colombian-dream\/files\/2014\/10\/105830_oscar_Jaenada.cantinflas_1_principal.jpg 620w, https:\/\/blogs.vanguardia.com\/el-colombian-dream\/files\/2014\/10\/105830_oscar_Jaenada.cantinflas_1_principal-300x169.jpg 300w\" sizes=\"auto, (max-width: 462px) 100vw, 462px\" \/><\/a><p id=\"caption-attachment-990\" class=\"wp-caption-text\">Mario Moreno a la izquierda, a la derecha Oscar Jaenada<\/p><\/div>\n<p>&nbsp;<\/p>\n<p>Aun as\u00ed quer\u00eda ver Cantinflas, su trailer me enganch\u00f3, y una vez vi la pel\u00edcula el actor espa\u00f1ol Oscar Jaenada tambi\u00e9n lo hizo (otra de las pol\u00e9micas insulsas por no ser mexicano) pues logra los matices en la voz y la medida en los gestos que esperaba.<\/p>\n<p>La pel\u00edcula lleva dos historias paralelas pero con diferencia de 20 a\u00f1os, la una en 1931 cuando el joven Mario se abre camino en las carpas de espect\u00e1culos en M\u00e9xico y la otra en 1953 en los \u00c1ngeles cuando el productor Mike Todd un tanto mit\u00f3mano un tanto so\u00f1ador quiere hacer una gran pel\u00edcula con los mejores artistas del momento pero con apariciones gratuitas. <strong>Por azar del destino ser\u00e1 Cantinflas quien logre dar la \u201cVuelta al mundo en 80 d\u00edas\u201d como se titul\u00f3 la pel\u00edcula de Todd y no precisamente gratis<\/strong>.<\/p>\n<p>La Cantinflas de Sebasti\u00e1n del Amo podr\u00edamos decir que es bonita, con actuaciones curiosas pero veros\u00edmiles, cuidada en el arte, la adaptaci\u00f3n hist\u00f3rica y la m\u00fasica, y aunque juega como dec\u00eda con los tiempos y la ubicaci\u00f3n de estos dos personajes le hace falta profundizar en el drama,&nbsp;al menos de uno&nbsp;de los aspectos fundamentales del personaje. Por ejemplo,&nbsp;el conflicto&nbsp;que queda esbozado con su esposa que se soluciona&nbsp;r\u00e1pidamente.<\/p>\n<p>&nbsp;<\/p>\n<div id=\"attachment_991\" style=\"width: 435px\" class=\"wp-caption aligncenter\"><a href=\"http:\/\/blogs.vanguardia.com\/el-colombian-dream\/files\/2014\/10\/images.jpg\"><img loading=\"lazy\" decoding=\"async\" aria-describedby=\"caption-attachment-991\" class=\" wp-image-991\" src=\"http:\/\/blogs.vanguardia.com\/el-colombian-dream\/files\/2014\/10\/images.jpg\" alt=\"Mario Moreno Cantinflas\" width=\"435\" height=\"289\"><\/a><p id=\"caption-attachment-991\" class=\"wp-caption-text\">Mario Moreno Cantinflas<\/p><\/div>\n<p>&nbsp;<\/p>\n<p>Pero bueno, las pel\u00edculas de Mario Moreno siempre fueron sencillas, f\u00e1ciles de digerir para cualquier tipo de p\u00fablico, incluso <strong>a veces terminaban con discursos moralizantes o moralejas<\/strong> que le restaban un poco de valor, aunque en \u00faltimas no importaba pues la fuerza actoral del humorista mexicano, su improvisaci\u00f3n y el dominio del mundo que rodeaba a su personaje era lo que se iba a apreciar.<\/p>\n<p>Hay un momento que realmente me gust\u00f3 en la pel\u00edcula, cuando casi derrotado por conseguir que Mario Moreno actuara en, La vuelta al mundo en 80 d\u00edas, el productor Todd es abordado por un se\u00f1or quien lo hab\u00eda escuchado lamentarse por la negativa del actor mexicano en el restaurante. Respetuosamente le pregunta si puede darle un consejo y el productor que no conoce a su interlocutor le dice que adelante. El se\u00f1or de unos 58 a\u00f1os le dice que no intente convencer a Mario Moreno <strong>que hable directamente con Cantinflas, que de pronto as\u00ed le iba mejor<\/strong>. El hombre se despide y el productor se queda vi\u00e9ndolo. El se\u00f1or se pone su sombrero negro de bomb\u00edn, coge un bast\u00f3n y se va caminando de manera graciosa con los pies bien abiertos hacia los lados d\u00e1ndole vueltas al bast\u00f3n.<\/p>\n<p>&nbsp;<\/p>\n<div id=\"attachment_992\" style=\"width: 378px\" class=\"wp-caption aligncenter\"><a href=\"http:\/\/blogs.vanguardia.com\/el-colombian-dream\/files\/2014\/10\/1416116221_2be343f3f7.jpg\"><img loading=\"lazy\" decoding=\"async\" aria-describedby=\"caption-attachment-992\" class=\"size-full wp-image-992\" src=\"http:\/\/blogs.vanguardia.com\/el-colombian-dream\/files\/2014\/10\/1416116221_2be343f3f7.jpg\" alt=\"A la izquierda Cantinflas a la derecha Chaplin\" width=\"378\" height=\"500\" srcset=\"https:\/\/blogs.vanguardia.com\/el-colombian-dream\/files\/2014\/10\/1416116221_2be343f3f7.jpg 378w, https:\/\/blogs.vanguardia.com\/el-colombian-dream\/files\/2014\/10\/1416116221_2be343f3f7-226x300.jpg 226w\" sizes=\"auto, (max-width: 378px) 100vw, 378px\" \/><\/a><p id=\"caption-attachment-992\" class=\"wp-caption-text\">A la izquierda Cantinflas a la derecha Chaplin<\/p><\/div>\n<p>&nbsp;<\/p>\n<p>Todd se r\u00ede pues se da cuenta que quien le da el consejo es nadie menos que el m\u00e1s grande humorista de todos los tiempos Charles Chaplin.<\/p>\n<p>Un poco como sucede en la pel\u00edcula<strong> Ed Wood, de Tim Burton<\/strong>, donde el que es considerado el peor director de todos los tiempos se va desesperado a un caf\u00e9 a tomarse un trago pues no soporta m\u00e1s a los productores que se meten en su historia. De pronto ah\u00ed mismo sentado en una mesa del fondo est\u00e1 el que es considerado el director de todos los tiempos <strong>Orson Wells con El ciudadano Kane<\/strong>. Ed se le acerca y con todo respeto le dice que si pueden hablar y Wells quien al parecer tambi\u00e9n se encuentra aburrido entiende perfectamente lo que le cuenta Wood y en una escena m\u00e1gica el peor y el mejor del mundo cinematogr\u00e1fico se sienten igual.<\/p>\n<p><strong>A diferencia con el peque\u00f1o vagabundo de Chaplin que&nbsp;no hablaba, Cantinflas lo hac\u00eda `hasta por los codos`<\/strong>, soltaba una sucesi\u00f3n de palabras que aparentemente&nbsp; sonaban bien pero en realidad no ten\u00edan otro objetivo que enredar. Claro est\u00e1 que&nbsp;ambos lograron hacer re\u00edr a la vez que tocaban las fibras de la sociedad en la cual les toc\u00f3 vivir.<\/p>\n<p>La misma academia de la lengua espa\u00f1ola reconoci\u00f3 a <strong>\u00abCantinflear\u00bb<\/strong> como una palabra v\u00e1lida para referirse a aquellas personas que hablan mucho pero no dicen nada, sin ofender a varios pol\u00edticos tradicionales de nuestras tierras, el t\u00e9rmino es muy apropiado.<\/p>\n<p>Por lo menos en M\u00e9xico esta pel\u00edcula ya es la segunda en taquilla en los \u00faltimos a\u00f1os no s\u00e9 en Colombia como le vaya pero hay que verla aunque sea por nostalgia de \u00e9pocas glamurosas de grandes actores innatos o por cultura general pues no sobra recordar que Moreno hizo cerca de 50 pel\u00edculas, que se cas\u00f3 con una bailarina rusa, que lider\u00f3 la formaci\u00f3n de un nuevo sindicato de actores y que conquist\u00f3 al mundo con su baile descordinado pero picar\u00f3n, <strong>con su estilo `descalsurriado`, su geringonsa confusa y divertida, su aparente ingenuidad y su aire de latinoamericano universal<\/strong>.<\/p>\n<p><a href=\"http:\/\/blogs.vanguardia.com\/el-colombian-dream\/files\/2014\/10\/529168_10151452551301848_130719251_n.jpg\"><img loading=\"lazy\" decoding=\"async\" class=\"aligncenter  wp-image-993\" src=\"http:\/\/blogs.vanguardia.com\/el-colombian-dream\/files\/2014\/10\/529168_10151452551301848_130719251_n.jpg\" alt=\"529168_10151452551301848_130719251_n\" width=\"330\" height=\"528\" srcset=\"https:\/\/blogs.vanguardia.com\/el-colombian-dream\/files\/2014\/10\/529168_10151452551301848_130719251_n.jpg 543w, https:\/\/blogs.vanguardia.com\/el-colombian-dream\/files\/2014\/10\/529168_10151452551301848_130719251_n-187x300.jpg 187w\" sizes=\"auto, (max-width: 330px) 100vw, 330px\" \/><\/a><\/p>\n<p>Aqu\u00ed vea&nbsp;<a href=\"https:\/\/www.youtube.com\/watch?v=YFqT0DM10QI\">Cantinflas Trailer oficial<\/a><\/p>\n","protected":false},"excerpt":{"rendered":"<p>Si el mundo anglosaj\u00f3n tiene a Chaplin como el gran referente del humor social en el cine nosotros los latinoamericanos tenemos a Cantinflas, el joven \u00abpelado\u00bb mexicano inocente, enredador y enamorado a quien el director Sebasti\u00e1n del Amo homenaje\u00f3 en la pel\u00edcula que lleva su nombre, la cual&nbsp;pudimos ver en estren\u00f3 el dos de octubre &hellip; <\/p>\n<p><a class=\"more-link btn\" href=\"https:\/\/blogs.vanguardia.com\/el-colombian-dream\/2014\/10\/03\/cantinfliar-ahi-esta-el-detalle\/\">Seguir leyendo<\/a><\/p>\n","protected":false},"author":3,"featured_media":993,"comment_status":"open","ping_status":"open","sticky":false,"template":"","format":"standard","meta":{"ngg_post_thumbnail":0,"jetpack_post_was_ever_published":false,"_jetpack_newsletter_access":"","_jetpack_dont_email_post_to_subs":false,"_jetpack_newsletter_tier_id":0,"_jetpack_memberships_contains_paywalled_content":false,"_jetpack_memberships_contains_paid_content":false,"footnotes":"","jetpack_publicize_message":"","jetpack_publicize_feature_enabled":true,"jetpack_social_post_already_shared":true,"jetpack_social_options":{"image_generator_settings":{"template":"highway","default_image_id":0,"enabled":false},"version":2}},"categories":[3],"tags":[191,193,194,192],"class_list":["post-988","post","type-post","status-publish","format-standard","has-post-thumbnail","hentry","category-cronicas-de-cine","tag-cantinflas","tag-cantinflear","tag-mario-moreno","tag-oscar-jaenada","item-wrap"],"aioseo_notices":[],"jetpack_publicize_connections":[],"jetpack_featured_media_url":"https:\/\/blogs.vanguardia.com\/el-colombian-dream\/files\/2014\/10\/529168_10151452551301848_130719251_n.jpg","jetpack_shortlink":"https:\/\/wp.me\/p2uKeD-fW","jetpack_sharing_enabled":true,"_links":{"self":[{"href":"https:\/\/blogs.vanguardia.com\/el-colombian-dream\/wp-json\/wp\/v2\/posts\/988","targetHints":{"allow":["GET"]}}],"collection":[{"href":"https:\/\/blogs.vanguardia.com\/el-colombian-dream\/wp-json\/wp\/v2\/posts"}],"about":[{"href":"https:\/\/blogs.vanguardia.com\/el-colombian-dream\/wp-json\/wp\/v2\/types\/post"}],"author":[{"embeddable":true,"href":"https:\/\/blogs.vanguardia.com\/el-colombian-dream\/wp-json\/wp\/v2\/users\/3"}],"replies":[{"embeddable":true,"href":"https:\/\/blogs.vanguardia.com\/el-colombian-dream\/wp-json\/wp\/v2\/comments?post=988"}],"version-history":[{"count":6,"href":"https:\/\/blogs.vanguardia.com\/el-colombian-dream\/wp-json\/wp\/v2\/posts\/988\/revisions"}],"predecessor-version":[{"id":1870,"href":"https:\/\/blogs.vanguardia.com\/el-colombian-dream\/wp-json\/wp\/v2\/posts\/988\/revisions\/1870"}],"wp:featuredmedia":[{"embeddable":true,"href":"https:\/\/blogs.vanguardia.com\/el-colombian-dream\/wp-json\/wp\/v2\/media\/993"}],"wp:attachment":[{"href":"https:\/\/blogs.vanguardia.com\/el-colombian-dream\/wp-json\/wp\/v2\/media?parent=988"}],"wp:term":[{"taxonomy":"category","embeddable":true,"href":"https:\/\/blogs.vanguardia.com\/el-colombian-dream\/wp-json\/wp\/v2\/categories?post=988"},{"taxonomy":"post_tag","embeddable":true,"href":"https:\/\/blogs.vanguardia.com\/el-colombian-dream\/wp-json\/wp\/v2\/tags?post=988"}],"curies":[{"name":"wp","href":"https:\/\/api.w.org\/{rel}","templated":true}]}}