{"id":964,"date":"2014-07-29T19:07:33","date_gmt":"2014-07-30T00:07:33","guid":{"rendered":"http:\/\/blogs.vanguardia.com\/el-colombian-dream\/?p=964"},"modified":"2020-03-09T11:40:09","modified_gmt":"2020-03-09T16:40:09","slug":"ir-a-cine-a-ver-otra-cosa","status":"publish","type":"post","link":"https:\/\/blogs.vanguardia.com\/el-colombian-dream\/2014\/07\/29\/ir-a-cine-a-ver-otra-cosa\/","title":{"rendered":"Ir a \u00b4cine\u00b4 a ver otra cosa"},"content":{"rendered":"<p>\u00bfHan ido ustedes a las salas de cine a alguna actividad diferente a la de ver pel\u00edculas?<\/p>\n<p>Descartemos conferencias o presentaciones de alg\u00fan producto porque me quiero centrar en la pantalla grande; reformulo la pregunta <strong>\u00bfhan ido a cine a ver alguna transmisi\u00f3n de televisi\u00f3n o video?<\/strong> &nbsp;Y de ser as\u00ed \u00bfc\u00f3mo se comportaron, c\u00f3mo la sintieron, les gust\u00f3 o qu\u00e9 prefieren?<\/p>\n<p>Para algunos puristas, los cinemas o teatros de cine son s\u00f3lo para ver pel\u00edculas y no deben utilizarse para otra cosa, para muchos da igual pues proyecci\u00f3n es proyecci\u00f3n y como las im\u00e1genes se mueven\u2026 &nbsp;<strong>la verdad yo no ten\u00eda una posici\u00f3n definida sobre este tema hasta que fui a un par de espect\u00e1culos de gran emotividad:<\/strong> uno un partido de la selecci\u00f3n Colombia en el mundial de Brasil y otro una \u00f3pera desde el Metropolitan \u00f3pera de Nueva York.<\/p>\n<p>&nbsp;<\/p>\n<p><a href=\"http:\/\/blogs.vanguardia.com\/el-colombian-dream\/files\/2014\/07\/20140625160622opera_cicloverano.jpg\"><img loading=\"lazy\" decoding=\"async\" class=\"aligncenter  wp-image-965\" src=\"http:\/\/blogs.vanguardia.com\/el-colombian-dream\/files\/2014\/07\/20140625160622opera_cicloverano.jpg\" alt=\"20140625160622opera_cicloverano\" width=\"332\" height=\"477\" srcset=\"https:\/\/blogs.vanguardia.com\/el-colombian-dream\/files\/2014\/07\/20140625160622opera_cicloverano.jpg 280w, https:\/\/blogs.vanguardia.com\/el-colombian-dream\/files\/2014\/07\/20140625160622opera_cicloverano-208x300.jpg 208w\" sizes=\"auto, (max-width: 332px) 100vw, 332px\" \/><\/a><\/p>\n<p>&nbsp;<\/p>\n<p>Ya me hab\u00eda perdido uno de estos eventos alternativos programados &nbsp;por Cine Colombia a los que se puede asistir pagando una boleta similar a la de un matin\u00e9, fue &nbsp;el concierto de la banda inglesa Queen grabado el 27 de julio de 1986 en Budapest, el cual reuni\u00f3, en ese momento hist\u00f3rico, a cerca de 80 mil espectadores.&nbsp; La empresa de proyecci\u00f3n cinematogr\u00e1fica la promocion\u00f3 como, <strong>\u201cUna &nbsp;joya del rock mundial ahora en su presentaci\u00f3n digital con sonido Dolby 5.1\u201d<\/strong><\/p>\n<p>\u00a1Freddie Mercury revive en los cines! La legendaria banda brit\u00e1nica Queen conquista la pantalla gigante con su hist\u00f3rico concierto \u2018Hungarian Rhapsody&#8217;, fue uno m\u00e1s de los titulares.<\/p>\n<p>Aunque guardo una especial devoci\u00f3n por ellos no pude ir. Debi\u00f3 haber sido por alguna excusa monetaria porque la verdad quer\u00eda saber \u00bfqu\u00e9 se siente estar en el espect\u00e1culo?, <strong>me intrigaba saber si uno canta con los asistentes a la sala o si se para a saltar o si s\u00f3lo se queda como un observador pasivo<\/strong>, analizando cada detalle del concierto.<\/p>\n<p>&nbsp;<\/p>\n<p><a href=\"http:\/\/blogs.vanguardia.com\/el-colombian-dream\/files\/2014\/07\/D6-afiche_queen.jpg\"><img loading=\"lazy\" decoding=\"async\" class=\"aligncenter  wp-image-966\" src=\"http:\/\/blogs.vanguardia.com\/el-colombian-dream\/files\/2014\/07\/D6-afiche_queen.jpg\" alt=\"D6-afiche_queen\" width=\"347\" height=\"499\" srcset=\"https:\/\/blogs.vanguardia.com\/el-colombian-dream\/files\/2014\/07\/D6-afiche_queen.jpg 1000w, https:\/\/blogs.vanguardia.com\/el-colombian-dream\/files\/2014\/07\/D6-afiche_queen-208x300.jpg 208w, https:\/\/blogs.vanguardia.com\/el-colombian-dream\/files\/2014\/07\/D6-afiche_queen-711x1024.jpg 711w, https:\/\/blogs.vanguardia.com\/el-colombian-dream\/files\/2014\/07\/D6-afiche_queen-900x1296.jpg 900w\" sizes=\"auto, (max-width: 347px) 100vw, 347px\" \/><\/a><\/p>\n<p>&nbsp;<\/p>\n<p>El partido de f\u00fatbol al que asistimos, con la que conoce mis gustos y mis disgustos, fue el de Colombia contra&nbsp;Brasil, el 4 de julio de 2014 en la sala 7, la boleta cost\u00f3 9 mil pesos.<\/p>\n<p>Bucaramanga y en realidad el pa\u00eds entero estaba erizado; hab\u00eda una electricidad optimista en el rostro de los colombianos, una mezcla de ansiedad y orgullo por estos deportistas. En el Centro Comercial el ambiente era igual, recuerdo que hab\u00eda una pantalla gigante en el primer piso con mucha gente alrededor, lo que hubiera sido una buena opci\u00f3n porque era gratis y la multitud estaba emocionada, <strong>pero ya hab\u00edamos comprado las boletas con cuatro d\u00edas de anticipaci\u00f3n.<\/strong><\/p>\n<p>El caso es que llegamos como media hora antes y nos ubicamos en las sillas centrales, ya estaban pasando los momentos previos y los comentaristas deportivos se desbordaban en adjetivos para la selecci\u00f3n. Hasta ah\u00ed normal, nos saludamos con las familias que fueron, hab\u00eda ni\u00f1os, se\u00f1oras, se\u00f1ores, algunos grupos de muchachos y muchachas, una se\u00f1ora trataba de cambiar asientos para ver si pod\u00eda quedar cerca a su pareja.<\/p>\n<p>El momento de los himnos fue sorprendente, <strong>de manera espont\u00e1nea los asistentes se fueron poniendo de pie y comenzaron a cantar el himno y aunque no me gustan esos brotes peligrosos de nacionalismo, tambi\u00e9n lo hice<\/strong> y cant\u00e9 con los ojos aguados. <strong>Hab\u00eda una necesidad de replicar la ritualidad del estadio en la sala de cine.<\/strong><\/p>\n<div id=\"attachment_970\" style=\"width: 436px\" class=\"wp-caption aligncenter\"><a href=\"http:\/\/blogs.vanguardia.com\/el-colombian-dream\/files\/2014\/07\/2014-07-04_14-55-29_308.jpg\"><img loading=\"lazy\" decoding=\"async\" aria-describedby=\"caption-attachment-970\" class=\"wp-image-970\" src=\"http:\/\/blogs.vanguardia.com\/el-colombian-dream\/files\/2014\/07\/2014-07-04_14-55-29_308.jpg\" alt=\"2014-07-04_14-55-29_308\" width=\"436\" height=\"245\" srcset=\"https:\/\/blogs.vanguardia.com\/el-colombian-dream\/files\/2014\/07\/2014-07-04_14-55-29_308.jpg 2592w, https:\/\/blogs.vanguardia.com\/el-colombian-dream\/files\/2014\/07\/2014-07-04_14-55-29_308-300x168.jpg 300w, https:\/\/blogs.vanguardia.com\/el-colombian-dream\/files\/2014\/07\/2014-07-04_14-55-29_308-1024x575.jpg 1024w, https:\/\/blogs.vanguardia.com\/el-colombian-dream\/files\/2014\/07\/2014-07-04_14-55-29_308-900x505.jpg 900w\" sizes=\"auto, (max-width: 436px) 100vw, 436px\" \/><\/a><p id=\"caption-attachment-970\" class=\"wp-caption-text\">De pie cantando el himno de Colombia en la sala de cine<\/p><\/div>\n<p>&nbsp;<\/p>\n<p>Al comienzo del partido unos aplausos t\u00edmidos de nuestros vecinos, despu\u00e9s comentarios de desaprobaci\u00f3n para el \u00e1rbitro sin llegar a los insultos que se gritan en los estadios y al final tristeza mezclada con satisfacci\u00f3n . <strong>`Aunque perdimos y si fue gol de Yepes` salimos relativamente tranquilos al ir a ver f\u00fatbol al teatro, eso s\u00ed, sin la euforia de cuando voy al Alfonso L\u00f3pez<\/strong>.<\/p>\n<p>El s\u00e1bado 26 de julio a las 11 de la ma\u00f1ana fuimos a otra actividad completamente distinta, <strong>asistimos a la \u00f3pera Rigoletto\u2026 bueno, en realidad vimos la transmisi\u00f3n en directo desde el Metropolitan de Nueva York<\/strong> de la adaptaci\u00f3n que hizo Micheal Meyer a la obra compuesta por Giusseppe Verdi.<\/p>\n<p><strong>Ac\u00e1 tambi\u00e9n se hizo evidente la nostalgia por estar en el espect\u00e1culo real.<\/strong> La se\u00f1ora a la entrada nos dio el programa de mano donde est\u00e1 la sinopsis de cada acto, la ficha t\u00e9cnica y un breve comentario. La gente, en su mayor\u00eda adultos mayores de estratos aparentemente altos, iban con trajes formales y no con la pinta de un s\u00e1bado a las 11 am, hora de la transmisi\u00f3n. Puede ser esnobismo intentar representar el ritual de asistir a una \u00f3pera, lo cierto es que fui con mi sombrero negro.<\/p>\n<p>Como esto era nuevo para mi y no hab\u00eda desayunado compr\u00e9 comida para entrar al teatro&nbsp;sin saber que&nbsp;<strong>proh\u00edben el ingreso de crispetas pero no de perros calientes<\/strong>\u2026 \u00bfes una discriminaci\u00f3n contra la comida preferida de los que vamos a cine para favorecer a los Hot dogs o ni siquiera los organizadores tienen claro si el ritual a seguir es el de ir a cine (permitiendo todo tipo de alimentos) o el de ir a \u00f3pera (cero comidas)? yo tampoco lo tengo claro.<\/p>\n<p>&nbsp;<\/p>\n<p><a href=\"http:\/\/blogs.vanguardia.com\/el-colombian-dream\/files\/2014\/07\/image.jpg\"><img loading=\"lazy\" decoding=\"async\" class=\"aligncenter  wp-image-967\" src=\"http:\/\/blogs.vanguardia.com\/el-colombian-dream\/files\/2014\/07\/image.jpg\" alt=\"image\" width=\"312\" height=\"416\" srcset=\"https:\/\/blogs.vanguardia.com\/el-colombian-dream\/files\/2014\/07\/image.jpg 250w, https:\/\/blogs.vanguardia.com\/el-colombian-dream\/files\/2014\/07\/image-225x300.jpg 225w\" sizes=\"auto, (max-width: 312px) 100vw, 312px\" \/><\/a><\/p>\n<p>&nbsp;<\/p>\n<p>Por lo menos cuando asist\u00edamos al hermoso auditorio Luis A Calvo de la UIS <strong>las reglas estaban definidas: puntualidad, tres timbres para alertar a&nbsp;los que se quedaban charlando, no entrar comida, ni siquiera para cine y apagar los bipers, celulares y dem\u00e1s artefactos que pudieran interrumpir al artista<\/strong> \u00abo en su defecto ponerlos en modo vibrador\u00bb como dec\u00eda la distinguida maestra de ceremonias y jefe de protocolo durante varios a\u00f1os en la Universidad, mi jefa y gran amiga m\u00eda.<\/p>\n<p>Volviendo al cine-\u00f3pera, las intermitencias en el audio y la ausencia de subt\u00edtulos en buena parte del primer acto afectaron mi concentraci\u00f3n en esta obra situada en la Vegas, de gran despliegue actoral y que <strong>de no ser por la fallas mencionadas hubiera alcanzado a interesarme pues la trama se va complicando hasta llegar al emotivo tercer acto donde se interpreta, la popular, La donna e mobile<\/strong>.<\/p>\n<p>Los asistentes al Metropolitan de Nueva York aplauden en ese momento y nosotros en la sala 7 de un cinema en Bucaramanga Colombia los sentimos vibrar y aunque yo quer\u00eda aplaudir ninguno m\u00e1s lo hizo por lo que me contuve.<\/p>\n<p>&nbsp;<\/p>\n<p><a href=\"http:\/\/blogs.vanguardia.com\/el-colombian-dream\/files\/2014\/07\/images-cms-image-000030007.jpg\"><img loading=\"lazy\" decoding=\"async\" class=\"aligncenter  wp-image-968\" src=\"http:\/\/blogs.vanguardia.com\/el-colombian-dream\/files\/2014\/07\/images-cms-image-000030007.jpg\" alt=\"images-cms-image-000030007\" width=\"397\" height=\"246\" srcset=\"https:\/\/blogs.vanguardia.com\/el-colombian-dream\/files\/2014\/07\/images-cms-image-000030007.jpg 355w, https:\/\/blogs.vanguardia.com\/el-colombian-dream\/files\/2014\/07\/images-cms-image-000030007-300x185.jpg 300w\" sizes=\"auto, (max-width: 397px) 100vw, 397px\" \/><\/a><\/p>\n<p>&nbsp;<\/p>\n<p>En ese momento me acord\u00e9 de otro evento similar y de una pregunta sencilla&nbsp;<strong>\u00bfQu\u00e9 actitud tomaron los que fueron a ver la transmisi\u00f3n en directo del cambio de Papa en el multiplex (Bergoglio por Ratzinger) se arrodillaron ante la mega pantalla, se persignaron como en la iglesia?<\/strong><\/p>\n<p>La virtualidad, puede conectarte con el mundo y sus espect\u00e1culos, eso es una ventaja para los que nos gusta estar informados y gozarnos los eventos colectivos, pero no los sientes como son y <strong>se corre el riesgo de conformarnos con esa comodidad que nos ofrece el sill\u00f3n, con ese sin sabor divertido que da la mediaci\u00f3n tecnol\u00f3gica, con esa ambiguedad de estar, pero a la vez no.<\/strong><\/p>\n<p>El lenguaje audiovisual nos permite ver detalles imperceptibles, reacciones del p\u00fablico, \u00e1ngulos in\u00e9ditos y hasta crear unos enfoques nuevos producto de los efectos digitales, pero obviamente se pierde las sensaciones que van m\u00e1s all\u00e1 de la vista y el o\u00eddo.<\/p>\n<p>Mientras conseguimos las boletas para ir al Broadway de Nueva York, a la Caverna en Liverpool, al Mardi Gras en Nueva Orleans o a la Copa Am\u00e9rica en Chile, tocar\u00e1 ir a ver la transmisi\u00f3n en cine de variadas artes esc\u00e9nicas que se desarrollan en vivo y&nbsp;que no proliferan en ciudades intermedias como la nuestra.<\/p>\n<p>&nbsp;<\/p>\n<p>&nbsp;<\/p>\n<p>Mario Mantilla Barajas, Realizador y analista de cine y TV<\/p>\n<p>mariomantilla88@gmail.com<\/p>\n<p>&nbsp;<\/p>\n","protected":false},"excerpt":{"rendered":"<p>\u00bfHan ido ustedes a las salas de cine a alguna actividad diferente a la de ver pel\u00edculas? Descartemos conferencias o presentaciones de alg\u00fan producto porque me quiero centrar en la pantalla grande; reformulo la pregunta \u00bfhan ido a cine a ver alguna transmisi\u00f3n de televisi\u00f3n o video? &nbsp;Y de ser as\u00ed \u00bfc\u00f3mo se comportaron, c\u00f3mo &hellip; <\/p>\n<p><a class=\"more-link btn\" href=\"https:\/\/blogs.vanguardia.com\/el-colombian-dream\/2014\/07\/29\/ir-a-cine-a-ver-otra-cosa\/\">Seguir leyendo<\/a><\/p>\n","protected":false},"author":3,"featured_media":966,"comment_status":"open","ping_status":"open","sticky":false,"template":"","format":"standard","meta":{"ngg_post_thumbnail":0,"jetpack_post_was_ever_published":false,"_jetpack_newsletter_access":"","_jetpack_dont_email_post_to_subs":false,"_jetpack_newsletter_tier_id":0,"_jetpack_memberships_contains_paywalled_content":false,"_jetpack_memberships_contains_paid_content":false,"footnotes":"","jetpack_publicize_message":"","jetpack_publicize_feature_enabled":true,"jetpack_social_post_already_shared":true,"jetpack_social_options":{"image_generator_settings":{"template":"highway","default_image_id":0,"enabled":false},"version":2}},"categories":[1],"tags":[188,187,186,190,189],"class_list":["post-964","post","type-post","status-publish","format-standard","has-post-thumbnail","hentry","category-comentarios-cinematograficos","tag-cine","tag-futbol","tag-opera","tag-queen-rapsodia-hungara","tag-rigoletto","item-wrap"],"aioseo_notices":[],"jetpack_publicize_connections":[],"jetpack_featured_media_url":"https:\/\/blogs.vanguardia.com\/el-colombian-dream\/files\/2014\/07\/D6-afiche_queen.jpg","jetpack_shortlink":"https:\/\/wp.me\/p2uKeD-fy","jetpack_sharing_enabled":true,"_links":{"self":[{"href":"https:\/\/blogs.vanguardia.com\/el-colombian-dream\/wp-json\/wp\/v2\/posts\/964","targetHints":{"allow":["GET"]}}],"collection":[{"href":"https:\/\/blogs.vanguardia.com\/el-colombian-dream\/wp-json\/wp\/v2\/posts"}],"about":[{"href":"https:\/\/blogs.vanguardia.com\/el-colombian-dream\/wp-json\/wp\/v2\/types\/post"}],"author":[{"embeddable":true,"href":"https:\/\/blogs.vanguardia.com\/el-colombian-dream\/wp-json\/wp\/v2\/users\/3"}],"replies":[{"embeddable":true,"href":"https:\/\/blogs.vanguardia.com\/el-colombian-dream\/wp-json\/wp\/v2\/comments?post=964"}],"version-history":[{"count":7,"href":"https:\/\/blogs.vanguardia.com\/el-colombian-dream\/wp-json\/wp\/v2\/posts\/964\/revisions"}],"predecessor-version":[{"id":1906,"href":"https:\/\/blogs.vanguardia.com\/el-colombian-dream\/wp-json\/wp\/v2\/posts\/964\/revisions\/1906"}],"wp:featuredmedia":[{"embeddable":true,"href":"https:\/\/blogs.vanguardia.com\/el-colombian-dream\/wp-json\/wp\/v2\/media\/966"}],"wp:attachment":[{"href":"https:\/\/blogs.vanguardia.com\/el-colombian-dream\/wp-json\/wp\/v2\/media?parent=964"}],"wp:term":[{"taxonomy":"category","embeddable":true,"href":"https:\/\/blogs.vanguardia.com\/el-colombian-dream\/wp-json\/wp\/v2\/categories?post=964"},{"taxonomy":"post_tag","embeddable":true,"href":"https:\/\/blogs.vanguardia.com\/el-colombian-dream\/wp-json\/wp\/v2\/tags?post=964"}],"curies":[{"name":"wp","href":"https:\/\/api.w.org\/{rel}","templated":true}]}}