{"id":938,"date":"2014-06-22T09:49:42","date_gmt":"2014-06-22T14:49:42","guid":{"rendered":"http:\/\/blogs.vanguardia.com\/el-colombian-dream\/?p=938"},"modified":"2014-06-23T09:07:13","modified_gmt":"2014-06-23T14:07:13","slug":"los-rebeldes-del-futbol-socrates","status":"publish","type":"post","link":"https:\/\/blogs.vanguardia.com\/el-colombian-dream\/2014\/06\/22\/los-rebeldes-del-futbol-socrates\/","title":{"rendered":"Los rebeldes del f\u00fatbol, S\u00f3crates"},"content":{"rendered":"<p>Llevaba m\u00e1s de un mes tratando de entender lo que est\u00e1 viviendo en estos momentos Brasil,\u00a0es decir, \u00a1<strong>que realicen una copa mundial de f\u00fatbol en medio de manifestaciones sociales!<\/strong>\u00a0algo aparentemente inimaginable\u00a0en el pa\u00eds de la alegr\u00eda y del f\u00fatbol como religi\u00f3n, pero\u00a0no quer\u00eda una discusi\u00f3n obvia sobre la enorme inversi\u00f3n econ\u00f3mica y si los brasileros se beneficiar\u00e1n una vez finalice el evento o ser\u00e1 la Federaci\u00f3n Internacional de F\u00fatbol Asociado FIFA la que se lleve todo el dinero,<\/p>\n<p>Buscaba un producto audiovisual\u00a0que tuviera que ver con el f\u00fatbol y a su vez con lo social y <strong>me encontr\u00e9, en dos emotivos documentales que pasaron por televisi\u00f3n, a un jugador brasilero exquisito, un l\u00edder dentro y fuera de la cancha<\/strong>, un personaje\u00a0tan interesante que llev\u00f3 con particular nobleza su legendario nombre, pero tambi\u00e9n a alguien que trascendi\u00f3 su papel como deportista para convertirse en un referente de la democracia:\u00a0<strong>S\u00f3crates<\/strong>.<\/p>\n<p>&nbsp;<\/p>\n<div id=\"attachment_939\" style=\"width: 307px\" class=\"wp-caption aligncenter\"><a href=\"http:\/\/blogs.vanguardia.com\/el-colombian-dream\/files\/2014\/06\/201112043socrates_dentro02.jpg\"><img loading=\"lazy\" decoding=\"async\" aria-describedby=\"caption-attachment-939\" class=\" wp-image-939\" src=\"http:\/\/blogs.vanguardia.com\/el-colombian-dream\/files\/2014\/06\/201112043socrates_dentro02.jpg\" alt=\"S\u00f3crates Brasileiro Sampaio de Souza Vieira de Oliveira\" width=\"307\" height=\"307\" \/><\/a><p id=\"caption-attachment-939\" class=\"wp-caption-text\">S\u00f3crates Brasileiro Sampaio de Souza Vieira de Oliveira<\/p><\/div>\n<p>&nbsp;<\/p>\n<p><strong>Los documentales son, Los rebeldes del f\u00fatbol<\/strong>, curiosamente producido y presentado por un jugador\u00a0tan rebelde como los personajes que el mismo destaca, el franc\u00e9s \u00c9ric Cantona, emitido por Se\u00f1al Colombia\u00a0<strong>y \u00b4Destino F\u00fatbol: S\u00f3crates\u00b4<\/strong>, de ESPN, un testimonial de una hora de duraci\u00f3n dedicado a recordar la singularidad de este artista, porque <strong>S\u00f3crates se consideraba un artista m\u00e1s que un atleta<\/strong>, y as\u00ed lo fue, alguien tan exquisito con el bal\u00f3n que encabez\u00f3 la maravillosa selecci\u00f3n brasilera del mundial 1982, la cual sin llegar a ser campeona del mundo consigui\u00f3 ser m\u00e1s recordada que las que si lo obtuvieron a\u00f1os despu\u00e9s, gracias a\u00a0la magia y la satisfacci\u00f3n que da el \u00b4Jogo bonito\u00b4<\/p>\n<p>La cuesti\u00f3n es que <strong>S\u00f3crates<\/strong>, bautizado as\u00ed porque su padre era amante de la literatura y la filosof\u00eda, <strong>fue el primer deportista de gran renombre en promover p\u00fablicamente el derecho a que su pa\u00eds tuviera una democracia en medio de la\u00a0dictadura militar<\/strong> campeante desde 1964 <strong>y lo hizo aprovechando el enorme poder de convocatoria que tiene el f\u00fatbol.<\/strong> \u00a0Su equipo el Corinthians que hab\u00eda salido de los puestos bajos para disputar los primeros, se preciaba de tener una democracia interna donde los jugadores ten\u00edan derecho a opinar incluso hasta en la definici\u00f3n\u00a0del t\u00e9cnico. \u00a0<strong>La Democracia corinthiana inici\u00f3 en 1982 bajo su liderazgo una campa\u00f1a para que se dieran elecciones libres en Brasil ante la mirada at\u00f3nita del gobierno<\/strong> que no se atrev\u00eda a tomar una acci\u00f3n represiva contra este equipo y su decidido capit\u00e1n, respaldados por una fanaticada incondicional.<\/p>\n<p>&nbsp;<\/p>\n<p><img loading=\"lazy\" decoding=\"async\" class=\"aligncenter  wp-image-942\" src=\"http:\/\/blogs.vanguardia.com\/el-colombian-dream\/files\/2014\/06\/descarga-1.jpg\" alt=\"descarga (1)\" width=\"388\" height=\"247\" \/><\/p>\n<p>&nbsp;<\/p>\n<p><a href=\"http:\/\/blogs.vanguardia.com\/el-colombian-dream\/files\/2014\/06\/02.jpg\"><img loading=\"lazy\" decoding=\"async\" class=\"aligncenter  wp-image-941\" src=\"http:\/\/blogs.vanguardia.com\/el-colombian-dream\/files\/2014\/06\/democracia_corinthiana.jpg\" alt=\"democracia_corinthiana\" width=\"517\" height=\"311\" srcset=\"https:\/\/blogs.vanguardia.com\/el-colombian-dream\/files\/2014\/06\/democracia_corinthiana.jpg 602w, https:\/\/blogs.vanguardia.com\/el-colombian-dream\/files\/2014\/06\/democracia_corinthiana-300x180.jpg 300w\" sizes=\"auto, (max-width: 517px) 100vw, 517px\" \/><\/a><\/p>\n<p style=\"text-align: center\">\u00abGanar o perder, siempre con Democracia\u00bb<\/p>\n<p>S\u00f3crates, era un tipo especial, diferente a los dem\u00e1s, al que por su capacidad y cultura se le permit\u00edan ciertas condiciones, como no entrenar habitualmente con todos porque estudiaba medicina en la universidad y seg\u00fan sus compa\u00f1eros de aulas, no estudiaba con ellos porque ten\u00eda que jugar con su equipo, sin embargo se gradu\u00f3 de m\u00e9dico con distinciones a los 22 a\u00f1os y se coron\u00f3 campe\u00f3n con el sencillo Corinthias en los campeonatos del 82 y 83.<\/p>\n<p>&nbsp;<\/p>\n<p><a href=\"http:\/\/blogs.vanguardia.com\/el-colombian-dream\/files\/2014\/06\/02.jpg\"><img loading=\"lazy\" decoding=\"async\" class=\"aligncenter size-full wp-image-940\" src=\"http:\/\/blogs.vanguardia.com\/el-colombian-dream\/files\/2014\/06\/02.jpg\" alt=\"02\" width=\"420\" height=\"411\" srcset=\"https:\/\/blogs.vanguardia.com\/el-colombian-dream\/files\/2014\/06\/02.jpg 420w, https:\/\/blogs.vanguardia.com\/el-colombian-dream\/files\/2014\/06\/02-300x293.jpg 300w\" sizes=\"auto, (max-width: 420px) 100vw, 420px\" \/><\/a><\/p>\n<p>&nbsp;<\/p>\n<p>&nbsp;<\/p>\n<p>\u00bfQu\u00e9 otras caracter\u00edsticas lo hac\u00eda tan particular?<\/p>\n<p>En primer lugar med\u00eda 1.93, una estatura mas propia de un portero \u00a0que de un medio campista, en segundo lugar \u00a0<strong>ve\u00eda el f\u00fatbol como diversi\u00f3n y no como un trabajo<\/strong>, por lo que abog\u00f3 entre otras cosas, para que los que estuvieran casados no tuvieran esas largas concentraciones, el mismo no segu\u00eda entrenamientos si eran extenuantes, y en tercer lugar<strong> era un ser pol\u00edtico en todo momento<\/strong>.\u00a0Seg\u00fan los entrevistados en los dos documentales, era consciente de su liderazgo y lo utiliz\u00f3\u00a0para causas comunes, incluyendo que su club tuviera en cuenta a los jugadores para decidir qu\u00e9 estrategia seguir en cada partido\u00a0y como ya mencion\u00e9, que su pa\u00eds dejara el totalitarismo y pasar\u00e1 a un sistema que les permitiera expresarse libremente.<\/p>\n<p>Cientos de hinchas del Corinthians siguieron incondicionalmente al \u201cDoctor\u201d, levantaron el pu\u00f1o como su \u00eddolo y tiempo despu\u00e9s cuando era integrante de la selecci\u00f3n miles de compatriotas suyos en todo el pa\u00eds tambi\u00e9n lo hicieron, <strong>la dictadura cay\u00f3 en 1985<\/strong>.<\/p>\n<p>Pero S\u00f3crates no era un revolucionario violento o amargado, sus compa\u00f1eros destacan su deseo por ser feliz. Si el club en el que estaba no le permit\u00eda serlo entonces no val\u00eda la pena, as\u00ed le pagaran altas cantidades de dinero, como le sucedi\u00f3 cuando estuvo en la liga italiana, que no dur\u00f3 el a\u00f1o con la Fiorentina cuando decidi\u00f3 regresar al Brasil a compartir conversaciones, m\u00fasica, tragos y diversi\u00f3n con sus amigos.<\/p>\n<p>&nbsp;<\/p>\n<p><img loading=\"lazy\" decoding=\"async\" class=\"aligncenter  wp-image-944\" src=\"http:\/\/blogs.vanguardia.com\/el-colombian-dream\/files\/2014\/06\/1323089715_extras_mosaico_noticia_1_g_0.jpg\" alt=\"1323089715_extras_mosaico_noticia_1_g_0\" width=\"495\" height=\"494\" srcset=\"https:\/\/blogs.vanguardia.com\/el-colombian-dream\/files\/2014\/06\/1323089715_extras_mosaico_noticia_1_g_0.jpg 700w, https:\/\/blogs.vanguardia.com\/el-colombian-dream\/files\/2014\/06\/1323089715_extras_mosaico_noticia_1_g_0-150x150.jpg 150w, https:\/\/blogs.vanguardia.com\/el-colombian-dream\/files\/2014\/06\/1323089715_extras_mosaico_noticia_1_g_0-300x300.jpg 300w, https:\/\/blogs.vanguardia.com\/el-colombian-dream\/files\/2014\/06\/1323089715_extras_mosaico_noticia_1_g_0-144x144.jpg 144w\" sizes=\"auto, (max-width: 495px) 100vw, 495px\" \/><\/p>\n<p>&nbsp;<\/p>\n<p>Zico dec\u00eda que S\u00f3crates no era un profesional del f\u00fatbol, era sencillamente un jugador de f\u00fatbol excepcional, pero en \u00faltimas, alguien que no quer\u00eda ser molestado con disciplinas f\u00e9rreas, <strong>de esos que se encuentran con los amigos en una tarde de s\u00e1bado para jugar un partidito y despu\u00e9s salen y se toman un par de cervezas mientras se r\u00eden de ellos mismos<\/strong>.<\/p>\n<p>Hoy muchos brasile\u00f1os entienden el valor de la democracia gracias a un futbolista llamado como un fil\u00f3sofo griego, que quer\u00eda ser feliz y hacer felices a los dem\u00e1s.\u00a0No era otra su lucha, <strong>el hombre nunca tuvo un cargo p\u00fablico a pesar de ser amigo de los que a\u00f1os m\u00e1s tarde\u00a0gobernar\u00edan el pa\u00eds,<\/strong> no quer\u00eda que se cambiara el sistema econ\u00f3mico o que le dejaran un ministerio, solo deseaba divertirse y que su entorno pudiera hacerlo igualmente, por eso despu\u00e9s de que una operaci\u00f3n de columna lo sacara del f\u00fatbol, compuso canciones, escribi\u00f3 poemas, comparti\u00f3 con amigos y lo m\u00e1s importante le dio sue\u00f1os de libertad\u00a0a su pa\u00eds.<\/p>\n<p>Yo alcanc\u00e9 a verlo jugar en el mundial de Espa\u00f1a 82, lo vi hacerle goles de sorprendente elegancia\u00a0a sus rivales y dirigir magistralmente el equipo auriverde, tambi\u00e9n lo vi perder la clasificaci\u00f3n a la final frente a la efectiva Italia del goleador Paolo Rossi; <strong>para mi fue el fin del \u00b4jogo bonito\u00b4<\/strong> y Brasil entr\u00f3 a\u00f1os despu\u00e9s a una filosof\u00eda\u00a0de resultados as\u00ed no se jugara bien.<\/p>\n<p>&nbsp;<\/p>\n<p><a href=\"http:\/\/blogs.vanguardia.com\/el-colombian-dream\/files\/2014\/06\/futbolista-brasileno-Socrates_TINIMA20111204_0044_5.jpg\"><img loading=\"lazy\" decoding=\"async\" class=\"aligncenter  wp-image-945\" src=\"http:\/\/blogs.vanguardia.com\/el-colombian-dream\/files\/2014\/06\/futbolista-brasileno-Socrates_TINIMA20111204_0044_5.jpg\" alt=\"futbolista-brasileno-Socrates_TINIMA20111204_0044_5\" width=\"440\" height=\"247\" srcset=\"https:\/\/blogs.vanguardia.com\/el-colombian-dream\/files\/2014\/06\/futbolista-brasileno-Socrates_TINIMA20111204_0044_5.jpg 627w, https:\/\/blogs.vanguardia.com\/el-colombian-dream\/files\/2014\/06\/futbolista-brasileno-Socrates_TINIMA20111204_0044_5-300x168.jpg 300w\" sizes=\"auto, (max-width: 440px) 100vw, 440px\" \/><\/a><\/p>\n<p style=\"text-align: center\">\u00a0S\u00f3crates, 1954 &#8211; 2011<\/p>\n<p style=\"text-align: left\">Y en cuanto a lo que sucede en el mundial 2014, es entendible que se proteste cuando todas las miradas del mundo est\u00e1n sobre tu pa\u00eds, despu\u00e9s de todo, rebeldes como S\u00f3crates\u00a0les hicieron ver a los brasileros que<strong> la democracia les da la condici\u00f3n de ciudadanos y con ello la opci\u00f3n de participar, aportar, discernir, criticar y si es necesario protestar<\/strong>, todo por el sagrado derecho a vivir dignamente, que mientras no sea de manera violenta es perfectamente v\u00e1lido, as\u00ed sea en medio de la euforia que genera el espect\u00e1culo m\u00e1s grande do mundo, el f\u00fatbol.<\/p>\n<p>&nbsp;<\/p>\n<p>&nbsp;<\/p>\n<p>&nbsp;<\/p>\n<p>Clic en lo azul para ver el \u00a0<a href=\"https:\/\/www.youtube.com\/watch?v=BT-sbk-dAjI\">Promo, Destino f\u00fatbol, S\u00f3crates<\/a>\u00a0y\u00a0<a href=\"https:\/\/www.youtube.com\/watch?v=JM_DIO1695A\">Rebeldes del f\u00fatbol, \u00c9ric Cantona<\/a><\/p>\n","protected":false},"excerpt":{"rendered":"<p>Llevaba m\u00e1s de un mes tratando de entender lo que est\u00e1 viviendo en estos momentos Brasil,\u00a0es decir, \u00a1que realicen una copa mundial de f\u00fatbol en medio de manifestaciones sociales!\u00a0algo aparentemente inimaginable\u00a0en el pa\u00eds de la alegr\u00eda y del f\u00fatbol como religi\u00f3n, pero\u00a0no quer\u00eda una discusi\u00f3n obvia sobre la enorme inversi\u00f3n econ\u00f3mica y si los brasileros &hellip; <\/p>\n<p><a class=\"more-link btn\" href=\"https:\/\/blogs.vanguardia.com\/el-colombian-dream\/2014\/06\/22\/los-rebeldes-del-futbol-socrates\/\">Seguir leyendo<\/a><\/p>\n","protected":false},"author":3,"featured_media":0,"comment_status":"open","ping_status":"open","sticky":false,"template":"","format":"standard","meta":{"ngg_post_thumbnail":0,"jetpack_post_was_ever_published":false,"_jetpack_newsletter_access":"","_jetpack_dont_email_post_to_subs":false,"_jetpack_newsletter_tier_id":0,"_jetpack_memberships_contains_paywalled_content":false,"_jetpack_memberships_contains_paid_content":false,"footnotes":"","jetpack_publicize_message":"","jetpack_publicize_feature_enabled":true,"jetpack_social_post_already_shared":false,"jetpack_social_options":{"image_generator_settings":{"template":"highway","default_image_id":0,"enabled":false},"version":2}},"categories":[1,16],"tags":[185,183,184,182],"class_list":["post-938","post","type-post","status-publish","format-standard","hentry","category-comentarios-cinematograficos","category-television","tag-corinthias","tag-mundial-de-futbol-2014","tag-protestas-en-el-mundial-de-brasil","tag-socrates","item-wrap"],"aioseo_notices":[],"jetpack_publicize_connections":[],"jetpack_featured_media_url":"","jetpack_shortlink":"https:\/\/wp.me\/p2uKeD-f8","jetpack_sharing_enabled":true,"_links":{"self":[{"href":"https:\/\/blogs.vanguardia.com\/el-colombian-dream\/wp-json\/wp\/v2\/posts\/938","targetHints":{"allow":["GET"]}}],"collection":[{"href":"https:\/\/blogs.vanguardia.com\/el-colombian-dream\/wp-json\/wp\/v2\/posts"}],"about":[{"href":"https:\/\/blogs.vanguardia.com\/el-colombian-dream\/wp-json\/wp\/v2\/types\/post"}],"author":[{"embeddable":true,"href":"https:\/\/blogs.vanguardia.com\/el-colombian-dream\/wp-json\/wp\/v2\/users\/3"}],"replies":[{"embeddable":true,"href":"https:\/\/blogs.vanguardia.com\/el-colombian-dream\/wp-json\/wp\/v2\/comments?post=938"}],"version-history":[{"count":17,"href":"https:\/\/blogs.vanguardia.com\/el-colombian-dream\/wp-json\/wp\/v2\/posts\/938\/revisions"}],"predecessor-version":[{"id":962,"href":"https:\/\/blogs.vanguardia.com\/el-colombian-dream\/wp-json\/wp\/v2\/posts\/938\/revisions\/962"}],"wp:attachment":[{"href":"https:\/\/blogs.vanguardia.com\/el-colombian-dream\/wp-json\/wp\/v2\/media?parent=938"}],"wp:term":[{"taxonomy":"category","embeddable":true,"href":"https:\/\/blogs.vanguardia.com\/el-colombian-dream\/wp-json\/wp\/v2\/categories?post=938"},{"taxonomy":"post_tag","embeddable":true,"href":"https:\/\/blogs.vanguardia.com\/el-colombian-dream\/wp-json\/wp\/v2\/tags?post=938"}],"curies":[{"name":"wp","href":"https:\/\/api.w.org\/{rel}","templated":true}]}}