{"id":81,"date":"2012-05-04T18:09:50","date_gmt":"2012-05-04T23:09:50","guid":{"rendered":"http:\/\/blogs.vanguardia.com\/el-colombian-dream\/?p=81"},"modified":"2020-03-09T11:24:53","modified_gmt":"2020-03-09T16:24:53","slug":"el-hobbit-y-su-adiccion-al-poder","status":"publish","type":"post","link":"https:\/\/blogs.vanguardia.com\/el-colombian-dream\/2012\/05\/04\/el-hobbit-y-su-adiccion-al-poder\/","title":{"rendered":"El Hobbit y su adicci\u00f3n al poder"},"content":{"rendered":"<p>Ahora que se anunci\u00f3 para el 2012 una cuarta parte de la saga de pel\u00edculas de El Se\u00f1or de los Anillos llamada El Hobbit, surge la pregunta \u00bfd\u00f3nde est\u00e1 el \u00e9xito de la historia para convertirse en una saga? \u00a0para algunos radica en, fusionar mitolog\u00edas del norte de Europa con cuentos de hadas y leyendas cat\u00f3licas. Para otros en la \u00e9pica lucha del bien contra el mal y para m\u00ed, en lo que podemos interpretar de la realidad a partir de su discurso.<\/p>\n<div id=\"attachment_82\" style=\"width: 248px\" class=\"wp-caption aligncenter\"><a href=\"http:\/\/blogs.vanguardia.com\/el-colombian-dream\/files\/2012\/05\/el-hobbit.jpg\"><img loading=\"lazy\" decoding=\"async\" aria-describedby=\"caption-attachment-82\" class=\" wp-image-82  \" src=\"http:\/\/blogs.vanguardia.com\/el-colombian-dream\/files\/2012\/05\/el-hobbit-214x300.jpg\" alt=\"\" width=\"248\" height=\"358\" \/><\/a><p id=\"caption-attachment-82\" class=\"wp-caption-text\">El Hobbit, la pel\u00edcula<\/p><\/div>\n<p>Es m\u00e1s, si \u00a0el creador de la historia, el ingl\u00e9s J.R.R. Tolkien, \u00a0viviera, se sorprender\u00eda con la adaptaci\u00f3n \u00a0de sus fant\u00e1sticos libros publicados en 1954 a la cotidianidad.colombiana.\u00a0Para la muestra un ejemplo bien criollo:<\/p>\n<p>Resulta que el pr\u00f3ximo 22 de mayo el Consejo Superior de la Universidad Industrial de Santander designar\u00e1 al Rector de la instituci\u00f3n para los pr\u00f3ximos 3 a\u00f1os, un reto si se tiene en cuenta que tendr\u00e1n que decidir entre la continuidad o la renovaci\u00f3n del cargo.<\/p>\n<p><strong>De por si, \u00a0en la primera jornada de elecci\u00f3n los 9 consejeros no llegaron a un resultado porque 4 votaron por un tercer periodo, \u00a04 por el cambio y el restante vot\u00f3 en blanco.<\/strong><\/p>\n<p>\u00bfY eso que tiene que ver con la trilog\u00eda de pel\u00edculas que se exhibieron entre el 2001 y el 2003 dirigidas por Peter Jackson? pues les voy a contar la trama y uds decidir\u00e1n.<\/p>\n<p><strong>La Tierra Media<\/strong><\/p>\n<p>Frodo Baggins es un t\u00edmido y decidido Hobbit habitante de La Comarca, <strong>a quien los 9 miembros representantes de las razas libres, le encargan llevar el Anillo \u00danico \u00a0hasta el Monte del Destino para destruirlo, puesto que la magia que se deriva de \u00e9l es desbordante para la fragilidad del ego humano y en manos de las fuerzas oscuras podr\u00eda resultar devastador. El Consejo Superior de la UIS lo integran 9 representantes<\/strong>: 4 de estamentos universitarios, el gobierno departamental, los gremios, exrectores y 2 representantes del gobierno nacional.<\/p>\n<div id=\"attachment_86\" style=\"width: 344px\" class=\"wp-caption aligncenter\"><a href=\"http:\/\/blogs.vanguardia.com\/el-colombian-dream\/files\/2012\/05\/elijah-wood-hobbit-frodo1.jpg\"><img loading=\"lazy\" decoding=\"async\" aria-describedby=\"caption-attachment-86\" class=\" wp-image-86   \" src=\"http:\/\/blogs.vanguardia.com\/el-colombian-dream\/files\/2012\/05\/elijah-wood-hobbit-frodo1-300x153.jpg\" alt=\"\" width=\"344\" height=\"244\" \/><\/a><p id=\"caption-attachment-86\" class=\"wp-caption-text\">Elijah Wood interpreta a Frodo<\/p><\/div>\n<p>La comunidad est\u00e1 integrada por: Gandalf, el mago gris gran consejero; Arag\u00f3n, l\u00edder por naturaleza; Boromir, heredero al trono de Gondor; Sam, Pippin, Merry y Frodo, sencillos hobbits; L\u00e9golas el Elfo, y Gimli representante de los enanos; ellos por consenso respaldan a Frodo para que lo porte (El rector de la universidad ser\u00e1 quien \u00b4porte el anillo de poder\u00b4 por tres a\u00f1os o m\u00e1s si desea reelegirse).<\/p>\n<p>El anillo \u00ab\u00danico\u00bb fue forjado en el volc\u00e1n del Monte del Destino por un ser llamado Saur\u00f3n en tiempos remotos, pero en lugar de generar progreso, su energ\u00eda provoc\u00f3 una guerra gigantesca que dividi\u00f3 a los habitantes del mundo conocido.<\/p>\n<p><strong>Despu\u00e9s de esa batalla se extravi\u00f3 y fue encontrado siglos m\u00e1s tarde por Sm\u00e9agol un hobbit que se volvi\u00f3 adicto al poder que el emanaba hasta convertirlo en un ser lastimero pero peligroso<\/strong>; a \u00e9l tambi\u00e9n se le perdi\u00f3 el preciado objeto, su \u201ctesoro\u201d y no descansar\u00e1 hasta recuperarlo. (Un efecto que suele afectar a los que no se desprenden a tiempo de esa tentaci\u00f3n).<\/p>\n<div id=\"attachment_91\" style=\"width: 344px\" class=\"wp-caption aligncenter\"><a href=\"http:\/\/blogs.vanguardia.com\/el-colombian-dream\/files\/2012\/05\/Smeagol_51.jpg\"><img loading=\"lazy\" decoding=\"async\" aria-describedby=\"caption-attachment-91\" class=\" wp-image-91  \" src=\"http:\/\/blogs.vanguardia.com\/el-colombian-dream\/files\/2012\/05\/Smeagol_51-300x200.jpg\" alt=\"\" width=\"344\" height=\"244\" \/><\/a><p id=\"caption-attachment-91\" class=\"wp-caption-text\">Sm\u00e9agol<\/p><\/div>\n<div id=\"attachment_421\" style=\"width: 358px\" class=\"wp-caption aligncenter\"><a href=\"http:\/\/blogs.vanguardia.com\/el-colombian-dream\/files\/2012\/05\/theskinnyjeanprojectdotblogspotdotcom4.jpg\"><img loading=\"lazy\" decoding=\"async\" aria-describedby=\"caption-attachment-421\" class=\"size-full wp-image-421\" title=\"theskinnyjeanprojectdotblogspotdotcom\" src=\"http:\/\/blogs.vanguardia.com\/el-colombian-dream\/files\/2012\/05\/theskinnyjeanprojectdotblogspotdotcom4.jpg\" alt=\"\" width=\"358\" height=\"286\" srcset=\"https:\/\/blogs.vanguardia.com\/el-colombian-dream\/files\/2012\/05\/theskinnyjeanprojectdotblogspotdotcom4.jpg 358w, https:\/\/blogs.vanguardia.com\/el-colombian-dream\/files\/2012\/05\/theskinnyjeanprojectdotblogspotdotcom4-300x239.jpg 300w\" sizes=\"auto, (max-width: 358px) 100vw, 358px\" \/><\/a><p id=\"caption-attachment-421\" class=\"wp-caption-text\">Smeagol consumido por no querer soltar el poder<\/p><\/div>\n<p><strong>Las luchas del poder<\/strong><\/p>\n<p>Durante el viaje hacia las tierras de Mordor, donde se debe destruir el anillo, los h\u00e9roes de la Comunidad del Anillo que escoltan a Frodo son testigos de la lucha contra las fuerzas salvajes de la naturaleza, como fr\u00edos extremos o enormes monta\u00f1as las cuales superan, frente a gigantescos ej\u00e9rcitos de Orcos y Trollers a quienes vencen con astucia y determinaci\u00f3n, contra los designios del destino o los de fuerzas sobre naturales, <strong>en batallas contra otros seres igualmente sorteadas, pero la prueba m\u00e1s dif\u00edcil, la que se libr\u00f3 al interior del hobbit elegido, la de soltar el poder:\u00a0esa, se perdi\u00f3. (Qu\u00e9 cosas con los que se enamoran de las reelecciones)<\/strong><\/p>\n<p>Frodo, ayudado por su escudero Sam, llega al volc\u00e1n despu\u00e9s de esquivar a quienes intentaron arrebatarle el anillo,\u00a0 y a punto de soltarlo\u2026 se arrepiente y lo reclama como \u00a1suyo! se aferra a esa sensaci\u00f3n, no quiere soltarlo, ya no es el mismo, su mirada est\u00e1 perdida en su ego. \u00a0Sm\u00e9agol, que los hab\u00eda seguido, lo ataca y le arrebata el anillo pero cae al volc\u00e1n y se desintegra junto a su objeto preciado.<\/p>\n<p>Sam y el mago Gandalf logran sacar a Frodo del enojado volc\u00e1n, pero el da\u00f1o en su ser es irreparable.<\/p>\n<p style=\"text-align: center\"><a href=\"http:\/\/blogs.vanguardia.com\/el-colombian-dream\/files\/2012\/05\/frodo-anell.jpg\"><img loading=\"lazy\" decoding=\"async\" class=\"aligncenter  wp-image-93\" src=\"http:\/\/blogs.vanguardia.com\/el-colombian-dream\/files\/2012\/05\/frodo-anell-300x225.jpg\" alt=\"\" width=\"344\" height=\"244\" \/><\/a><\/p>\n<p>Qu\u00e9 responsabilidad la que tiene La Comunidad del Anillo local, es decir el Consejo Superior de la Universidad Industrial de Santander: por una parte, designar al l\u00edder de su Comarca teniendo cuidado en no perpetuar l\u00edos legales \u00a0y por otra, si en verdad quieren a los miembros de la instituci\u00f3n, deben evitar que el objeto de poder consuma al hobbit y sus escoltas.<\/p>\n<p>Nota: Algunos est\u00e1n convencidos que Sm\u00e9agol no muri\u00f3, dicen que se refugi\u00f3 en una inh\u00f3spita selva, que se escuchan sus gritos desgarradores por Twitter reclamando su precioso anillo del poder y que alg\u00fan d\u00eda le quitar\u00e1 su \u201ctesoro\u201d al hobbit que lo reemplaz\u00f3, pero esa ser\u00e1 otra pel\u00edcula por contar.<\/p>\n<p style=\"text-align: center\"><a href=\"http:\/\/blogs.vanguardia.com\/el-colombian-dream\/files\/2012\/05\/uis1.png\"><img loading=\"lazy\" decoding=\"async\" class=\"aligncenter  wp-image-430\" title=\"uis\" src=\"http:\/\/blogs.vanguardia.com\/el-colombian-dream\/files\/2012\/05\/uis1.png\" alt=\"\" width=\"595\" height=\"320\" srcset=\"https:\/\/blogs.vanguardia.com\/el-colombian-dream\/files\/2012\/05\/uis1.png 992w, https:\/\/blogs.vanguardia.com\/el-colombian-dream\/files\/2012\/05\/uis1-300x161.png 300w\" sizes=\"auto, (max-width: 595px) 100vw, 595px\" \/><\/a><\/p>\n<p><em><strong>Mario Mantilla Barajas<\/strong><\/em><br \/>\n<em>Comunicador Social \u2013 Realizador Audiovisual<\/em><br \/>\n<em>mariomantilla88.blogspot.com \u00a0 \u00a0 \u00a0\/ \u00a0 \u00a0 twitter: \u00a0<em>@mareoman88\u00a0<\/em><\/em><br \/>\n<em>Facebook, Control TV \u2013 Defensor\u00eda del Televidente Canal TRO<\/em><\/p>\n","protected":false},"excerpt":{"rendered":"<p>Ahora que se anunci\u00f3 para el 2012 una cuarta parte de la saga de pel\u00edculas de El Se\u00f1or de los Anillos llamada El Hobbit, surge la pregunta \u00bfd\u00f3nde est\u00e1 el \u00e9xito de la historia para convertirse en una saga? \u00a0para algunos radica en, fusionar mitolog\u00edas del norte de Europa con cuentos de hadas y leyendas &hellip; <\/p>\n<p><a class=\"more-link btn\" href=\"https:\/\/blogs.vanguardia.com\/el-colombian-dream\/2012\/05\/04\/el-hobbit-y-su-adiccion-al-poder\/\">Seguir leyendo<\/a><\/p>\n","protected":false},"author":3,"featured_media":0,"comment_status":"open","ping_status":"open","sticky":false,"template":"","format":"standard","meta":{"ngg_post_thumbnail":0,"jetpack_post_was_ever_published":false,"_jetpack_newsletter_access":"","_jetpack_dont_email_post_to_subs":false,"_jetpack_newsletter_tier_id":0,"_jetpack_memberships_contains_paywalled_content":false,"_jetpack_memberships_contains_paid_content":false,"footnotes":"","jetpack_publicize_message":"","jetpack_publicize_feature_enabled":true,"jetpack_social_post_already_shared":false,"jetpack_social_options":{"image_generator_settings":{"template":"highway","default_image_id":0,"enabled":false},"version":2}},"categories":[1],"tags":[13,14,12,22],"class_list":["post-81","post","type-post","status-publish","format-standard","hentry","category-comentarios-cinematograficos","tag-adiccion-al-poder","tag-el-hobbit","tag-el-senor-de-los-anillos","tag-uis","item-wrap"],"aioseo_notices":[],"jetpack_publicize_connections":[],"jetpack_featured_media_url":"","jetpack_shortlink":"https:\/\/wp.me\/p2uKeD-1j","jetpack_sharing_enabled":true,"_links":{"self":[{"href":"https:\/\/blogs.vanguardia.com\/el-colombian-dream\/wp-json\/wp\/v2\/posts\/81","targetHints":{"allow":["GET"]}}],"collection":[{"href":"https:\/\/blogs.vanguardia.com\/el-colombian-dream\/wp-json\/wp\/v2\/posts"}],"about":[{"href":"https:\/\/blogs.vanguardia.com\/el-colombian-dream\/wp-json\/wp\/v2\/types\/post"}],"author":[{"embeddable":true,"href":"https:\/\/blogs.vanguardia.com\/el-colombian-dream\/wp-json\/wp\/v2\/users\/3"}],"replies":[{"embeddable":true,"href":"https:\/\/blogs.vanguardia.com\/el-colombian-dream\/wp-json\/wp\/v2\/comments?post=81"}],"version-history":[{"count":21,"href":"https:\/\/blogs.vanguardia.com\/el-colombian-dream\/wp-json\/wp\/v2\/posts\/81\/revisions"}],"predecessor-version":[{"id":1899,"href":"https:\/\/blogs.vanguardia.com\/el-colombian-dream\/wp-json\/wp\/v2\/posts\/81\/revisions\/1899"}],"wp:attachment":[{"href":"https:\/\/blogs.vanguardia.com\/el-colombian-dream\/wp-json\/wp\/v2\/media?parent=81"}],"wp:term":[{"taxonomy":"category","embeddable":true,"href":"https:\/\/blogs.vanguardia.com\/el-colombian-dream\/wp-json\/wp\/v2\/categories?post=81"},{"taxonomy":"post_tag","embeddable":true,"href":"https:\/\/blogs.vanguardia.com\/el-colombian-dream\/wp-json\/wp\/v2\/tags?post=81"}],"curies":[{"name":"wp","href":"https:\/\/api.w.org\/{rel}","templated":true}]}}