{"id":1849,"date":"2020-03-07T08:24:50","date_gmt":"2020-03-07T13:24:50","guid":{"rendered":"http:\/\/blogs.vanguardia.com\/el-colombian-dream\/?p=1849"},"modified":"2020-03-07T09:09:15","modified_gmt":"2020-03-07T14:09:15","slug":"virus-de-pelicula","status":"publish","type":"post","link":"https:\/\/blogs.vanguardia.com\/el-colombian-dream\/2020\/03\/07\/virus-de-pelicula\/","title":{"rendered":"\u00a1VIRUS! de pel\u00edcula"},"content":{"rendered":"\n<p>En estos tiempos en los que el temor por la expansi\u00f3n del virus Covid -19 m\u00e1s conocido como <strong>Coronavirus<\/strong> se hace latente en todo el mundo, han vuelto a ponerse de moda pel\u00edculas que tienen como protagonistas diferentes tipos de microorganismos capaces de poner en riesgo la existencia humana en corto tiempo. Una de ellas que volvi\u00f3 al cat\u00e1logo de Netflix es una surcoreana del 2013 llamada <strong>Virus<\/strong>, la cual muestra las consecuencias de afrontar una emergencia de salud similar a la que estamos viviendo con el Covid-19, armados s\u00f3lo de ignorancia gubernamental y miedo colectivo. <\/p>\n\n\n\n<div class=\"wp-block-image\"><figure class=\"aligncenter size-large is-resized\"><img loading=\"lazy\" decoding=\"async\" src=\"https:\/\/blogs.vanguardia.com\/el-colombian-dream\/files\/2020\/03\/NO6T4XW2ZNFRBBESCXVR6RUWEA-1024x563.jpg\" alt=\"\" class=\"wp-image-1852\" width=\"658\" height=\"361\" srcset=\"https:\/\/blogs.vanguardia.com\/el-colombian-dream\/files\/2020\/03\/NO6T4XW2ZNFRBBESCXVR6RUWEA-1024x563.jpg 1024w, https:\/\/blogs.vanguardia.com\/el-colombian-dream\/files\/2020\/03\/NO6T4XW2ZNFRBBESCXVR6RUWEA-300x165.jpg 300w, https:\/\/blogs.vanguardia.com\/el-colombian-dream\/files\/2020\/03\/NO6T4XW2ZNFRBBESCXVR6RUWEA-768x422.jpg 768w, https:\/\/blogs.vanguardia.com\/el-colombian-dream\/files\/2020\/03\/NO6T4XW2ZNFRBBESCXVR6RUWEA.jpg 1200w\" sizes=\"auto, (max-width: 658px) 100vw, 658px\" \/><figcaption> <em>Jang Hyuk y la actriz Soo Ae  protagonistas de Virus<\/em> <\/figcaption><\/figure><\/div>\n\n\n\n<p>La historia se desarrolla en una poblaci\u00f3n cercana a Se\u00fal en Corea del Sur llamada <strong>Bundang-gu<\/strong> en donde se propaga una mutaci\u00f3n m\u00e1s violenta del virus <strong>H5N1<\/strong>, el cual se transmite por v\u00eda respiratoria despu\u00e9s de que alg\u00fan contagiado tosa cerca. El giro dram\u00e1tico es que puede matar un humano en menos de 2 d\u00edas.<\/p>\n\n\n\n<p>En la vida real empezamos a escuchar del Coronavirus a finales de 2019 cuando en la provincia China de <strong>Wuhan<\/strong> se registraron los primeros brotes, con preocupantes saldos tr\u00e1gicos y aunque se puso en cuarentena  a la poblaci\u00f3n, en lo que va del 2020 varias personas en tr\u00e1nsito han propagado la enfermedad  por otros pa\u00edses del continente asi\u00e1tico, Europa y recientemente a Am\u00e9rica en sus tres continentes.<\/p>\n\n\n\n<p>En la pel\u00edcula, el gobierno tambi\u00e9n declara en <strong>cuarentena<\/strong> a Bundang-gu mientras trata de encontrar a un sobreviviente inicial quien al parecer podr\u00eda tener anticuerpos para hacer una vacuna. Las cosas se salen de control pues mezclaron personas infectadas con las que no lo estaban, generando un p\u00e1nico en masa.<\/p>\n\n\n\n<div class=\"wp-block-image\"><figure class=\"aligncenter size-large is-resized\"><img loading=\"lazy\" decoding=\"async\" src=\"https:\/\/blogs.vanguardia.com\/el-colombian-dream\/files\/2020\/03\/384856049_20368847_20200302143725.jpg\" alt=\"\" class=\"wp-image-1853\" width=\"643\" height=\"381\" srcset=\"https:\/\/blogs.vanguardia.com\/el-colombian-dream\/files\/2020\/03\/384856049_20368847_20200302143725.jpg 675w, https:\/\/blogs.vanguardia.com\/el-colombian-dream\/files\/2020\/03\/384856049_20368847_20200302143725-300x178.jpg 300w\" sizes=\"auto, (max-width: 643px) 100vw, 643px\" \/><figcaption> <\/figcaption><\/figure><\/div>\n\n\n\n<p>No falta en la trama el funcionario de gobierno que quiere arreglar todo a punta de quemar a los infectados, <strong>el que se niega a dar la orden de evacuar<\/strong> (como sucedi\u00f3 con la tragedia de Armero), el m\u00e9dico que no es escuchado y la intervenci\u00f3n b\u00e9lica de Estados Unidos cuando parece que se desborda la emergencia.<\/p>\n\n\n\n<p>Hace algunos a\u00f1os plante\u00e9 que el cine y el arte en general puede cumplir una funci\u00f3n de <strong>or\u00e1culo<\/strong>, es decir, plantear escenarios futuros, predecir situaciones o desenlaces sociales. Y aunque hemos vistos historias bien raras en cine relacionadas con pandemias que van desde mutaciones cient\u00edficas hasta <strong>Zombies<\/strong> ( Contagio, Guerra Mundial Z, Epidemia, 12 monos, Hijos del hombre y La amenaza de Andr\u00f3meda, entre otras) <strong>Virus<\/strong> es quiz\u00e1s la m\u00e1s cercana a la situaci\u00f3n que actualmente conocemos.<\/p>\n\n\n\n<p>No s\u00f3lo por desarrollarse en un pa\u00eds asi\u00e1tico sino porque la historia del director <a href=\"https:\/\/es.wikipedia.org\/w\/index.php?title=Kim_Sung-su&amp;action=edit&amp;redlink=1\"><strong>Kim Sung-su<\/strong><\/a>, muestra el desconocimiento de la gente sobre la enfermedad, la torpeza de los gobiernos para manejar la situaci\u00f3n y las consecuencias en otros sectores de la econom\u00eda producto del <strong>p\u00e1nico<\/strong>. <\/p>\n\n\n\n<div class=\"wp-block-jetpack-tiled-gallery aligncenter is-style-rectangular\"><div class=\"tiled-gallery__gallery\"><div class=\"tiled-gallery__row\"><div class=\"tiled-gallery__col\"><figure class=\"tiled-gallery__item\"><img decoding=\"async\" srcset=\"https:\/\/i0.wp.com\/blogs.vanguardia.com\/el-colombian-dream\/files\/2020\/03\/450_1000-2-1.jpeg?strip=info&#038;w=450&#038;ssl=1 450w\" alt=\"\" data-height=\"236\" data-id=\"1855\" data-link=\"https:\/\/blogs.vanguardia.com\/el-colombian-dream\/?attachment_id=1855\" data-url=\"https:\/\/blogs.vanguardia.com\/el-colombian-dream\/files\/2020\/03\/450_1000-2-1.jpeg\" data-width=\"450\" src=\"https:\/\/i0.wp.com\/blogs.vanguardia.com\/el-colombian-dream\/files\/2020\/03\/450_1000-2-1.jpeg?ssl=1\" \/><\/figure><\/div><div class=\"tiled-gallery__col\"><figure class=\"tiled-gallery__item\"><img decoding=\"async\" srcset=\"https:\/\/i1.wp.com\/blogs.vanguardia.com\/el-colombian-dream\/files\/2020\/03\/contagio1.jpg?strip=info&#038;w=590&#038;ssl=1 590w\" alt=\"\" data-height=\"290\" data-id=\"1856\" data-link=\"https:\/\/blogs.vanguardia.com\/el-colombian-dream\/?attachment_id=1856\" data-url=\"https:\/\/blogs.vanguardia.com\/el-colombian-dream\/files\/2020\/03\/contagio1.jpg\" data-width=\"590\" src=\"https:\/\/i1.wp.com\/blogs.vanguardia.com\/el-colombian-dream\/files\/2020\/03\/contagio1.jpg?ssl=1\" \/><\/figure><\/div><\/div><div class=\"tiled-gallery__row\"><div class=\"tiled-gallery__col\"><figure class=\"tiled-gallery__item\"><img decoding=\"async\" srcset=\"https:\/\/i2.wp.com\/blogs.vanguardia.com\/el-colombian-dream\/files\/2020\/03\/dvd-pelicula-epidemia-outbreak-original-nueva-cerrada-D_NQ_NP_879266-MLM27098201565_032018-F.jpg?strip=info&#038;w=600&#038;ssl=1 600w,https:\/\/i2.wp.com\/blogs.vanguardia.com\/el-colombian-dream\/files\/2020\/03\/dvd-pelicula-epidemia-outbreak-original-nueva-cerrada-D_NQ_NP_879266-MLM27098201565_032018-F.jpg?strip=info&#038;w=630&#038;ssl=1 630w\" alt=\"\" data-height=\"802\" data-id=\"1857\" data-link=\"https:\/\/blogs.vanguardia.com\/el-colombian-dream\/?attachment_id=1857\" data-url=\"https:\/\/blogs.vanguardia.com\/el-colombian-dream\/files\/2020\/03\/dvd-pelicula-epidemia-outbreak-original-nueva-cerrada-D_NQ_NP_879266-MLM27098201565_032018-F.jpg\" data-width=\"630\" src=\"https:\/\/i2.wp.com\/blogs.vanguardia.com\/el-colombian-dream\/files\/2020\/03\/dvd-pelicula-epidemia-outbreak-original-nueva-cerrada-D_NQ_NP_879266-MLM27098201565_032018-F.jpg?ssl=1\" \/><\/figure><\/div><div class=\"tiled-gallery__col\"><figure class=\"tiled-gallery__item\"><img decoding=\"async\" srcset=\"https:\/\/i2.wp.com\/blogs.vanguardia.com\/el-colombian-dream\/files\/2020\/03\/Tren_a_Busan-432291989-large.jpg?strip=info&#038;w=600&#038;ssl=1 600w\" alt=\"\" data-height=\"850\" data-id=\"1858\" data-link=\"https:\/\/blogs.vanguardia.com\/el-colombian-dream\/?attachment_id=1858\" data-url=\"https:\/\/blogs.vanguardia.com\/el-colombian-dream\/files\/2020\/03\/Tren_a_Busan-432291989-large.jpg\" data-width=\"600\" src=\"https:\/\/i2.wp.com\/blogs.vanguardia.com\/el-colombian-dream\/files\/2020\/03\/Tren_a_Busan-432291989-large.jpg?ssl=1\" \/><\/figure><\/div><div class=\"tiled-gallery__col\"><figure class=\"tiled-gallery__item\"><img decoding=\"async\" srcset=\"https:\/\/i0.wp.com\/blogs.vanguardia.com\/el-colombian-dream\/files\/2020\/03\/tumblr_n3xkjxmgit1shls1eo1_1280.jpg?strip=info&#038;w=600&#038;ssl=1 600w,https:\/\/i0.wp.com\/blogs.vanguardia.com\/el-colombian-dream\/files\/2020\/03\/tumblr_n3xkjxmgit1shls1eo1_1280.jpg?strip=info&#038;w=900&#038;ssl=1 900w,https:\/\/i0.wp.com\/blogs.vanguardia.com\/el-colombian-dream\/files\/2020\/03\/tumblr_n3xkjxmgit1shls1eo1_1280.jpg?strip=info&#038;w=930&#038;ssl=1 930w\" alt=\"\" data-height=\"1300\" data-id=\"1859\" data-link=\"https:\/\/blogs.vanguardia.com\/el-colombian-dream\/?attachment_id=1859\" data-url=\"https:\/\/blogs.vanguardia.com\/el-colombian-dream\/files\/2020\/03\/tumblr_n3xkjxmgit1shls1eo1_1280.jpg\" data-width=\"930\" src=\"https:\/\/i0.wp.com\/blogs.vanguardia.com\/el-colombian-dream\/files\/2020\/03\/tumblr_n3xkjxmgit1shls1eo1_1280.jpg?ssl=1\" \/><\/figure><\/div><\/div><\/div><\/div>\n\n\n\n<p class=\"has-background has-light-green-cyan-background-color\"><strong>Nota<\/strong>: Estamos hablando del tema, pues en su forma Virus es muy gr\u00e1fica y desagradable en algunas escenas, exagerada en las actuaciones y melodram\u00e1tica.<\/p>\n\n\n\n<p>Claro est\u00e1 que <strong>la realidad supera la ficci\u00f3n<\/strong>. El sistema de controles y prevenci\u00f3n de enfermedades en <strong>Colombia<\/strong> fue objeto de burlas la presente semana porque en los aeropuertos se limitaban a preguntar si ven\u00edan o no infectados, sin hacer un chequeo m\u00e9dico, ni seguir protocolos. El presidente de los Estados Unidos Donald Trump, anunciaba la prohibici\u00f3n de entrada de pasajeros a su pa\u00eds, no por su condici\u00f3n de salud sino por su nacionalidad y las noticias sin fundamento sobre el verdadero alcance del virus proliferaron en las redes sociales.<\/p>\n\n\n\n<p><strong>La Organizaci\u00f3n Mundial de la Salud OMS<\/strong> explic\u00f3 que el Covid -19 produce infecciones respiratorias y afecta de manera grave a personas con bajas defensas, sin embargo, la mayor\u00eda se ha recuperado satisfactoriamente.<\/p>\n\n\n\n<p>Naturalmente hay que tener cuidados b\u00e1sicos como el lavado constante de las manos, no tener contacto con las <strong>\u00abgot\u00edculas\u00bb<\/strong> de alguien que tose, anunciar a los m\u00e9dicos sobre viajes a las zonas afectadas y mantenerse informados de fuentes confiables sobre los estudios de este nuevo virus, pues todav\u00eda no existe una vacuna.<\/p>\n\n\n\n<div class=\"wp-block-image\"><figure class=\"aligncenter size-large is-resized\"><img loading=\"lazy\" decoding=\"async\" src=\"https:\/\/blogs.vanguardia.com\/el-colombian-dream\/files\/2020\/03\/oms-logo-915x1024.png\" alt=\"\" class=\"wp-image-1860\" width=\"284\" height=\"318\" srcset=\"https:\/\/blogs.vanguardia.com\/el-colombian-dream\/files\/2020\/03\/oms-logo-915x1024.png 915w, https:\/\/blogs.vanguardia.com\/el-colombian-dream\/files\/2020\/03\/oms-logo-268x300.png 268w, https:\/\/blogs.vanguardia.com\/el-colombian-dream\/files\/2020\/03\/oms-logo-768x859.png 768w, https:\/\/blogs.vanguardia.com\/el-colombian-dream\/files\/2020\/03\/oms-logo.png 1159w\" sizes=\"auto, (max-width: 284px) 100vw, 284px\" \/><\/figure><\/div>\n\n\n\n<p class=\"has-text-align-center\">Click aqu\u00ed <a href=\"http:\/\/OMS Preguntas y respuestas sobre el Coronavirushttps:\/\/www.who.int\/es\/emergencies\/diseases\/novel-coronavirus-2019\/advice-for-public\/q-a-coronaviruses\">OMS Preguntas y respuestas sobre el Coronavirus<\/a><\/p>\n\n\n\n<p>El com\u00fan denominador de las pel\u00edculas que tocan estos dramas es que derivan en <strong>trillers<\/strong> impactantes con poco sustento cient\u00edfico. Hay que verlos como lo que son, productos cinematogr\u00e1ficos de entretenimiento. Si quieren informarse con datos, seguimientos, <strong>contextualizaci\u00f3n<\/strong> y pasos a seguir si llega a su zona, hay que seguir las instrucciones de la OMS o ver series documentales como <strong>Pandemia<\/strong> tambi\u00e9n en Netflix que nos acerca mejor a la lucha contra estos microorganismos parientes de la gripa.<\/p>\n\n\n\n<p>  <\/p>\n","protected":false},"excerpt":{"rendered":"<p>En estos tiempos en los que el temor por la expansi\u00f3n del virus Covid -19 m\u00e1s conocido como Coronavirus se hace latente en todo el mundo, han vuelto a ponerse de moda pel\u00edculas que tienen como protagonistas diferentes tipos de microorganismos capaces de poner en riesgo la existencia humana en corto tiempo. Una de ellas &hellip; <\/p>\n<p><a class=\"more-link btn\" href=\"https:\/\/blogs.vanguardia.com\/el-colombian-dream\/2020\/03\/07\/virus-de-pelicula\/\">Seguir leyendo<\/a><\/p>\n","protected":false},"author":3,"featured_media":1863,"comment_status":"open","ping_status":"closed","sticky":false,"template":"","format":"standard","meta":{"ngg_post_thumbnail":0,"jetpack_post_was_ever_published":false,"_jetpack_newsletter_access":"","_jetpack_dont_email_post_to_subs":false,"_jetpack_newsletter_tier_id":0,"_jetpack_memberships_contains_paywalled_content":false,"_jetpack_memberships_contains_paid_content":false,"footnotes":"","jetpack_publicize_message":"","jetpack_publicize_feature_enabled":true,"jetpack_social_post_already_shared":true,"jetpack_social_options":{"image_generator_settings":{"template":"highway","default_image_id":0,"enabled":false},"version":2}},"categories":[1],"tags":[392,391,393,390],"class_list":["post-1849","post","type-post","status-publish","format-standard","has-post-thumbnail","hentry","category-comentarios-cinematograficos","tag-contagio","tag-coronavirus","tag-covid-19","tag-virus","item-wrap"],"aioseo_notices":[],"jetpack_publicize_connections":[],"jetpack_featured_media_url":"https:\/\/blogs.vanguardia.com\/el-colombian-dream\/files\/2020\/03\/NO6T4XW2ZNFRBBESCXVR6RUWEA-1.jpg","jetpack_shortlink":"https:\/\/wp.me\/p2uKeD-tP","jetpack_sharing_enabled":true,"_links":{"self":[{"href":"https:\/\/blogs.vanguardia.com\/el-colombian-dream\/wp-json\/wp\/v2\/posts\/1849","targetHints":{"allow":["GET"]}}],"collection":[{"href":"https:\/\/blogs.vanguardia.com\/el-colombian-dream\/wp-json\/wp\/v2\/posts"}],"about":[{"href":"https:\/\/blogs.vanguardia.com\/el-colombian-dream\/wp-json\/wp\/v2\/types\/post"}],"author":[{"embeddable":true,"href":"https:\/\/blogs.vanguardia.com\/el-colombian-dream\/wp-json\/wp\/v2\/users\/3"}],"replies":[{"embeddable":true,"href":"https:\/\/blogs.vanguardia.com\/el-colombian-dream\/wp-json\/wp\/v2\/comments?post=1849"}],"version-history":[{"count":4,"href":"https:\/\/blogs.vanguardia.com\/el-colombian-dream\/wp-json\/wp\/v2\/posts\/1849\/revisions"}],"predecessor-version":[{"id":1864,"href":"https:\/\/blogs.vanguardia.com\/el-colombian-dream\/wp-json\/wp\/v2\/posts\/1849\/revisions\/1864"}],"wp:featuredmedia":[{"embeddable":true,"href":"https:\/\/blogs.vanguardia.com\/el-colombian-dream\/wp-json\/wp\/v2\/media\/1863"}],"wp:attachment":[{"href":"https:\/\/blogs.vanguardia.com\/el-colombian-dream\/wp-json\/wp\/v2\/media?parent=1849"}],"wp:term":[{"taxonomy":"category","embeddable":true,"href":"https:\/\/blogs.vanguardia.com\/el-colombian-dream\/wp-json\/wp\/v2\/categories?post=1849"},{"taxonomy":"post_tag","embeddable":true,"href":"https:\/\/blogs.vanguardia.com\/el-colombian-dream\/wp-json\/wp\/v2\/tags?post=1849"}],"curies":[{"name":"wp","href":"https:\/\/api.w.org\/{rel}","templated":true}]}}