{"id":15,"date":"2012-04-24T01:43:11","date_gmt":"2012-04-24T01:43:11","guid":{"rendered":"http:\/\/blogs.vanguardia.com\/el-colombian-dream\/?p=15"},"modified":"2012-08-25T18:49:06","modified_gmt":"2012-08-25T23:49:06","slug":"dimension-desconocida-en-canaveral","status":"publish","type":"post","link":"https:\/\/blogs.vanguardia.com\/el-colombian-dream\/2012\/04\/24\/dimension-desconocida-en-canaveral\/","title":{"rendered":"4 D, Dimensi\u00f3n Desconocida en Ca\u00f1averal"},"content":{"rendered":"<div>\n<p>Cuando nos enteramos que en Ca\u00f1averal abrieron un teatro para sentir la Cuarta Dimensi\u00f3n cinematogr\u00e1fica, mi hijo de 9 a\u00f1os me pregunt\u00f3 \u00a0\u00bfsi sab\u00eda c\u00f3mo era eso del cine en 4D? y lo m\u00e1s cercano que encontr\u00e9 en mi experiencia para ilustrarlo fue la vez que siendo ni\u00f1o viv\u00ed algo cercano en una \u201cCiudad de Hierro\u201d que lleg\u00f3 a Bucaramanga.<\/p>\n<p>&nbsp;<\/p>\n<\/div>\n<p style=\"text-align: center;\"><a href=\"http:\/\/blogs.vanguardia.com\/el-colombian-dream\/files\/2012\/04\/Monta\u00f1a-Rusa1.jpg\"><img loading=\"lazy\" decoding=\"async\" class=\" wp-image-25 aligncenter\" src=\"http:\/\/blogs.vanguardia.com\/el-colombian-dream\/files\/2012\/04\/Monta\u00f1a-Rusa1-300x300.jpg\" alt=\"\" width=\"348\" height=\"302\" \/><\/a><\/p>\n<p>&nbsp;<\/p>\n<div>\n<p>Sucedi\u00f3 en una de esas ferias de atracci\u00f3n que se ubicaban en Ciudadela Real de Minas; con su Monta\u00f1a Rusa un tanto oxidada, estrecha y temblorosa, la centr\u00edfuga mareadora, \u00a0atracciones que para m\u00ed no lo eran tanto por mi facilidad al mareo, incluyendo los Carros Chocones, que por estar en tierra no eran menos \u00b4particulares\u00b4 pues estaban conectados con una especie de antena a una parrilla el\u00e9ctrica y cada vez que chocaban produc\u00edan una descarga, que\u00a0podr\u00eda ser \u00a1mortal! \u00a0a juzgar por los letreros de \u201cPeligro, no bajarse del carro\u201d con una calavera ubicados en toda la pista,<\/p>\n<p>&nbsp;<\/p>\n<\/div>\n<div>\n<p style=\"text-align: center;\"><a href=\"http:\/\/blogs.vanguardia.com\/el-colombian-dream\/files\/2012\/04\/Parque-de-juego1.jpg\"><img loading=\"lazy\" decoding=\"async\" class=\" wp-image-26 aligncenter\" src=\"http:\/\/blogs.vanguardia.com\/el-colombian-dream\/files\/2012\/04\/Parque-de-juego1-300x200.jpg\" alt=\"\" width=\"348\" height=\"255\" \/><\/a><\/p>\n<p>&nbsp;<\/p>\n<\/div>\n<div>\n<p>Hasta que al fin encontr\u00e9 un aparato que me llam\u00f3 la atenci\u00f3n y adem\u00e1s no hab\u00eda mucha cola. Era un Cohete con capacidad para 12 personas aproximadamente que ten\u00eda en su interior una pantalla grande, parecido al que nos regal\u00f3 M\u00e9li\u00e9s en su Viaje a la Luna.\u00a0 Una vez adentro, le cont\u00e9 al pelao, que la punta del cohete empez\u00f3 a elevarse y todos quedamos pr\u00e1cticamente acostados, la pantalla se encendi\u00f3 y apareci\u00f3 el recorrido del cohete por el cielo, su entrada al espacio exterior, el paso por meteoritos y que mientras ve\u00edamos esto el aparato se mov\u00eda, inclinaba o giraba en una especie de realidad virtual.<\/p>\n<p>&nbsp;<\/p>\n<\/div>\n<div><\/div>\n<div>\n<p style=\"text-align: center;\"><a href=\"http:\/\/blogs.vanguardia.com\/el-colombian-dream\/files\/2012\/04\/vlcsnap-1492902.png\"><img loading=\"lazy\" decoding=\"async\" class=\" wp-image-27 aligncenter\" src=\"http:\/\/blogs.vanguardia.com\/el-colombian-dream\/files\/2012\/04\/vlcsnap-1492902-300x225.png\" alt=\"\" width=\"348\" height=\"255\" \/><\/a>\u00a0 \u00a0 \u00a0 Fotograma pel\u00edcula Viaje a la Luna, George M\u00e9li\u00e9s, 1902<\/p>\n<p>&nbsp;<\/p>\n<p>Nada que hacer, mis recuerdos lo motiv\u00f3 tanto como a m\u00ed. Salimos bulliciosos con primitos y amiguitos entre 5 a 10 a\u00f1os al Cine Aventura de Ca\u00f1averal donde pasaban 3 cortos aproximadamente de 10 minutos cada uno. Mi confusi\u00f3n comenz\u00f3 en la sala de espera, pues la organizaci\u00f3n reparte gafas para ver apartes de una pel\u00edcula en 3D en un TV y me hice a la idea que una vez adentro ver\u00edamos im\u00e1genes cinematogr\u00e1ficas pero no fue as\u00ed.<\/p>\n<p>&nbsp;<\/p>\n<\/div>\n<div>\n<div id=\"attachment_424\" style=\"width: 420px\" class=\"wp-caption aligncenter\"><a href=\"http:\/\/blogs.vanguardia.com\/el-colombian-dream\/files\/2012\/04\/cine-aventura-109-0011.jpg\"><img loading=\"lazy\" decoding=\"async\" aria-describedby=\"caption-attachment-424\" class=\" wp-image-424 \" title=\"cine aventura 109-001\" src=\"http:\/\/blogs.vanguardia.com\/el-colombian-dream\/files\/2012\/04\/cine-aventura-109-0011-1024x575.jpg\" alt=\"\" width=\"420\" height=\"235\" srcset=\"https:\/\/blogs.vanguardia.com\/el-colombian-dream\/files\/2012\/04\/cine-aventura-109-0011-1024x575.jpg 1024w, https:\/\/blogs.vanguardia.com\/el-colombian-dream\/files\/2012\/04\/cine-aventura-109-0011-300x168.jpg 300w\" sizes=\"auto, (max-width: 420px) 100vw, 420px\" \/><\/a><p id=\"caption-attachment-424\" class=\"wp-caption-text\">Sala de espera Cine Aventura 4 D Floridablanca Sder<\/p><\/div>\n<p>&nbsp;<\/p>\n<p>Cuando dieron la entrada a la sala principal vimos tres hileras escalonadas con cuatro puestos cada una, similar a las de mi cohete pero modernas, ah\u00ed me alegr\u00e9, nos amarramos el cintur\u00f3n de seguridad y nos pusimos las nuevas gafas para el 4D y efectivamente comenz\u00f3 la acci\u00f3n. El primer corto en realidad es un recorrido por una Monta\u00f1a Rusa digital; es decir no son im\u00e1genes grabadas con una c\u00e1mara sino creadas por computador, las sillas se mueven pero no est\u00e1 el v\u00e9rtigo que recordaba en la oxidada Ciudad de Hierro.<\/p>\n<\/div>\n<div>\n<p>&nbsp;<\/p>\n<\/div>\n<div>\n<p>Luego un peque\u00f1o de 4 a\u00f1os comenz\u00f3 a llorar y una de mis sobrinas tambi\u00e9n pues el segundo corto inclu\u00eda una ara\u00f1a gigante que amenazaba con atacarnos y en 4D puede ser impactante para los m\u00e1s chiquitos. El llanto del ni\u00f1o se transform\u00f3 en gritos: \u201c\u00a1s\u00e1quenme de aqu\u00ed!\u201d y el pap\u00e1 aunque intentaba convencerlo que era divertido solo lograba gritos mayores. De pronto empec\u00e9 a sudar frio porque es bastante tiempo dando vueltas y la cabeza ya no me da para tanto.<\/p>\n<\/div>\n<div>\n<p>&nbsp;<\/p>\n<\/div>\n<p style=\"text-align: center;\"><a href=\"http:\/\/blogs.vanguardia.com\/el-colombian-dream\/files\/2012\/04\/cine-aventura-122-004.jpg\"><img loading=\"lazy\" decoding=\"async\" class=\" wp-image-29 aligncenter\" src=\"http:\/\/blogs.vanguardia.com\/el-colombian-dream\/files\/2012\/04\/cine-aventura-122-004-300x168.jpg\" alt=\"\" width=\"360\" height=\"187\" \/><\/a><\/p>\n<div>\n<p>&nbsp;<\/p>\n<\/div>\n<div>\n<p>Sin embargo, los pelaos mayorcitos, los de 9 y 10 a\u00f1os, se la gozaban como nunca, se divert\u00edan cada vez que les ca\u00eda un chorrito de agua o sent\u00edan una vibraci\u00f3n en la silla mientras en la imagen el desbocado carrito de safari se sal\u00eda de la carretera.<\/p>\n<\/div>\n<div>\n<p>&nbsp;<\/p>\n<\/div>\n<div>\n<p>Mi sobrina de 5 a\u00f1os no aguant\u00f3 m\u00e1s, se quit\u00f3 el cintur\u00f3n, la alc\u00e9,\u00a0se enganch\u00f3 en un abrazo con la cabeza escondida en mi pecho y aun faltaba el \u00faltimo corto aun m\u00e1s oscuro que los otros pues se desarrollaba al interior de unos t\u00faneles y cuevas.<\/p>\n<p>&nbsp;<\/p>\n<\/div>\n<p style=\"text-align: center;\"><a href=\"http:\/\/blogs.vanguardia.com\/el-colombian-dream\/files\/2012\/04\/cine-aventura-099-001.jpg\"><img loading=\"lazy\" decoding=\"async\" class=\" wp-image-24 aligncenter\" src=\"http:\/\/blogs.vanguardia.com\/el-colombian-dream\/files\/2012\/04\/cine-aventura-099-001-300x168.jpg\" alt=\"\" width=\"348\" height=\"187\" \/><\/a><\/p>\n<div>\n<p>&nbsp;<\/p>\n<\/div>\n<div>\n<p>Sal\u00ed un poco mareado de esta especie de Ciudad de Hierro actual, intentando sostener una sonrisa con los pelaos emocionados pero no pude, no comprend\u00eda c\u00f3mo es que a ellos les hab\u00eda fascinado tanto. Apenas llegamos a la casa, cogieron los controles de la consola de juegos, pusieron Super Mario Galaxy y empezaron a brincar y a \u201cconvulsionar\u201d con el recorrido de Monta\u00f1a Rusa espacial, peleas con monstruos digitales, acompa\u00f1ados por el zumbido y vibraci\u00f3n del control, ah\u00ed entend\u00ed.<\/p>\n<\/div>\n<div>\n<p>&nbsp;<\/p>\n<\/div>\n<div>\n<p>Tocar\u00e1 esperar a que lleguen las anunciadas pel\u00edculas de verdad adaptadas a la Cuarta Dimensi\u00f3n, como Night Before Cristmas de Tim Burton y Avatar de James Cameron o en su defecto buscar\u00e9 en alguna Ciudad de Hierro que llegue a la ciudad, el viejo Cohete que recuerdo como si fuera ayer.<\/p>\n<p>&nbsp;<\/p>\n<p>&nbsp;<\/p>\n<\/div>\n<div>\n<p>&nbsp;<\/p>\n<\/div>\n<p><em><strong>Mario Mantilla Barajas<\/strong><\/em><br \/>\n<em>Comunicador Social \u2013 Realizador Audiovisual<\/em><br \/>\n<em><\/em><em>mariomantilla88.blogspot.com \u00a0 \u00a0 \u00a0\/ \u00a0 \u00a0 twitter: \u00a0<em>@mareoman88\u00a0<\/em><\/em><br \/>\n<em>Facebook, Control TV \u2013 Defensor\u00eda del Televidente Canal TRO<\/em><\/p>\n<div><\/div>\n","protected":false},"excerpt":{"rendered":"<p>Cuando nos enteramos que en Ca\u00f1averal abrieron un teatro para sentir la Cuarta Dimensi\u00f3n cinematogr\u00e1fica, mi hijo de 9 a\u00f1os me pregunt\u00f3 \u00a0\u00bfsi sab\u00eda c\u00f3mo era eso del cine en 4D? y lo m\u00e1s cercano que encontr\u00e9 en mi experiencia para ilustrarlo fue la vez que siendo ni\u00f1o viv\u00ed algo cercano en una \u201cCiudad de &hellip; <\/p>\n<p><a class=\"more-link btn\" href=\"https:\/\/blogs.vanguardia.com\/el-colombian-dream\/2012\/04\/24\/dimension-desconocida-en-canaveral\/\">Seguir leyendo<\/a><\/p>\n","protected":false},"author":3,"featured_media":424,"comment_status":"open","ping_status":"open","sticky":false,"template":"","format":"standard","meta":{"ngg_post_thumbnail":0,"jetpack_post_was_ever_published":false,"_jetpack_newsletter_access":"","_jetpack_dont_email_post_to_subs":false,"_jetpack_newsletter_tier_id":0,"_jetpack_memberships_contains_paywalled_content":false,"_jetpack_memberships_contains_paid_content":false,"footnotes":"","jetpack_publicize_message":"","jetpack_publicize_feature_enabled":true,"jetpack_social_post_already_shared":false,"jetpack_social_options":{"image_generator_settings":{"template":"highway","default_image_id":0,"enabled":false},"version":2}},"categories":[3],"tags":[7,5,4,6],"class_list":["post-15","post","type-post","status-publish","format-standard","has-post-thumbnail","hentry","category-cronicas-de-cine","tag-4d","tag-cine-en-canaveral","tag-cuarta-dimension","tag-montana-rusa","item-wrap"],"aioseo_notices":[],"jetpack_publicize_connections":[],"jetpack_featured_media_url":"https:\/\/blogs.vanguardia.com\/el-colombian-dream\/files\/2012\/04\/cine-aventura-109-0011.jpg","jetpack_shortlink":"https:\/\/wp.me\/p2uKeD-f","jetpack_sharing_enabled":true,"_links":{"self":[{"href":"https:\/\/blogs.vanguardia.com\/el-colombian-dream\/wp-json\/wp\/v2\/posts\/15","targetHints":{"allow":["GET"]}}],"collection":[{"href":"https:\/\/blogs.vanguardia.com\/el-colombian-dream\/wp-json\/wp\/v2\/posts"}],"about":[{"href":"https:\/\/blogs.vanguardia.com\/el-colombian-dream\/wp-json\/wp\/v2\/types\/post"}],"author":[{"embeddable":true,"href":"https:\/\/blogs.vanguardia.com\/el-colombian-dream\/wp-json\/wp\/v2\/users\/3"}],"replies":[{"embeddable":true,"href":"https:\/\/blogs.vanguardia.com\/el-colombian-dream\/wp-json\/wp\/v2\/comments?post=15"}],"version-history":[{"count":12,"href":"https:\/\/blogs.vanguardia.com\/el-colombian-dream\/wp-json\/wp\/v2\/posts\/15\/revisions"}],"predecessor-version":[{"id":425,"href":"https:\/\/blogs.vanguardia.com\/el-colombian-dream\/wp-json\/wp\/v2\/posts\/15\/revisions\/425"}],"wp:featuredmedia":[{"embeddable":true,"href":"https:\/\/blogs.vanguardia.com\/el-colombian-dream\/wp-json\/wp\/v2\/media\/424"}],"wp:attachment":[{"href":"https:\/\/blogs.vanguardia.com\/el-colombian-dream\/wp-json\/wp\/v2\/media?parent=15"}],"wp:term":[{"taxonomy":"category","embeddable":true,"href":"https:\/\/blogs.vanguardia.com\/el-colombian-dream\/wp-json\/wp\/v2\/categories?post=15"},{"taxonomy":"post_tag","embeddable":true,"href":"https:\/\/blogs.vanguardia.com\/el-colombian-dream\/wp-json\/wp\/v2\/tags?post=15"}],"curies":[{"name":"wp","href":"https:\/\/api.w.org\/{rel}","templated":true}]}}