{"id":1496,"date":"2018-02-12T00:05:22","date_gmt":"2018-02-12T05:05:22","guid":{"rendered":"http:\/\/blogs.vanguardia.com\/el-colombian-dream\/?p=1496"},"modified":"2018-02-12T00:05:23","modified_gmt":"2018-02-12T05:05:23","slug":"tres-anuncios-por-un-oscar","status":"publish","type":"post","link":"https:\/\/blogs.vanguardia.com\/el-colombian-dream\/2018\/02\/12\/tres-anuncios-por-un-oscar\/","title":{"rendered":"Tres Anuncios, por un Oscar"},"content":{"rendered":"<p>\u00bfQu\u00e9 har\u00edan ustedes si a su hija adolescente la violan, matan y adem\u00e1s pasado el tiempo la polic\u00eda de su pueblo reconoce no tener pistas sobre los culpables? <strong>Mildred Hayes<\/strong> la protagonista de <strong>Tres anuncios por un crimen (2017)<\/strong> decidi\u00f3 preguntarle p\u00fablicamente al jefe de polic\u00eda \u00bfQu\u00e9 est\u00e1 haciendo por encontrar al asesino de su hija? Lo particular es que lo hizo en unas vallas de publicidad ubicadas en una carretera de su localidad llamando la atenci\u00f3n de los medios. A partir de ah\u00ed se desata un juego de poder y rabia en donde los afectados adoptan actitudes tan violentas como bondadosas.<\/p>\n<p>&nbsp;<\/p>\n<p><a href=\"http:\/\/blogs.vanguardia.com\/el-colombian-dream\/2018\/02\/12\/tres-anuncios-por-un-oscar\/450_1000\/\" rel=\"attachment wp-att-1497\"><img loading=\"lazy\" decoding=\"async\" class=\"aligncenter size-full wp-image-1497\" src=\"http:\/\/blogs.vanguardia.com\/el-colombian-dream\/files\/2018\/02\/450_1000.jpg\" alt=\"\" width=\"450\" height=\"309\" srcset=\"https:\/\/blogs.vanguardia.com\/el-colombian-dream\/files\/2018\/02\/450_1000.jpg 450w, https:\/\/blogs.vanguardia.com\/el-colombian-dream\/files\/2018\/02\/450_1000-300x206.jpg 300w\" sizes=\"auto, (max-width: 450px) 100vw, 450px\" \/><\/a><\/p>\n<p>&nbsp;<\/p>\n<p>Esa complejidad de los personajes sumado a los sorprendentes giros en su trama, son desde mi parecer, lo que podr\u00eda darle el <strong>Oscar 2018<\/strong> como mejor pel\u00edcula y las respectivas estatuillas para sus actores principales: <strong>Frances McDormand<\/strong> quien da vida a Mildred Hayes, <strong>Sam Rockwell<\/strong> como el b\u00e1sico oficial Dixon y <strong>Woody Harrelson<\/strong> quien interpreta al Sheriff Bill Willoughby.<\/p>\n<p>Tres anuncios por un crimen, es un <strong>western moderno<\/strong> en donde hay un duelo entre dos habitantes de un pueblo perdido en las monta\u00f1as y los dem\u00e1s ciudadanos se ven obligados a tomar partido por uno de ellos. Ya no es un duelo de vaqueros en la calle polvorosa de un caser\u00edo del lejano oeste, sino uno entre una se\u00f1ora desesperada y la polic\u00eda local.<\/p>\n<p>Lo interesante es que ac\u00e1 <strong>no hay personajes puros<\/strong>, en el sentido de buenos o malos, s\u00f3lo humanos. La iron\u00eda, la rabia, el humor negro y la nobleza est\u00e1n presentes en varios de ellos. Eso nos sorprende y nos mantiene alerta, al no encontrar a quien odiar o a quien amar. \u00a0Nos compadecemos por el dolor de los afectados, pero tambi\u00e9n por la situaci\u00f3n de los enemigos te\u00f3ricos.<\/p>\n<p>&nbsp;<\/p>\n<div id=\"attachment_1498\" style=\"width: 490px\" class=\"wp-caption aligncenter\"><a href=\"http:\/\/blogs.vanguardia.com\/el-colombian-dream\/2018\/02\/12\/tres-anuncios-por-un-oscar\/005_3b_06998-small\/\" rel=\"attachment wp-att-1498\"><img loading=\"lazy\" decoding=\"async\" aria-describedby=\"caption-attachment-1498\" class=\" wp-image-1498\" src=\"http:\/\/blogs.vanguardia.com\/el-colombian-dream\/files\/2018\/02\/005_3B_06998-Small.jpg\" alt=\"\" width=\"490\" height=\"301\" srcset=\"https:\/\/blogs.vanguardia.com\/el-colombian-dream\/files\/2018\/02\/005_3B_06998-Small.jpg 600w, https:\/\/blogs.vanguardia.com\/el-colombian-dream\/files\/2018\/02\/005_3B_06998-Small-300x185.jpg 300w\" sizes=\"auto, (max-width: 490px) 100vw, 490px\" \/><\/a><p id=\"caption-attachment-1498\" class=\"wp-caption-text\">Woody Harrelson y Frances McDormand en Three Billboards Outside Ebbing Missouri<\/p><\/div>\n<p>&nbsp;<\/p>\n<p>A pesar de esa aparente confusi\u00f3n, entendemos perfectamente lo que sucede en el pueblo ficticio de <strong>Ebbing, Missouri<\/strong>, porque tambi\u00e9n lo hemos vivido por estos lares latinoamericanos. La ineptitud de las autoridades para resolver casos, por peque\u00f1os que sean, el show de los medios de comunicaci\u00f3n con el dolor ajeno y la agresividad de ciudadanos que se hacen llamar <strong>\u201cde bien\u201d<\/strong> contra los familiares de v\u00edctimas que reclaman para que se haga justicia.<\/p>\n<p>La sensaci\u00f3n de impotencia e indefensi\u00f3n ha llevado a comunidades enteras a situaciones extremas como tomar venganza por mano propia o apoyar fuerzas armadas al margen de la ley para que llenen ese vac\u00edo. Una posici\u00f3n <strong>cuestionable<\/strong> en la vida real pero perfectamente v\u00e1lida para el cine.<\/p>\n<p>De por s\u00ed, el director <strong>Martin McDonagh<\/strong> se inspir\u00f3 en una valla que vio al pasar por un peque\u00f1o municipio en Estados Unidos, similar a la que plasm\u00f3 en la pel\u00edcula. Esa imagen le qued\u00f3 en la cabeza. Pero sobre todo, le rond\u00f3 durante d\u00edas la pregunta de cu\u00e1l ser\u00eda el estado de \u00e1nimo de la persona que puso el anuncio. Siete a\u00f1os despu\u00e9s desarroll\u00f3 su guion, produjo y dirigi\u00f3 la pel\u00edcula.<\/p>\n<p>&nbsp;<\/p>\n<p>&nbsp;<\/p>\n<div id=\"attachment_1499\" style=\"width: 489px\" class=\"wp-caption aligncenter\"><a href=\"http:\/\/blogs.vanguardia.com\/el-colombian-dream\/2018\/02\/12\/tres-anuncios-por-un-oscar\/portada-tres-anuncios-900x650\/\" rel=\"attachment wp-att-1499\"><img loading=\"lazy\" decoding=\"async\" aria-describedby=\"caption-attachment-1499\" class=\" wp-image-1499\" src=\"http:\/\/blogs.vanguardia.com\/el-colombian-dream\/files\/2018\/02\/portada-tres-anuncios-900x650.jpg\" alt=\"\" width=\"489\" height=\"353\" srcset=\"https:\/\/blogs.vanguardia.com\/el-colombian-dream\/files\/2018\/02\/portada-tres-anuncios-900x650.jpg 900w, https:\/\/blogs.vanguardia.com\/el-colombian-dream\/files\/2018\/02\/portada-tres-anuncios-900x650-300x217.jpg 300w, https:\/\/blogs.vanguardia.com\/el-colombian-dream\/files\/2018\/02\/portada-tres-anuncios-900x650-768x555.jpg 768w\" sizes=\"auto, (max-width: 489px) 100vw, 489px\" \/><\/a><p id=\"caption-attachment-1499\" class=\"wp-caption-text\">Sam Rockwell y Frances McDormand<\/p><\/div>\n<p>&nbsp;<\/p>\n<p>La acidez audiovisual de Tres anuncios por un crimen competir\u00e1 este domingo <strong>4 de marzo<\/strong> en la edici\u00f3n n\u00famero 90 de los Oscar, contra la fantas\u00eda de La forma del agua, el idealismo de Call Me By Your Name, la lecci\u00f3n de historia de Las horas m\u00e1s oscuras, la t\u00e9cnica de Dunkerque, el suspenso de D\u00e9jame salir, y la sorpresa que podr\u00edan llevar El hilo invisible, Lady Bird y The Post, en la categor\u00eda de <strong>mejor pel\u00edcula 2018<\/strong>.<\/p>\n<p>Injusto que su director no est\u00e9 nominado, despu\u00e9s de semejante manejo de actores, guion y narrativa, pero, en fin, lo que en realidad me sigue dando vueltas en la cabeza, como le sucedi\u00f3 al director, es \u00bfQu\u00e9 har\u00edamos en una situaci\u00f3n similar, ser\u00edamos capaces de hacer lo que hizo Mildred o tomar\u00edamos otra decisi\u00f3n?<\/p>\n<p>&nbsp;<\/p>\n<p>&nbsp;<\/p>\n","protected":false},"excerpt":{"rendered":"<p>\u00bfQu\u00e9 har\u00edan ustedes si a su hija adolescente la violan, matan y adem\u00e1s pasado el tiempo la polic\u00eda de su pueblo reconoce no tener pistas sobre los culpables? Mildred Hayes la protagonista de Tres anuncios por un crimen (2017) decidi\u00f3 preguntarle p\u00fablicamente al jefe de polic\u00eda \u00bfQu\u00e9 est\u00e1 haciendo por encontrar al asesino de su &hellip; <\/p>\n<p><a class=\"more-link btn\" href=\"https:\/\/blogs.vanguardia.com\/el-colombian-dream\/2018\/02\/12\/tres-anuncios-por-un-oscar\/\">Seguir leyendo<\/a><\/p>\n","protected":false},"author":3,"featured_media":1497,"comment_status":"open","ping_status":"open","sticky":false,"template":"","format":"standard","meta":{"ngg_post_thumbnail":0,"jetpack_post_was_ever_published":false,"_jetpack_newsletter_access":"","_jetpack_dont_email_post_to_subs":false,"_jetpack_newsletter_tier_id":0,"_jetpack_memberships_contains_paywalled_content":false,"_jetpack_memberships_contains_paid_content":false,"footnotes":"","jetpack_publicize_message":"","jetpack_publicize_feature_enabled":true,"jetpack_social_post_already_shared":true,"jetpack_social_options":{"image_generator_settings":{"template":"highway","default_image_id":0,"enabled":false},"version":2}},"categories":[3,1],"tags":[328,329,327,330],"class_list":["post-1496","post","type-post","status-publish","format-standard","has-post-thumbnail","hentry","category-cronicas-de-cine","category-comentarios-cinematograficos","tag-frances-mcdormand","tag-sam-rockwell","tag-tres-anuncios-por-un-crimen","tag-woody-harrelson","item-wrap"],"aioseo_notices":[],"jetpack_publicize_connections":[],"jetpack_featured_media_url":"https:\/\/blogs.vanguardia.com\/el-colombian-dream\/files\/2018\/02\/450_1000.jpg","jetpack_shortlink":"https:\/\/wp.me\/p2uKeD-o8","jetpack_sharing_enabled":true,"_links":{"self":[{"href":"https:\/\/blogs.vanguardia.com\/el-colombian-dream\/wp-json\/wp\/v2\/posts\/1496","targetHints":{"allow":["GET"]}}],"collection":[{"href":"https:\/\/blogs.vanguardia.com\/el-colombian-dream\/wp-json\/wp\/v2\/posts"}],"about":[{"href":"https:\/\/blogs.vanguardia.com\/el-colombian-dream\/wp-json\/wp\/v2\/types\/post"}],"author":[{"embeddable":true,"href":"https:\/\/blogs.vanguardia.com\/el-colombian-dream\/wp-json\/wp\/v2\/users\/3"}],"replies":[{"embeddable":true,"href":"https:\/\/blogs.vanguardia.com\/el-colombian-dream\/wp-json\/wp\/v2\/comments?post=1496"}],"version-history":[{"count":3,"href":"https:\/\/blogs.vanguardia.com\/el-colombian-dream\/wp-json\/wp\/v2\/posts\/1496\/revisions"}],"predecessor-version":[{"id":1502,"href":"https:\/\/blogs.vanguardia.com\/el-colombian-dream\/wp-json\/wp\/v2\/posts\/1496\/revisions\/1502"}],"wp:featuredmedia":[{"embeddable":true,"href":"https:\/\/blogs.vanguardia.com\/el-colombian-dream\/wp-json\/wp\/v2\/media\/1497"}],"wp:attachment":[{"href":"https:\/\/blogs.vanguardia.com\/el-colombian-dream\/wp-json\/wp\/v2\/media?parent=1496"}],"wp:term":[{"taxonomy":"category","embeddable":true,"href":"https:\/\/blogs.vanguardia.com\/el-colombian-dream\/wp-json\/wp\/v2\/categories?post=1496"},{"taxonomy":"post_tag","embeddable":true,"href":"https:\/\/blogs.vanguardia.com\/el-colombian-dream\/wp-json\/wp\/v2\/tags?post=1496"}],"curies":[{"name":"wp","href":"https:\/\/api.w.org\/{rel}","templated":true}]}}