{"id":1204,"date":"2015-11-08T23:47:40","date_gmt":"2015-11-09T04:47:40","guid":{"rendered":"http:\/\/blogs.vanguardia.com\/el-colombian-dream\/?p=1204"},"modified":"2015-11-09T11:38:43","modified_gmt":"2015-11-09T16:38:43","slug":"modern-family-una-comedia-para-pensar","status":"publish","type":"post","link":"https:\/\/blogs.vanguardia.com\/el-colombian-dream\/2015\/11\/08\/modern-family-una-comedia-para-pensar\/","title":{"rendered":"MODERN FAMILY y la adopci\u00f3n gay"},"content":{"rendered":"<p>La serie de TV norteamericana <strong>Modern Family<\/strong> co protagonizada por la actriz colombiana <strong>Sof\u00eda Vergara<\/strong> comenz\u00f3 en el 2009 con algunas dudas entre los productores porque se trataba de una comedia en donde diferentes tipos de familias se relacionan de manera afectuosa y divertida, incluyendo una pareja de gais.<\/p>\n<p>Sin embrago, desde el 2010 hasta la fecha ha ganado varios Globos de Oro y Emmys, en buena medida por su formato hecho a una c\u00e1mara imitando un documental, por sus actuaciones entre las que se destaca la de nuestra sensual barranquillera, por la direcci\u00f3n, los guiones y en el trasfondo<strong> por ser un reflejo entretenido de los caminos que ha tomado la sociedad contempor\u00e1nea.<\/strong><\/p>\n<p>&nbsp;<\/p>\n<p><a href=\"http:\/\/blogs.vanguardia.com\/el-colombian-dream\/files\/2015\/11\/modern-5__140605173923.jpg\"><img loading=\"lazy\" decoding=\"async\" class=\"aligncenter wp-image-1205\" src=\"http:\/\/blogs.vanguardia.com\/el-colombian-dream\/files\/2015\/11\/modern-5__140605173923.jpg\" alt=\"modern-5__140605173923\" width=\"401\" height=\"401\" srcset=\"https:\/\/blogs.vanguardia.com\/el-colombian-dream\/files\/2015\/11\/modern-5__140605173923.jpg 600w, https:\/\/blogs.vanguardia.com\/el-colombian-dream\/files\/2015\/11\/modern-5__140605173923-150x150.jpg 150w, https:\/\/blogs.vanguardia.com\/el-colombian-dream\/files\/2015\/11\/modern-5__140605173923-300x300.jpg 300w, https:\/\/blogs.vanguardia.com\/el-colombian-dream\/files\/2015\/11\/modern-5__140605173923-144x144.jpg 144w\" sizes=\"auto, (max-width: 401px) 100vw, 401px\" \/><\/a><\/p>\n<p>&nbsp;<\/p>\n<p>Si bien puede considerarse atrevida pues hay una pareja gay que adopta a una ni\u00f1a no se puede decir que es contestataria, simplemente porque ellos son unos miembros m\u00e1s del n\u00facleo que gira en torno a <strong>Jay Pritchett, interpretado por Ed O\u00b4 Neill<\/strong> (Al Bundy de la Comedia Casado con hijos) sin que sean se\u00f1alados como anormales o algo similar.<\/p>\n<p>Jay es un polic\u00eda jubilado, separado, que <strong>vive con una colombiana dos d\u00e9cadas menor que \u00e9l<\/strong>, <strong>separada, quien tiene un hijo de 10 a\u00f1os<\/strong>. Los hijos de Jay son Claire quien est\u00e1 casada y tiene 3 hijos y Mitchel un abogado, casado con Cameron quienes son la pareja del mismo sexo que adoptaron una ni\u00f1a vietnamita.<\/p>\n<p>\u00bfC\u00f3mo resuelven los problemas cotidianos esta particular familia? pues como lo deber\u00edan hacer todas, <strong>de manera solidaria, afectuosa y sin prejuicios<\/strong>.<\/p>\n<p>&nbsp;<\/p>\n<p><a href=\"http:\/\/blogs.vanguardia.com\/el-colombian-dream\/files\/2015\/11\/modern-family-1-1024x775.jpg\"><img loading=\"lazy\" decoding=\"async\" class=\"aligncenter wp-image-1206\" src=\"http:\/\/blogs.vanguardia.com\/el-colombian-dream\/files\/2015\/11\/modern-family-1-1024x775.jpg\" alt=\"modern-family-1-1024x775\" width=\"476\" height=\"361\" srcset=\"https:\/\/blogs.vanguardia.com\/el-colombian-dream\/files\/2015\/11\/modern-family-1-1024x775.jpg 1024w, https:\/\/blogs.vanguardia.com\/el-colombian-dream\/files\/2015\/11\/modern-family-1-1024x775-300x227.jpg 300w, https:\/\/blogs.vanguardia.com\/el-colombian-dream\/files\/2015\/11\/modern-family-1-1024x775-900x681.jpg 900w\" sizes=\"auto, (max-width: 476px) 100vw, 476px\" \/><\/a><\/p>\n<p>&nbsp;<\/p>\n<p>Modern Family en \u00faltimas es m\u00e1s profunda de lo que se podr\u00eda pensar a simple vista. Naturalmente se presentan chistes o situaciones humor\u00edsticas a partir de las diferencias de edad o cultura entre Jay y Gloria Delgado (Sof\u00eda Vergara), entre Claire y su esposo por las vicisitudes de criar tres hijos pre adolescentes o por los enredos laborales de Mitchel y en casa con la crianza de<strong> Lily la hija adoptada con Cameron, pero todo se resuelve con la ayuda del grupo familiar.<\/strong><\/p>\n<p><strong>Qu\u00e9 tal que en lugar de apoyo Jay atacara a su hijo Mitchel por su orientaci\u00f3n sexual<\/strong>, qu\u00e9 tal que Claire se hubiera opuesto a que su hermano adoptara un ni\u00f1o porque seg\u00fan algunas creencias el concepto \u00fanico de familia es el de padre madre e hijos o qu\u00e9 tal que el personaje de Sof\u00eda Vergara tratara a Mitchel como un depravado sexual, siendo ella misma en ocasiones objeto de comidillas por supuestamente aprovechar su <strong>&#8216;sex appeal&#8217;<\/strong>,<strong>\u00a0si eso sucediera es muy probable que en lugar de una comedia\u00a0lo que ver\u00edamos ser\u00eda\u00a0una tragedia.<\/strong><\/p>\n<p>La idea en Modern Family se ajusta al concepto de familia que se maneja bajo los principios de inclusi\u00f3n y modernidad,<strong> en donde un grupo social que tienen lazos de consanguinidad, afectivos, legales y de solidaridad se pueden considerar como una Familia.<\/strong><\/p>\n<p>&nbsp;<\/p>\n<div id=\"attachment_1208\" style=\"width: 447px\" class=\"wp-caption aligncenter\"><a href=\"http:\/\/blogs.vanguardia.com\/el-colombian-dream\/files\/2015\/11\/jaygloria.jpg\"><img loading=\"lazy\" decoding=\"async\" aria-describedby=\"caption-attachment-1208\" class=\" wp-image-1208\" src=\"http:\/\/blogs.vanguardia.com\/el-colombian-dream\/files\/2015\/11\/jaygloria.jpg\" alt=\"MODERN FAMILY - &quot;Airport&quot; (ABC\/DANNY FELD) SOFIA VERGARA, RICO RODRIGUEZ, ED O'NEILL\" width=\"447\" height=\"298\" srcset=\"https:\/\/blogs.vanguardia.com\/el-colombian-dream\/files\/2015\/11\/jaygloria.jpg 640w, https:\/\/blogs.vanguardia.com\/el-colombian-dream\/files\/2015\/11\/jaygloria-300x200.jpg 300w\" sizes=\"auto, (max-width: 447px) 100vw, 447px\" \/><\/a><p id=\"caption-attachment-1208\" class=\"wp-caption-text\">MODERN FAMILY,\u00a0SOFIA VERGARA, RICO RODRIGUEZ, ED O&#8217;NEILL<span style=\"font-size: 12px\">&#8211; \u00a0 \u00a0 \u00abAirport\u00bb (ABC\/DANNY FELD)<\/span><\/p><\/div>\n<p>&nbsp;<\/p>\n<p>A mediados del siglo XX todav\u00eda el sistema econ\u00f3mico de las sociedades occidentales fortalec\u00eda la idea de los roles fijos seg\u00fan el g\u00e9nero, es decir, un hombre proveedor que sale a la oficina a trabajar mientras la mujer se queda en casa criando los hijos y administrando el hogar y no es que est\u00e9 mal o que se ataque este estereotipo\u00a0lo que sucede es que l<strong>os tiempos cambiaron, las sociedades se mueven a ritmos distintos, <\/strong>las mujeres reclamaron su derecho a salir de las casas y las econom\u00edas generaron din\u00e1micas diferentes a la de una oficina, lo cual fue conformando diferentes tipos de familia.<\/p>\n<p>Por su parte, legisladores en pa\u00edses con democracias de avanzada se dieron cuenta que<strong> juzgar a las personas por su condici\u00f3n sexual es una intromisi\u00f3n en la vida privada y un prejuicio <\/strong><strong>no v\u00e1lido para evaluar sus deberes como ciudadanos.<\/strong><\/p>\n<p>Por eso Mitchel y su marido Cameron interpretado por el ganador del Globo de oro<strong> Erick Stonestreet<\/strong>\u00a0lo que tuvieron que demostrar ante la autoridad competente para la adopci\u00f3n fue su\u00a0estabilidad econ\u00f3mica y afectiva,\u00a0que no tuvieran antecedentes, que su entorno fuera saludable y que se comprometieran a cuidar y amar al ni\u00f1o.<\/p>\n<p>&nbsp;<\/p>\n<div id=\"attachment_1207\" style=\"width: 368px\" class=\"wp-caption aligncenter\"><a href=\"http:\/\/blogs.vanguardia.com\/el-colombian-dream\/files\/2015\/11\/modern-family-renewal.jpg\"><img loading=\"lazy\" decoding=\"async\" aria-describedby=\"caption-attachment-1207\" class=\"wp-image-1207 \" src=\"http:\/\/blogs.vanguardia.com\/el-colombian-dream\/files\/2015\/11\/modern-family-renewal.jpg\" alt=\"modern-family-renewal\" width=\"368\" height=\"369\" srcset=\"https:\/\/blogs.vanguardia.com\/el-colombian-dream\/files\/2015\/11\/modern-family-renewal.jpg 300w, https:\/\/blogs.vanguardia.com\/el-colombian-dream\/files\/2015\/11\/modern-family-renewal-150x150.jpg 150w, https:\/\/blogs.vanguardia.com\/el-colombian-dream\/files\/2015\/11\/modern-family-renewal-144x144.jpg 144w\" sizes=\"auto, (max-width: 368px) 100vw, 368px\" \/><\/a><p id=\"caption-attachment-1207\" class=\"wp-caption-text\">Erick Stonestreet es Cameron, Jesse Tyler Ferguson como Mitchel y Aubrey Anderson Emm interpretando a Lily<\/p><\/div>\n<p>&nbsp;<\/p>\n<p>Si alguna universidad hiciera un estudio sobre las familias compuestas por un hombre y una mujer que han maltratado a sus hijos, abandonado o no les han dado educaci\u00f3n, el porcentaje ser\u00eda tan grande\u00a0y las historias tan terribles que le tocar\u00eda a las casas de adopci\u00f3n prohibir a\u00a0los heterosexuales adoptar, lo cual ser\u00eda absurdo.<\/p>\n<p>La orientaci\u00f3n sexual no determina que una persona sea un agresor, un delincuente o un mal padre, como no es condici\u00f3n de que vaya a ser uno bueno aquel que reza, no toma, no fuma o tiene una sola pareja.\u00a0<strong>No se es un \u00e1ngel\u00a0o un demonio por ser homosexual o heterosexual<\/strong>.<\/p>\n<p>Hay familias compuestas por la abuela y los nietos, otras familias por pap\u00e1 e hijo o mam\u00e1 e hijo, otras por varios hermanos con sus esposas e hijos, unas m\u00e1s por t\u00edos y primos otras conformadas por desconocidos como ciertos matrimonios, hay uniones de divorciados cada uno con hijos de relaciones anteriores y <strong>ya estamos viendo\u00a0las formadas\u00a0por parejas del mismo sexo, incluso en televisi\u00f3n.<\/strong><\/p>\n<p>No debe haber problema con eso sino con la <strong>discriminaci\u00f3n<\/strong> que se genera cuando te dicen en la casa, en el colegio, en la empresa o en la congregaci\u00f3n religiosa que esas no son familias s\u00f3lo aquellas conformadas por pap\u00e1, mam\u00e1 e hijo.<\/p>\n<p>Todo esto se ve en Modern Family una serie bien interesante y divertida pero sobre todo una<strong> amable bofetada<\/strong> para los que piensan que la condici\u00f3n sexual \u00edntima de las personas determina si ser\u00e1 un buen padre o no.<\/p>\n<p>&nbsp;<\/p>\n<div id=\"attachment_1209\" style=\"width: 474px\" class=\"wp-caption aligncenter\"><a href=\"http:\/\/blogs.vanguardia.com\/el-colombian-dream\/files\/2015\/11\/o-MODERN-FAMILY-BRYAN-FISCHER-facebook.jpg\"><img loading=\"lazy\" decoding=\"async\" aria-describedby=\"caption-attachment-1209\" class=\" wp-image-1209\" src=\"http:\/\/blogs.vanguardia.com\/el-colombian-dream\/files\/2015\/11\/o-MODERN-FAMILY-BRYAN-FISCHER-facebook.jpg\" alt=\"(EXCLUSIVE, Premium Rates Apply) (Exclusive Coverage) The cast of &quot;Modern Family&quot; pose for a portrait at the TNT\/TBS broadcast of the 17th Annual Screen Actors Guild Awards held at The Shrine Auditorium on January 30, 2011 in Los Angeles, California. 20823_002_254_R.jpg *** Local Caption ***\" width=\"474\" height=\"237\" srcset=\"https:\/\/blogs.vanguardia.com\/el-colombian-dream\/files\/2015\/11\/o-MODERN-FAMILY-BRYAN-FISCHER-facebook.jpg 2000w, https:\/\/blogs.vanguardia.com\/el-colombian-dream\/files\/2015\/11\/o-MODERN-FAMILY-BRYAN-FISCHER-facebook-300x150.jpg 300w, https:\/\/blogs.vanguardia.com\/el-colombian-dream\/files\/2015\/11\/o-MODERN-FAMILY-BRYAN-FISCHER-facebook-1024x512.jpg 1024w, https:\/\/blogs.vanguardia.com\/el-colombian-dream\/files\/2015\/11\/o-MODERN-FAMILY-BRYAN-FISCHER-facebook-900x450.jpg 900w\" sizes=\"auto, (max-width: 474px) 100vw, 474px\" \/><\/a><p id=\"caption-attachment-1209\" class=\"wp-caption-text\">(EXCLUSIVE, Premium Rates Apply) The cast of \u00abModern Family\u00bb pose for a portrait at the TNT\/TBS broadcast of the 17th Annual Screen Actors Guild Awards held at The Shrine Auditorium on January 30, 2011 in Los Angeles, California.<\/p><\/div>\n<p>&nbsp;<\/p>\n","protected":false},"excerpt":{"rendered":"<p>La serie de TV norteamericana Modern Family co protagonizada por la actriz colombiana Sof\u00eda Vergara comenz\u00f3 en el 2009 con algunas dudas entre los productores porque se trataba de una comedia en donde diferentes tipos de familias se relacionan de manera afectuosa y divertida, incluyendo una pareja de gais. Sin embrago, desde el 2010 hasta &hellip; <\/p>\n<p><a class=\"more-link btn\" href=\"https:\/\/blogs.vanguardia.com\/el-colombian-dream\/2015\/11\/08\/modern-family-una-comedia-para-pensar\/\">Seguir leyendo<\/a><\/p>\n","protected":false},"author":3,"featured_media":0,"comment_status":"open","ping_status":"open","sticky":false,"template":"","format":"standard","meta":{"ngg_post_thumbnail":0,"jetpack_post_was_ever_published":false,"_jetpack_newsletter_access":"","_jetpack_dont_email_post_to_subs":false,"_jetpack_newsletter_tier_id":0,"_jetpack_memberships_contains_paywalled_content":false,"_jetpack_memberships_contains_paid_content":false,"footnotes":"","jetpack_publicize_message":"","jetpack_publicize_feature_enabled":true,"jetpack_social_post_already_shared":true,"jetpack_social_options":{"image_generator_settings":{"template":"highway","default_image_id":0,"enabled":false},"version":2}},"categories":[1],"tags":[251,249,250,252],"class_list":["post-1204","post","type-post","status-publish","format-standard","hentry","category-comentarios-cinematograficos","tag-adopcion-gay","tag-modern-family","tag-sofia-vergara","tag-tipos-de-familias","item-wrap"],"aioseo_notices":[],"jetpack_publicize_connections":[],"jetpack_featured_media_url":"","jetpack_shortlink":"https:\/\/wp.me\/p2uKeD-jq","jetpack_sharing_enabled":true,"_links":{"self":[{"href":"https:\/\/blogs.vanguardia.com\/el-colombian-dream\/wp-json\/wp\/v2\/posts\/1204","targetHints":{"allow":["GET"]}}],"collection":[{"href":"https:\/\/blogs.vanguardia.com\/el-colombian-dream\/wp-json\/wp\/v2\/posts"}],"about":[{"href":"https:\/\/blogs.vanguardia.com\/el-colombian-dream\/wp-json\/wp\/v2\/types\/post"}],"author":[{"embeddable":true,"href":"https:\/\/blogs.vanguardia.com\/el-colombian-dream\/wp-json\/wp\/v2\/users\/3"}],"replies":[{"embeddable":true,"href":"https:\/\/blogs.vanguardia.com\/el-colombian-dream\/wp-json\/wp\/v2\/comments?post=1204"}],"version-history":[{"count":6,"href":"https:\/\/blogs.vanguardia.com\/el-colombian-dream\/wp-json\/wp\/v2\/posts\/1204\/revisions"}],"predecessor-version":[{"id":1215,"href":"https:\/\/blogs.vanguardia.com\/el-colombian-dream\/wp-json\/wp\/v2\/posts\/1204\/revisions\/1215"}],"wp:attachment":[{"href":"https:\/\/blogs.vanguardia.com\/el-colombian-dream\/wp-json\/wp\/v2\/media?parent=1204"}],"wp:term":[{"taxonomy":"category","embeddable":true,"href":"https:\/\/blogs.vanguardia.com\/el-colombian-dream\/wp-json\/wp\/v2\/categories?post=1204"},{"taxonomy":"post_tag","embeddable":true,"href":"https:\/\/blogs.vanguardia.com\/el-colombian-dream\/wp-json\/wp\/v2\/tags?post=1204"}],"curies":[{"name":"wp","href":"https:\/\/api.w.org\/{rel}","templated":true}]}}