{"id":1197,"date":"2015-11-03T09:46:05","date_gmt":"2015-11-03T14:46:05","guid":{"rendered":"http:\/\/blogs.vanguardia.com\/el-colombian-dream\/?p=1197"},"modified":"2015-11-03T09:46:05","modified_gmt":"2015-11-03T14:46:05","slug":"un-pacto-criminal-con-johnny-depp","status":"publish","type":"post","link":"https:\/\/blogs.vanguardia.com\/el-colombian-dream\/2015\/11\/03\/un-pacto-criminal-con-johnny-depp\/","title":{"rendered":"Un pacto criminal con Johnny Depp"},"content":{"rendered":"<p>El te\u00f3rico de las estructuras dram\u00e1ticas exitosas en el cine Syd Field dice que entre los 15 a 20 minutos de comenzada una historia deber\u00eda presentarse un punto de giro que cambie la cotidianidad del protagonista de tal manera que lo impulse a salir de su zona de &#8216;confort&#8217; para vivir una aventura.<\/p>\n<p>Cuando esto no se da es muy probable que empecemos a sentirnos inc\u00f3modos, desorientados y hasta distra\u00eddos pues nada m\u00e1s &#8216;jarto&#8217; que ver una sucesi\u00f3n de escenas sin saber que quiere el personaje principal.<\/p>\n<p>&nbsp;<\/p>\n<p><a href=\"http:\/\/blogs.vanguardia.com\/el-colombian-dream\/files\/2015\/11\/1442847497.jpg\"><img loading=\"lazy\" decoding=\"async\" class=\"aligncenter  wp-image-1198\" src=\"http:\/\/blogs.vanguardia.com\/el-colombian-dream\/files\/2015\/11\/1442847497.jpg\" alt=\"1442847497\" width=\"305\" height=\"406\" srcset=\"https:\/\/blogs.vanguardia.com\/el-colombian-dream\/files\/2015\/11\/1442847497.jpg 450w, https:\/\/blogs.vanguardia.com\/el-colombian-dream\/files\/2015\/11\/1442847497-225x300.jpg 225w\" sizes=\"auto, (max-width: 305px) 100vw, 305px\" \/><\/a><\/p>\n<p>&nbsp;<\/p>\n<p>Eso me pas\u00f3 con <strong>Pacto Criminal, Black Mass (2015) dirigida por Scott Cooper<\/strong> y protagonizada por el vers\u00e1til <strong>Johnny Depp<\/strong> la cual se mueve entre una cr\u00edtica que no sabe si alabarla por mantener vivo el g\u00e9nero de Suspenso polic\u00edaco o descartarla de la temporada de premios por su inconsistencia.<\/p>\n<p>El estar basada en hechos reales no basta para atrapar a los espectadores, as\u00ed la premisa sea atractiva como que un mafioso haya sido informante del FBI por m\u00e1s de una d\u00e9cada pero el trato aparentemente s\u00f3lo le sirva a \u00e9l.\u00a0No es suficiente porque el mat\u00f3n de la pantalla grande\u00a0 <strong>Jimmy \u00abWhitey\u00bb Bulger<\/strong> no tiene un objetivo a seguir, simple y llanamente va expandiendo su negocio cobrando vidas sin ton ni son con la excusa de que son soplones de hechos que no nos muestran.<\/p>\n<p>Por eso pasan situaciones como el asesinato de una prostituta o la de un empresario de Miami y personajes como su madre y su hijo <strong>sin peso para la historia<\/strong>, restando minutos valiosos que se pudieron aprovechar para contar cu\u00e1l es la meta de Jimmy .<\/p>\n<p><strong>El agente del FBI John Conolly si cuenta con un arco dram\u00e1tico claro<\/strong>, se sabe cu\u00e1l es su ambici\u00f3n y qui\u00e9n se le opone, es a \u00e9l al que le pasan los nudos del segundo acto que deber\u00edan sucederle al mafioso y es \u00e9l quien intentar\u00e1 superar las inminentes adversidades en el cl\u00edmax de la historia antes de entrar al tercer acto donde se resuelve todo.<\/p>\n<p>&nbsp;<\/p>\n<div id=\"attachment_1199\" style=\"width: 434px\" class=\"wp-caption aligncenter\"><a href=\"http:\/\/blogs.vanguardia.com\/el-colombian-dream\/files\/2015\/11\/BOOMGERS201505260004-1200x800.jpg\"><img loading=\"lazy\" decoding=\"async\" aria-describedby=\"caption-attachment-1199\" class=\" wp-image-1199\" src=\"http:\/\/blogs.vanguardia.com\/el-colombian-dream\/files\/2015\/11\/BOOMGERS201505260004-1200x800.jpg\" alt=\"Joel Edgerton como John Connolly\" width=\"434\" height=\"289\" srcset=\"https:\/\/blogs.vanguardia.com\/el-colombian-dream\/files\/2015\/11\/BOOMGERS201505260004-1200x800.jpg 1200w, https:\/\/blogs.vanguardia.com\/el-colombian-dream\/files\/2015\/11\/BOOMGERS201505260004-1200x800-300x200.jpg 300w, https:\/\/blogs.vanguardia.com\/el-colombian-dream\/files\/2015\/11\/BOOMGERS201505260004-1200x800-1024x683.jpg 1024w, https:\/\/blogs.vanguardia.com\/el-colombian-dream\/files\/2015\/11\/BOOMGERS201505260004-1200x800-900x600.jpg 900w\" sizes=\"auto, (max-width: 434px) 100vw, 434px\" \/><\/a><p id=\"caption-attachment-1199\" class=\"wp-caption-text\">\u00a0 \u00a0 \u00a0 \u00a0 \u00a0 \u00a0 \u00a0 \u00a0 \u00a0 \u00a0 \u00a0 \u00a0 \u00a0 \u00a0Joel Edgerton como John Connolly<\/p><\/div>\n<p>&nbsp;<\/p>\n<p>Es inevitable compararla con<strong> Los Infiltrados (2006)<\/strong> ganadora del Oscar dirigida por el experto en estos temas del crimen organizado<strong> Martin Scorsese<\/strong> en donde el aspirante a polic\u00eda <strong>Billy Costigan (Di Caprio)<\/strong> si tiene una misi\u00f3n complicada que cumplir ante el mafioso irland\u00e9s Frank Costello interpretado por <strong>Jack Nicholson<\/strong> pero hay un infiltrado en la polic\u00eda que har\u00e1 lo que est\u00e9 a su alcance para proteger al capo, una estructura s\u00f3lida, que en el caso de Black Mass es dif\u00edcil de encontrar.<\/p>\n<p>Lo dem\u00e1s tiene que ver con que las actuaciones sean convincentes o no, la forma en que cinematogr\u00e1ficamente se cuente y los recursos invertidos.<\/p>\n<p>Desde ya se dice que este protag\u00f3nico de Johnny Depp podr\u00eda darle una nueva nominaci\u00f3n al Oscar por su transformaci\u00f3n f\u00edsica que a los miembros de la Academia de Artes y Ciencias Cinematogr\u00e1ficas les encantan y segundo porque se desliga de los extravagantes personajes de fantas\u00eda que suele interpretar para entregarnos un mafioso violento.<\/p>\n<p>&nbsp;<\/p>\n<div id=\"attachment_1200\" style=\"width: 461px\" class=\"wp-caption aligncenter\"><a href=\"http:\/\/blogs.vanguardia.com\/el-colombian-dream\/files\/2015\/11\/maxresdefault.jpg\"><img loading=\"lazy\" decoding=\"async\" aria-describedby=\"caption-attachment-1200\" class=\" wp-image-1200\" src=\"http:\/\/blogs.vanguardia.com\/el-colombian-dream\/files\/2015\/11\/maxresdefault.jpg\" alt=\"Johnny Depp como James &quot;Whitey&quot; Bulger en Pacto criminal\" width=\"461\" height=\"259\" srcset=\"https:\/\/blogs.vanguardia.com\/el-colombian-dream\/files\/2015\/11\/maxresdefault.jpg 1920w, https:\/\/blogs.vanguardia.com\/el-colombian-dream\/files\/2015\/11\/maxresdefault-300x169.jpg 300w, https:\/\/blogs.vanguardia.com\/el-colombian-dream\/files\/2015\/11\/maxresdefault-1024x576.jpg 1024w, https:\/\/blogs.vanguardia.com\/el-colombian-dream\/files\/2015\/11\/maxresdefault-900x506.jpg 900w\" sizes=\"auto, (max-width: 461px) 100vw, 461px\" \/><\/a><p id=\"caption-attachment-1200\" class=\"wp-caption-text\">\u00a0 \u00a0 \u00a0 \u00a0 \u00a0 \u00a0Johnny Depp como James \u00abWhitey\u00bb Bulger en Pacto criminal<\/p><\/div>\n<p>&nbsp;<\/p>\n<p><strong>No es raro ver a Johnny Depp caracterizado con maquillaje o efectos especiales para darle vida a personajes<em> sui g\u00e9neris<\/em><\/strong> como el pirata Jack Sparrow, el Sombrerero Loco, Edward manos de tijeras o Willy Wonka\u00a0el de la f\u00e1brica de chocolates, lo que s\u00ed es curioso es la transformaci\u00f3n para parecerse\u00a0a Jimmy Bulger, un irland\u00e9s blanco, con poco pelo y ojos claros.<\/p>\n<p>En la pel\u00edcula<strong> Enemigo P\u00fablico (2009)<\/strong> Depp interpret\u00f3 a un g\u00e1nster utilizando su apariencia habitual sin generar mayor reconocimiento de la cr\u00edtica o los espectadores, lo que confirmar\u00eda que al querido actor le quedan a su medida los papeles que impliquen cambios en su aspecto y un toque de anormalidad.<\/p>\n<p><strong>Joel Edgerton en la piel de John Connolly<\/strong> tambi\u00e9n podr\u00eda clasificar para las nominaciones en papel secundario por su ambicioso agente del FBI y pare de contar pues <strong>se desperdiciaron actores de calidad como Benedict Cumberbach (El c\u00f3digo enigma) Kevin Bacon recordado por Footloose y la medi\u00e1tica Dakota Jhonson de 50 sombras de Grey pues sus personajes carecen de fuerza y direcci\u00f3n<\/strong>.<\/p>\n<p>&nbsp;<\/p>\n<div id=\"attachment_1201\" style=\"width: 421px\" class=\"wp-caption aligncenter\"><a href=\"http:\/\/blogs.vanguardia.com\/el-colombian-dream\/files\/2015\/11\/o_news_562a3d7044294.jpg\"><img loading=\"lazy\" decoding=\"async\" aria-describedby=\"caption-attachment-1201\" class=\" wp-image-1201\" src=\"http:\/\/blogs.vanguardia.com\/el-colombian-dream\/files\/2015\/11\/o_news_562a3d7044294.jpg\" alt=\"Dakota Johnson en Pacto  criminal\" width=\"421\" height=\"286\" srcset=\"https:\/\/blogs.vanguardia.com\/el-colombian-dream\/files\/2015\/11\/o_news_562a3d7044294.jpg 842w, https:\/\/blogs.vanguardia.com\/el-colombian-dream\/files\/2015\/11\/o_news_562a3d7044294-300x204.jpg 300w\" sizes=\"auto, (max-width: 421px) 100vw, 421px\" \/><\/a><p id=\"caption-attachment-1201\" class=\"wp-caption-text\">\u00a0 \u00a0 \u00a0 \u00a0 \u00a0 \u00a0 \u00a0 \u00a0 \u00a0 \u00a0 \u00a0Dakota Johnson en Pacto criminal<\/p><\/div>\n<p>&nbsp;<\/p>\n<p>Cuando se recrea cinematogr\u00e1ficamente una biograf\u00eda en muchos casos se narra la mayor cantidad de hechos que sucedieron intentando ser lo m\u00e1s fiel posible a la vida real del personaje sin darse cuenta que <strong>para eso est\u00e1n los documentales que si tienen una pretensi\u00f3n de validez<\/strong>.\u00a0 <strong>El cine no la tiene porque en esencia es ficci\u00f3n<\/strong> por eso al ir a ver una pel\u00edcula basada en biograf\u00edas lo que nos debe importar es la <strong>verosimilitud<\/strong> de lo que nos presenten utilizando los elementos necesarios para generar emociones en el espectador as\u00ed no se ajusten totalmente a la versi\u00f3n de la vida &#8216;real&#8217;.<\/p>\n<p>La estructura cl\u00e1sica en tres actos: presentaci\u00f3n, desarrollo y desenlace, nos acerca a ese ideal con sus puntos de giro y nudos. La defini\u00f3 Arist\u00f3teles en el siglo IV a.c. para darle un orden y relevancia emocional a las obras del teatro griego. En el siglo XX fue perfeccionada por te\u00f3ricos del cine y la dramaturgia como Joseph Campbell, Christopher Vogler, Robert McKee y Syd Field.<\/p>\n<p>Sin importar si son tragedias o cualquier otro g\u00e9nero la gran mayor\u00eda de obras que trascienden responden claramente a las tres preguntas b\u00e1sicas:<\/p>\n<p><strong>\u00bfqui\u00e9n quiere algo? \u00bfqu\u00e9 es ese algo? y \u00bfqu\u00e9 se le opone?<\/strong><\/p>\n<p>Si hay dificultad para contestarlas es muy probable que el aburrimiento ronde la sala de cine como me sucedi\u00f3 con Pacto Criminal.<\/p>\n<p>&nbsp;<\/p>\n","protected":false},"excerpt":{"rendered":"<p>El te\u00f3rico de las estructuras dram\u00e1ticas exitosas en el cine Syd Field dice que entre los 15 a 20 minutos de comenzada una historia deber\u00eda presentarse un punto de giro que cambie la cotidianidad del protagonista de tal manera que lo impulse a salir de su zona de &#8216;confort&#8217; para vivir una aventura. Cuando esto &hellip; <\/p>\n<p><a class=\"more-link btn\" href=\"https:\/\/blogs.vanguardia.com\/el-colombian-dream\/2015\/11\/03\/un-pacto-criminal-con-johnny-depp\/\">Seguir leyendo<\/a><\/p>\n","protected":false},"author":3,"featured_media":0,"comment_status":"open","ping_status":"open","sticky":false,"template":"","format":"standard","meta":{"ngg_post_thumbnail":0,"jetpack_post_was_ever_published":false,"_jetpack_newsletter_access":"","_jetpack_dont_email_post_to_subs":false,"_jetpack_newsletter_tier_id":0,"_jetpack_memberships_contains_paywalled_content":false,"_jetpack_memberships_contains_paid_content":false,"footnotes":"","jetpack_publicize_message":"","jetpack_publicize_feature_enabled":true,"jetpack_social_post_already_shared":true,"jetpack_social_options":{"image_generator_settings":{"template":"highway","default_image_id":0,"enabled":false},"version":2}},"categories":[3],"tags":[247,246,245,248],"class_list":["post-1197","post","type-post","status-publish","format-standard","hentry","category-cronicas-de-cine","tag-black-mass","tag-johnny-depp","tag-pacto-criminal","tag-suspenso-policiaco","item-wrap"],"aioseo_notices":[],"jetpack_publicize_connections":[],"jetpack_featured_media_url":"","jetpack_shortlink":"https:\/\/wp.me\/p2uKeD-jj","jetpack_sharing_enabled":true,"_links":{"self":[{"href":"https:\/\/blogs.vanguardia.com\/el-colombian-dream\/wp-json\/wp\/v2\/posts\/1197","targetHints":{"allow":["GET"]}}],"collection":[{"href":"https:\/\/blogs.vanguardia.com\/el-colombian-dream\/wp-json\/wp\/v2\/posts"}],"about":[{"href":"https:\/\/blogs.vanguardia.com\/el-colombian-dream\/wp-json\/wp\/v2\/types\/post"}],"author":[{"embeddable":true,"href":"https:\/\/blogs.vanguardia.com\/el-colombian-dream\/wp-json\/wp\/v2\/users\/3"}],"replies":[{"embeddable":true,"href":"https:\/\/blogs.vanguardia.com\/el-colombian-dream\/wp-json\/wp\/v2\/comments?post=1197"}],"version-history":[{"count":1,"href":"https:\/\/blogs.vanguardia.com\/el-colombian-dream\/wp-json\/wp\/v2\/posts\/1197\/revisions"}],"predecessor-version":[{"id":1202,"href":"https:\/\/blogs.vanguardia.com\/el-colombian-dream\/wp-json\/wp\/v2\/posts\/1197\/revisions\/1202"}],"wp:attachment":[{"href":"https:\/\/blogs.vanguardia.com\/el-colombian-dream\/wp-json\/wp\/v2\/media?parent=1197"}],"wp:term":[{"taxonomy":"category","embeddable":true,"href":"https:\/\/blogs.vanguardia.com\/el-colombian-dream\/wp-json\/wp\/v2\/categories?post=1197"},{"taxonomy":"post_tag","embeddable":true,"href":"https:\/\/blogs.vanguardia.com\/el-colombian-dream\/wp-json\/wp\/v2\/tags?post=1197"}],"curies":[{"name":"wp","href":"https:\/\/api.w.org\/{rel}","templated":true}]}}