{"id":111,"date":"2012-05-09T16:17:29","date_gmt":"2012-05-09T21:17:29","guid":{"rendered":"http:\/\/blogs.vanguardia.com\/el-colombian-dream\/?p=111"},"modified":"2020-03-09T11:28:48","modified_gmt":"2020-03-09T16:28:48","slug":"donde-carajos-esta-la-originalidad-en-los-pobres-canales-de-tv-nacional","status":"publish","type":"post","link":"https:\/\/blogs.vanguardia.com\/el-colombian-dream\/2012\/05\/09\/donde-carajos-esta-la-originalidad-en-los-pobres-canales-de-tv-nacional\/","title":{"rendered":"\u00bfD\u00f3nde carajos est\u00e1 la originalidad en los pobres canales de TV nacional?"},"content":{"rendered":"<div id=\"attachment_112\" style=\"width: 344px\" class=\"wp-caption aligncenter\"><a href=\"http:\/\/blogs.vanguardia.com\/el-colombian-dream\/files\/2012\/05\/Caracol-Donde-Carajos-Esta-UMANA.jpg\"><img loading=\"lazy\" decoding=\"async\" aria-describedby=\"caption-attachment-112\" class=\" wp-image-112 \" src=\"http:\/\/blogs.vanguardia.com\/el-colombian-dream\/files\/2012\/05\/Caracol-Donde-Carajos-Esta-UMANA-300x222.jpg\" alt=\"\" width=\"344\" height=\"244\"><\/a><p id=\"caption-attachment-112\" class=\"wp-caption-text\">Fotograf\u00edas de Internet<\/p><\/div>\n<p>&nbsp;<\/p>\n<p>El lunes 7 de mayo &nbsp;vi las dos novelas que lanzaron los canales privados de televisi\u00f3n en Colombia, \u00bfD\u00f3nde carajos est\u00e1 Uma\u00f1a? del Canal Caracol y Pobres Rico de RCN Televisi\u00f3n y todav\u00eda me pregunto \u00bfc\u00f3mo carajos hacen estos pobres canales para copiarse?<\/p>\n<p>&nbsp;<\/p>\n<p style=\"text-align: center\"><a href=\"http:\/\/blogs.vanguardia.com\/el-colombian-dream\/files\/2012\/05\/pobres-rico1.jpg\"><img loading=\"lazy\" decoding=\"async\" class=\"aligncenter  wp-image-113\" src=\"http:\/\/blogs.vanguardia.com\/el-colombian-dream\/files\/2012\/05\/pobres-rico1-300x240.jpg\" alt=\"\" width=\"344\" height=\"244\"><\/a><\/p>\n<p>&nbsp;<\/p>\n<p>Ya ten\u00eda esa sensaci\u00f3n desde hace rato pero pens\u00e9 que era coincidencia. Si uno anuncia una serie sobre narcos el otro tambi\u00e9n lo hace: RCN con El Capo y Caracol con El cartel de los sapos, ambas tuvieron segunda parte.<\/p>\n<p>&nbsp;<\/p>\n<p style=\"text-align: center\"><a href=\"http:\/\/blogs.vanguardia.com\/el-colombian-dream\/files\/2012\/05\/el-capo1.jpg\"><img loading=\"lazy\" decoding=\"async\" class=\"aligncenter  wp-image-114\" src=\"http:\/\/blogs.vanguardia.com\/el-colombian-dream\/files\/2012\/05\/el-capo1-300x253.jpg\" alt=\"\" width=\"344\" height=\"244\"><\/a><\/p>\n<p style=\"text-align: center\"><a href=\"http:\/\/blogs.vanguardia.com\/el-colombian-dream\/files\/2012\/05\/el-cartel-de-los-sapos1.jpg\"><img loading=\"lazy\" decoding=\"async\" class=\"aligncenter  wp-image-115\" src=\"http:\/\/blogs.vanguardia.com\/el-colombian-dream\/files\/2012\/05\/el-cartel-de-los-sapos1-300x239.jpg\" alt=\"\" width=\"344\" height=\"244\"><\/a><\/p>\n<p>&nbsp;<\/p>\n<p>Si RCN anuncia una novela cuya protagonista no tiene muchos escr\u00fapulos pero se enamora en su cometido como la Traicionera, Caracol anuncia una de igual corte como Primera Dama, las lanzan el mismo d\u00eda, con similar despliegue, es m\u00e1s estas dos son versiones criollas de novelas extranjeras, \u00bfc\u00f3mo lo hacen?<\/p>\n<p>&nbsp;<\/p>\n<p style=\"text-align: center\"><a href=\"http:\/\/blogs.vanguardia.com\/el-colombian-dream\/files\/2012\/05\/Malparida-DiabloG11.jpg\"><img loading=\"lazy\" decoding=\"async\" class=\"aligncenter  wp-image-116\" src=\"http:\/\/blogs.vanguardia.com\/el-colombian-dream\/files\/2012\/05\/Malparida-DiabloG11-300x276.jpg\" alt=\"\" width=\"324\" height=\"288\"><\/a><\/p>\n<div>&nbsp; &nbsp; &nbsp; &nbsp; &nbsp; &nbsp; &nbsp; &nbsp; &nbsp; &nbsp; &nbsp; &nbsp; &nbsp; &nbsp; &nbsp; &nbsp; &nbsp; &nbsp; &nbsp; &nbsp; &nbsp; &nbsp; &nbsp; &nbsp; &nbsp; &nbsp; &nbsp; &nbsp; &nbsp; &nbsp; &nbsp; &nbsp; &nbsp; &nbsp; &nbsp; &nbsp; Primera dama y La Traicionera<\/div>\n<div><\/div>\n<p>En el caso de los nuevos seriados, ambos pretenden ser c\u00f3micos con el mismo argumento, una familia adinerada y odiosa que pierde sorpresivamente su dinero y todos deben irse a vivir justo al lugar que representa lo opuesto a lo que son y de ese contraste derivan las situaciones divertidas, de rico a pobre, de cachaco a coste\u00f1o \u00bfqui\u00e9n copia a qui\u00e9n?<\/p>\n<p>Y ni hablar de los dos realitys de moda; &nbsp;el primero que sali\u00f3 y peg\u00f3 fue Yo me llamo de Caracol, una versi\u00f3n del American Idol estadounidense que alcanz\u00f3 &nbsp;primeros niveles de sinton\u00eda en Colombia y sin dejar descansar a los televidentes adelantaron la segunda edici\u00f3n, claro que confieso que le hice fuerza al Nino Bravo de la primera y al Hector Lavoe en esta segunda pero a lo que voy es que \u00a1sorpresa! RCN le enfrenta otro reality, Colombia tiene talento, copia del British got talent Ingl\u00e9s con igual n\u00famero de jurados y personalidades intencionalmente relacionadas.<\/p>\n<p>&nbsp;<\/p>\n<p style=\"text-align: center\"><a href=\"http:\/\/blogs.vanguardia.com\/el-colombian-dream\/files\/2012\/05\/yo-me-llamo-jurado1.jpg\"><img loading=\"lazy\" decoding=\"async\" class=\"aligncenter  wp-image-117\" src=\"http:\/\/blogs.vanguardia.com\/el-colombian-dream\/files\/2012\/05\/yo-me-llamo-jurado1-300x199.jpg\" alt=\"\" width=\"344\" height=\"244\"><\/a><\/p>\n<p style=\"text-align: center\"><a href=\"http:\/\/blogs.vanguardia.com\/el-colombian-dream\/files\/2012\/05\/1501.jpg\"><img loading=\"lazy\" decoding=\"async\" class=\"aligncenter  wp-image-118\" src=\"http:\/\/blogs.vanguardia.com\/el-colombian-dream\/files\/2012\/05\/1501-300x226.jpg\" alt=\"\" width=\"344\" height=\"244\"><\/a><\/p>\n<p>&nbsp;<\/p>\n<p>En otra oportunidad hab\u00eda le\u00eddo situaciones similares entre los dos \u00fanicos canales privados de televisi\u00f3n nacional, sus noticieros con uno que otro matiz son muy parecidos, sus secciones, enfoques y presentadores, los programas de entretenimiento en la ma\u00f1ana, empacados como contenedores al igual que sus franjas infantiles, \u00a1 todo!, quiz\u00e1s la excepci\u00f3n sea a las dos de la tarde cuando Caracol se va con concursos y RCN con uno de salud.<\/p>\n<p>Los Medios de Difusi\u00f3n Colectiva principalmente la televisi\u00f3n adem\u00e1s de entretener son formadores sociales, como la familia, la escuela o la calle y lo que m\u00e1s valoro en un proceso socializador es que ofrezca diferentes versiones y puntos de vista sobre los temas, eso estructura un pensamiento universal, respetuoso y comprensivo.<\/p>\n<p>En la radio tambi\u00e9n pasa: si solo se escucha un g\u00e9nero musical en las emisoras de una ciudad&nbsp;\u00bfc\u00f3mo&nbsp;<em>carajos<\/em>&nbsp;se va a valorar lo aut\u00f3ctono, lo diverso o enriquecerse con otras culturas?.<\/p>\n<p>La Televis\u00f3n Digital Terrestre es una esperanza, porque una de sus caracter\u00edsticas es la de permitir que un mismo canal presente diferentes programas o contenidos a la vez o que el televidente organice su parrilla de programaci\u00f3n de acuerdo a sus tiempos y gustos.<\/p>\n<p>En fin, aunque \u00bfD\u00f3nde carajos est\u00e1 Uma\u00f1a? y los Pobres Rico pueden llegar a ser propuestas costumbristas divertidas, son fastidiosamente parecidas, RCN Televisi\u00f3n y Canal Caracol tambi\u00e9n, ya es hora que se ampl\u00ede la oferta audiovisual, los contenidos, los formatos de la televisi\u00f3n colombiana, que se licite no solo un tercer canal sino cuatro o cinco m\u00e1s, algunos que sean tem\u00e1ticos, por ejemplo infantiles, culturales o deportivos, pero por favor que dejen la \u00a1copiadera!<\/p>\n<p>&nbsp;<\/p>\n<p>&nbsp;<\/p>\n<p><em><strong>Mario Mantilla Barajas<\/strong><\/em><br \/>\n<em>Comunicador Social \u2013 Realizador Audiovisual<\/em><br \/>\n<em><\/em><em>mariomantilla88.blogspot.com &nbsp; &nbsp; &nbsp;\/ &nbsp; &nbsp; twitter: &nbsp;<em>@mareoman88&nbsp;<\/em><\/em><br \/>\n<em>Facebook, Control TV \u2013 Defensor\u00eda del Televidente Canal TRO<\/em><\/p>\n","protected":false},"excerpt":{"rendered":"<p>&nbsp; El lunes 7 de mayo &nbsp;vi las dos novelas que lanzaron los canales privados de televisi\u00f3n en Colombia, \u00bfD\u00f3nde carajos est\u00e1 Uma\u00f1a? del Canal Caracol y Pobres Rico de RCN Televisi\u00f3n y todav\u00eda me pregunto \u00bfc\u00f3mo carajos hacen estos pobres canales para copiarse? &nbsp; &nbsp; Ya ten\u00eda esa sensaci\u00f3n desde hace rato pero pens\u00e9 &hellip; <\/p>\n<p><a class=\"more-link btn\" href=\"https:\/\/blogs.vanguardia.com\/el-colombian-dream\/2012\/05\/09\/donde-carajos-esta-la-originalidad-en-los-pobres-canales-de-tv-nacional\/\">Seguir leyendo<\/a><\/p>\n","protected":false},"author":3,"featured_media":122,"comment_status":"open","ping_status":"open","sticky":false,"template":"","format":"standard","meta":{"ngg_post_thumbnail":0,"jetpack_post_was_ever_published":false,"_jetpack_newsletter_access":"","_jetpack_dont_email_post_to_subs":false,"_jetpack_newsletter_tier_id":0,"_jetpack_memberships_contains_paywalled_content":false,"_jetpack_memberships_contains_paid_content":false,"footnotes":"","jetpack_publicize_message":"","jetpack_publicize_feature_enabled":true,"jetpack_social_post_already_shared":false,"jetpack_social_options":{"image_generator_settings":{"template":"highway","default_image_id":0,"enabled":false},"version":2}},"categories":[16],"tags":[20,19,17,18,21],"class_list":["post-111","post","type-post","status-publish","format-standard","has-post-thumbnail","hentry","category-television","tag-canal-caracol","tag-copia-en-tv","tag-donde-carajos-esta-umana","tag-pobres-rico","tag-rcn-television","item-wrap"],"aioseo_notices":[],"jetpack_publicize_connections":[],"jetpack_featured_media_url":"https:\/\/blogs.vanguardia.com\/el-colombian-dream\/files\/2012\/05\/Caracol-Donde-Carajos-Esta-UMANA1.jpg","jetpack_shortlink":"https:\/\/wp.me\/p2uKeD-1N","jetpack_sharing_enabled":true,"_links":{"self":[{"href":"https:\/\/blogs.vanguardia.com\/el-colombian-dream\/wp-json\/wp\/v2\/posts\/111","targetHints":{"allow":["GET"]}}],"collection":[{"href":"https:\/\/blogs.vanguardia.com\/el-colombian-dream\/wp-json\/wp\/v2\/posts"}],"about":[{"href":"https:\/\/blogs.vanguardia.com\/el-colombian-dream\/wp-json\/wp\/v2\/types\/post"}],"author":[{"embeddable":true,"href":"https:\/\/blogs.vanguardia.com\/el-colombian-dream\/wp-json\/wp\/v2\/users\/3"}],"replies":[{"embeddable":true,"href":"https:\/\/blogs.vanguardia.com\/el-colombian-dream\/wp-json\/wp\/v2\/comments?post=111"}],"version-history":[{"count":17,"href":"https:\/\/blogs.vanguardia.com\/el-colombian-dream\/wp-json\/wp\/v2\/posts\/111\/revisions"}],"predecessor-version":[{"id":1901,"href":"https:\/\/blogs.vanguardia.com\/el-colombian-dream\/wp-json\/wp\/v2\/posts\/111\/revisions\/1901"}],"wp:featuredmedia":[{"embeddable":true,"href":"https:\/\/blogs.vanguardia.com\/el-colombian-dream\/wp-json\/wp\/v2\/media\/122"}],"wp:attachment":[{"href":"https:\/\/blogs.vanguardia.com\/el-colombian-dream\/wp-json\/wp\/v2\/media?parent=111"}],"wp:term":[{"taxonomy":"category","embeddable":true,"href":"https:\/\/blogs.vanguardia.com\/el-colombian-dream\/wp-json\/wp\/v2\/categories?post=111"},{"taxonomy":"post_tag","embeddable":true,"href":"https:\/\/blogs.vanguardia.com\/el-colombian-dream\/wp-json\/wp\/v2\/tags?post=111"}],"curies":[{"name":"wp","href":"https:\/\/api.w.org\/{rel}","templated":true}]}}