{"id":1000,"date":"2014-10-09T21:58:28","date_gmt":"2014-10-10T02:58:28","guid":{"rendered":"http:\/\/blogs.vanguardia.com\/el-colombian-dream\/?p=1000"},"modified":"2014-10-10T08:41:34","modified_gmt":"2014-10-10T13:41:34","slug":"relatos-salvajes","status":"publish","type":"post","link":"https:\/\/blogs.vanguardia.com\/el-colombian-dream\/2014\/10\/09\/relatos-salvajes\/","title":{"rendered":"RELATOS SALVAJES"},"content":{"rendered":"<p>Es la primera vez que en cine hablo en voz alta con los personajes de la pantalla avis\u00e1ndoles algo y como no pod\u00eda parar me toc\u00f3 taparme la boca con la mano en varias ocasiones. \u00a0Me sucedi\u00f3 con <strong>Relatos Salvajes del director argentino Damian Szifr\u00f3n<\/strong> que se estren\u00f3 el 9 de octubre en Colombia. \u00a0Hac\u00eda mucho que no me \u00b4escurr\u00eda\u00b4 en la silla de un teatro viendo una pel\u00edcula.<\/p>\n<p>&nbsp;<\/p>\n<p><a href=\"http:\/\/blogs.vanguardia.com\/el-colombian-dream\/files\/2014\/10\/Relatos_salvajes-102488639-large.jpg\"><img loading=\"lazy\" decoding=\"async\" class=\"aligncenter  wp-image-1002\" src=\"http:\/\/blogs.vanguardia.com\/el-colombian-dream\/files\/2014\/10\/Relatos_salvajes-102488639-large.jpg\" alt=\"Relatos_salvajes-102488639-large\" width=\"409\" height=\"573\" srcset=\"https:\/\/blogs.vanguardia.com\/el-colombian-dream\/files\/2014\/10\/Relatos_salvajes-102488639-large.jpg 857w, https:\/\/blogs.vanguardia.com\/el-colombian-dream\/files\/2014\/10\/Relatos_salvajes-102488639-large-214x300.jpg 214w, https:\/\/blogs.vanguardia.com\/el-colombian-dream\/files\/2014\/10\/Relatos_salvajes-102488639-large-731x1024.jpg 731w\" sizes=\"auto, (max-width: 409px) 100vw, 409px\" \/><\/a><\/p>\n<p>&nbsp;<\/p>\n<p>Es que ninguno de los seis relatos independientes que la conforman nos da respiro. Es como una monta\u00f1a rusa llena de humor negro e instintos b\u00e1sicos que me hizo exclamar \u00a1No, no, no!. Un `No` de no puedo creer que le est\u00e9 pasando eso a los protagonistas de <strong>estos relatos que solo los une el hecho de ser salvajes.<\/strong><\/p>\n<p>\u00bfHan sentido en alg\u00fan momento deseos de destruir alg\u00fan bien p\u00fablico o privado cuando en repetidas ocasiones no funciona o cuando esos funcionarios incapaces de darnos una respuesta satisfactoria nos fastidian la vida?<\/p>\n<p>Pues los personajes de esta pel\u00edcula no se contienen. Lo intentan, pero <strong>cruzan esa delgada l\u00ednea del auto control<\/strong> o la educaci\u00f3n y se dispara una serie de hechos que van fuera de los l\u00edmites.<\/p>\n<p>&nbsp;<\/p>\n<div id=\"attachment_1003\" style=\"width: 439px\" class=\"wp-caption aligncenter\"><a href=\"http:\/\/blogs.vanguardia.com\/el-colombian-dream\/files\/2014\/10\/833a135502_Ricardo-Darin-Relatos-Salvajes-Fashionclick-Cienradios-1024x532.jpg\"><img loading=\"lazy\" decoding=\"async\" aria-describedby=\"caption-attachment-1003\" class=\"wp-image-1003\" src=\"http:\/\/blogs.vanguardia.com\/el-colombian-dream\/files\/2014\/10\/833a135502_Ricardo-Darin-Relatos-Salvajes-Fashionclick-Cienradios-1024x532.jpg\" alt=\"833a135502_Ricardo-Darin-Relatos-Salvajes-Fashionclick-Cienradios-1024x532\" width=\"439\" height=\"228\" srcset=\"https:\/\/blogs.vanguardia.com\/el-colombian-dream\/files\/2014\/10\/833a135502_Ricardo-Darin-Relatos-Salvajes-Fashionclick-Cienradios-1024x532.jpg 1024w, https:\/\/blogs.vanguardia.com\/el-colombian-dream\/files\/2014\/10\/833a135502_Ricardo-Darin-Relatos-Salvajes-Fashionclick-Cienradios-1024x532-300x155.jpg 300w, https:\/\/blogs.vanguardia.com\/el-colombian-dream\/files\/2014\/10\/833a135502_Ricardo-Darin-Relatos-Salvajes-Fashionclick-Cienradios-1024x532-900x467.jpg 900w\" sizes=\"auto, (max-width: 439px) 100vw, 439px\" \/><\/a><p id=\"caption-attachment-1003\" class=\"wp-caption-text\">Ricardo Dar\u00edn en Relatos Salvajes<\/p><\/div>\n<p>&nbsp;<\/p>\n<p>Talvez el primero de los relatos sea el que m\u00e1s ficci\u00f3n tenga pero los otros perfectamente nos pueden pasar a cualquiera de nosotros, sobre todo cuando nos encontramos con mandos medios que no tienen proyecci\u00f3n y se limitan a presionar a los dem\u00e1s con peque\u00f1as reglas de empresas anquilosadas en el siglo pasado.<\/p>\n<p>Algo que me qued\u00f3 sonando en la cabeza es un cuestionamiento \u00bfqu\u00e9 har\u00eda si me encontrara en la situaci\u00f3n de estos personajes? <strong>En la mayor\u00eda hay dilemas \u00e9ticos por resolver<\/strong>, asuntos que pueden ser legales o no pero en una primera instancia nos debatimos en definir qu\u00e9 es lo correcto.<\/p>\n<p>Sziffr\u00f3n nos pone como espectadores a meternos en la piel del padre que propone un soborno para salvar a su hijo de ir a la c\u00e1rcel\u00a0 <strong>\u00bfusted, el que lee estas l\u00edneas, lo har\u00eda?<\/strong><\/p>\n<p>En otro cuadro nos lanza a la cara el planteamiento de una se\u00f1ora ex convicta que ante la precaria situaci\u00f3n econ\u00f3mica y laboral preferir\u00eda volver a la c\u00e1rcel\u2026 \u00bfusted, el que se qued\u00f3 sin trabajo y lee por ocio este post, cometer\u00eda un delito bien grave para asegurar comida y dormida as\u00ed sea preso?<\/p>\n<p>&nbsp;<\/p>\n<p><a href=\"http:\/\/blogs.vanguardia.com\/el-colombian-dream\/files\/2014\/10\/relatos2CINE1.jpg\"><img loading=\"lazy\" decoding=\"async\" class=\"aligncenter  wp-image-1006\" src=\"http:\/\/blogs.vanguardia.com\/el-colombian-dream\/files\/2014\/10\/relatos2CINE1.jpg\" alt=\"relatos2CINE1\" width=\"359\" height=\"495\" srcset=\"https:\/\/blogs.vanguardia.com\/el-colombian-dream\/files\/2014\/10\/relatos2CINE1.jpg 579w, https:\/\/blogs.vanguardia.com\/el-colombian-dream\/files\/2014\/10\/relatos2CINE1-217x300.jpg 217w\" sizes=\"auto, (max-width: 359px) 100vw, 359px\" \/><\/a><\/p>\n<p>&nbsp;<\/p>\n<p>Si nadie lo ve \u00bfusted, lector o espectador, cometer\u00eda un delito?<\/p>\n<p><strong>\u00bfQu\u00e9 estar\u00eda dispuesto a hacer si le da un ataque de celos en medio de una gran fiesta?<\/strong> \u00bfArma un esc\u00e1ndalo, presiona a la persona en cuesti\u00f3n privadamente, le importar\u00eda lo que piensen los invitados, toma medidas violentas aduciendo un estado de intenso dolor?<\/p>\n<p>Dram\u00e1ticamente es como si nos regalaran seis pel\u00edculas en hora y media. Nada m\u00e1s con la primera queda uno sorprendido, la segunda te pone a pensar, claro est\u00e1 que la tercera te saca el salvaje que llevas dentro, la\u00a0quinta es el dulce sabor de una venganza al sistema y la \u00faltima, <strong>la \u00faltima es una angustia permanente<\/strong>.<\/p>\n<p>Un factor incuestionable para que Relatos Salvajes sea la nominada por Argentina a los premios Oscar es la calidad interpretativa de los actores, son fenomenales <strong>Ricardo Dar\u00edn<\/strong> a quien seguimos en El secreto de sus ojos, El hijo de la novia y Tesis sobre un asesinato, <strong>Erica Rivas<\/strong> en su papel de novia celosa que nos lleva al borde del precipicio, <strong>Dario Grandinetti<\/strong> que nos hizo volar con El lado oscuro del coraz\u00f3n y en general todos los que act\u00faan en cada uno de los cortos.<\/p>\n<p>&nbsp;<\/p>\n<div id=\"attachment_1007\" style=\"width: 363px\" class=\"wp-caption aligncenter\"><a href=\"http:\/\/blogs.vanguardia.com\/el-colombian-dream\/files\/2014\/10\/Relatos-Salvajes-Cine1.jpg\"><img loading=\"lazy\" decoding=\"async\" aria-describedby=\"caption-attachment-1007\" class=\" wp-image-1007\" src=\"http:\/\/blogs.vanguardia.com\/el-colombian-dream\/files\/2014\/10\/Relatos-Salvajes-Cine1.jpg\" alt=\"Dar\u00edo Grandinetti en Relatos Salvajes\" width=\"363\" height=\"502\" srcset=\"https:\/\/blogs.vanguardia.com\/el-colombian-dream\/files\/2014\/10\/Relatos-Salvajes-Cine1.jpg 1003w, https:\/\/blogs.vanguardia.com\/el-colombian-dream\/files\/2014\/10\/Relatos-Salvajes-Cine1-217x300.jpg 217w, https:\/\/blogs.vanguardia.com\/el-colombian-dream\/files\/2014\/10\/Relatos-Salvajes-Cine1-741x1024.jpg 741w, https:\/\/blogs.vanguardia.com\/el-colombian-dream\/files\/2014\/10\/Relatos-Salvajes-Cine1-900x1243.jpg 900w\" sizes=\"auto, (max-width: 363px) 100vw, 363px\" \/><\/a><p id=\"caption-attachment-1007\" class=\"wp-caption-text\">Dar\u00edo Grandinetti en Relatos Salvajes<\/p><\/div>\n<p>&nbsp;<\/p>\n<p>Otro la divisi\u00f3n de secuencias o cortos que aunque muy distintos no pierden el estilo que identifica al director, el mismo de series de televisi\u00f3n reconocidas como<strong> Los Simuladores<\/strong>.<\/p>\n<p>Esa propuesta de secuencias inconexas la hab\u00eda visto en 1991 en la pel\u00edcula, <strong>Sue\u00f1os, del legendario director japones Akira Kurosawa<\/strong> que presenta ocho historias on\u00edricas en las cuales se potencian las met\u00e1foras y los simbolismos. Lo que las une es que son obsesiones\u00a0del director en diferentes momentos de su vida que lo marcaron: la segunda guerra mundial, las pinturas de Van Gogh, la naturaleza con sus colores y las tragedias.\u00a0 Es probable que esos Relatos Salvajes sean deseos reprimidos de Szifr\u00f3n como lo fueron los sue\u00f1os de Kurosawa.<\/p>\n<p>En la pel\u00edcula, <strong>11\u00b409\u201d01<\/strong>, hay diferentes visiones del atentado contra las torres gemelas un 11 de septiembre del 2001 pues se le encomend\u00f3 a 11 directores de cine alrededor del mundo que trabajaran una historia con duraci\u00f3n de 11 minutos sobre esa fecha,<strong> la diferencia con la de Damian Szifr\u00f3n es que las 6 historias de Relatos Salvajes fueron pensadas, escritas y dirigidas por el mismo<\/strong>.<\/p>\n<p>Por cuestiones de trabajo viaj\u00e9 en septiembre a Buenos Aires y en un rato libre me escap\u00e9 para ver la pel\u00edcula que hab\u00eda batido todos los records de taquilla en su pa\u00eds, m\u00e1s de dos millones de espectadores <strong>y como cosa rara ten\u00eda la bendici\u00f3n de los cr\u00edticos<\/strong>. Entr\u00e9 a medio d\u00eda a uno de los Multiplex del centro a un par de cuadras del ic\u00f3nico Obelisco en la Avenida 9 de julio y la Avenida Corrientes, no \u00e9ramos m\u00e1s de 15 en la antigua sala.<\/p>\n<p>&nbsp;<\/p>\n<div id=\"attachment_1008\" style=\"width: 325px\" class=\"wp-caption aligncenter\"><a href=\"http:\/\/blogs.vanguardia.com\/el-colombian-dream\/files\/2014\/10\/10552563_1452451008351545_6968859255874810509_n.jpg\"><img loading=\"lazy\" decoding=\"async\" aria-describedby=\"caption-attachment-1008\" class=\" wp-image-1008\" src=\"http:\/\/blogs.vanguardia.com\/el-colombian-dream\/files\/2014\/10\/10552563_1452451008351545_6968859255874810509_n.jpg\" alt=\"Erica Rivas en Relatos Salvajes\" width=\"325\" height=\"448\" srcset=\"https:\/\/blogs.vanguardia.com\/el-colombian-dream\/files\/2014\/10\/10552563_1452451008351545_6968859255874810509_n.jpg 464w, https:\/\/blogs.vanguardia.com\/el-colombian-dream\/files\/2014\/10\/10552563_1452451008351545_6968859255874810509_n-217x300.jpg 217w\" sizes=\"auto, (max-width: 325px) 100vw, 325px\" \/><\/a><p id=\"caption-attachment-1008\" class=\"wp-caption-text\">Erica Rivas en Relatos Salvajes<\/p><\/div>\n<p>&nbsp;<\/p>\n<p>Comienza la proyecci\u00f3n y en los cr\u00e9ditos aparece como<strong> una de las casas productoras, El deseo,<\/strong> lo que indica que hay dinero espa\u00f1ol pues los due\u00f1os son los <strong>Almodovar<\/strong>, en la m\u00fasica <strong>un premio Oscar, Gustavo Santa Olaya<\/strong>, destacan que fue ganadora de Premios en Festivales como el de San Sebasti\u00e1n, <strong>nominada en la categor\u00eda de mejor pel\u00edcula en Cannes<\/strong>, los cr\u00e9ditos desaparecen y nos encontramos a Dar\u00edo Grandineti, el Oliverio del Lado Oscuro del Coraz\u00f3n, en un avi\u00f3n.<\/p>\n<p>Despu\u00e9s de cinco minutos de comenzada la pel\u00edcula me voy acomodando al descubrir junto a Grandineti que algo muy extra\u00f1o pasa all\u00ed. Suelto mi primer \u201cNoo\u201d y cuando todos en la escena est\u00e1n de acuerdo en que es demasiado raro lo que les est\u00e1 sucediendo\u00a0ya estoy <strong>`escurrido`<\/strong> en la silla con la mano en la boca. Es apenas el primero de los seis Relatos Salvajes.<\/p>\n<p>&nbsp;<\/p>\n<p>&nbsp;<\/p>\n","protected":false},"excerpt":{"rendered":"<p>Es la primera vez que en cine hablo en voz alta con los personajes de la pantalla avis\u00e1ndoles algo y como no pod\u00eda parar me toc\u00f3 taparme la boca con la mano en varias ocasiones. \u00a0Me sucedi\u00f3 con Relatos Salvajes del director argentino Damian Szifr\u00f3n que se estren\u00f3 el 9 de octubre en Colombia. \u00a0Hac\u00eda &hellip; <\/p>\n<p><a class=\"more-link btn\" href=\"https:\/\/blogs.vanguardia.com\/el-colombian-dream\/2014\/10\/09\/relatos-salvajes\/\">Seguir leyendo<\/a><\/p>\n","protected":false},"author":3,"featured_media":0,"comment_status":"open","ping_status":"open","sticky":false,"template":"","format":"standard","meta":{"ngg_post_thumbnail":0,"jetpack_post_was_ever_published":false,"_jetpack_newsletter_access":"","_jetpack_dont_email_post_to_subs":false,"_jetpack_newsletter_tier_id":0,"_jetpack_memberships_contains_paywalled_content":false,"_jetpack_memberships_contains_paid_content":false,"footnotes":"","jetpack_publicize_message":"","jetpack_publicize_feature_enabled":true,"jetpack_social_post_already_shared":true,"jetpack_social_options":{"image_generator_settings":{"template":"highway","default_image_id":0,"enabled":false},"version":2}},"categories":[3],"tags":[196,197,195,198],"class_list":["post-1000","post","type-post","status-publish","format-standard","hentry","category-cronicas-de-cine","tag-damian-szifron","tag-dario-grandinetti","tag-relatos-salvajes","tag-ricardo-darin","item-wrap"],"aioseo_notices":[],"jetpack_publicize_connections":[],"jetpack_featured_media_url":"","jetpack_shortlink":"https:\/\/wp.me\/p2uKeD-g8","jetpack_sharing_enabled":true,"_links":{"self":[{"href":"https:\/\/blogs.vanguardia.com\/el-colombian-dream\/wp-json\/wp\/v2\/posts\/1000","targetHints":{"allow":["GET"]}}],"collection":[{"href":"https:\/\/blogs.vanguardia.com\/el-colombian-dream\/wp-json\/wp\/v2\/posts"}],"about":[{"href":"https:\/\/blogs.vanguardia.com\/el-colombian-dream\/wp-json\/wp\/v2\/types\/post"}],"author":[{"embeddable":true,"href":"https:\/\/blogs.vanguardia.com\/el-colombian-dream\/wp-json\/wp\/v2\/users\/3"}],"replies":[{"embeddable":true,"href":"https:\/\/blogs.vanguardia.com\/el-colombian-dream\/wp-json\/wp\/v2\/comments?post=1000"}],"version-history":[{"count":8,"href":"https:\/\/blogs.vanguardia.com\/el-colombian-dream\/wp-json\/wp\/v2\/posts\/1000\/revisions"}],"predecessor-version":[{"id":1014,"href":"https:\/\/blogs.vanguardia.com\/el-colombian-dream\/wp-json\/wp\/v2\/posts\/1000\/revisions\/1014"}],"wp:attachment":[{"href":"https:\/\/blogs.vanguardia.com\/el-colombian-dream\/wp-json\/wp\/v2\/media?parent=1000"}],"wp:term":[{"taxonomy":"category","embeddable":true,"href":"https:\/\/blogs.vanguardia.com\/el-colombian-dream\/wp-json\/wp\/v2\/categories?post=1000"},{"taxonomy":"post_tag","embeddable":true,"href":"https:\/\/blogs.vanguardia.com\/el-colombian-dream\/wp-json\/wp\/v2\/tags?post=1000"}],"curies":[{"name":"wp","href":"https:\/\/api.w.org\/{rel}","templated":true}]}}