{"id":947,"date":"2012-12-12T15:59:32","date_gmt":"2012-12-12T20:59:32","guid":{"rendered":"http:\/\/blogs.vanguardia.com\/corporacion-colombia-digital\/?p=947"},"modified":"2012-12-12T16:07:09","modified_gmt":"2012-12-12T21:07:09","slug":"las-redes-sociales-tambien-ayudan-a-la-prevencion-de-catastrofes","status":"publish","type":"post","link":"https:\/\/blogs.vanguardia.com\/corporacion-colombia-digital\/medio-ambiente\/947-las-redes-sociales-tambien-ayudan-a-la-prevencion-de-catastrofes","title":{"rendered":"Las redes sociales tambi\u00e9n ayudan a la prevenci\u00f3n de cat\u00e1strofes"},"content":{"rendered":"<p>\u00bfSe ha hecho la pregunta, as\u00ed sea mental, sobre el tan sonado fin del mundo seg\u00fan los Mayas?<\/p>\n<p>No es necesario buscar mucho; en televisi\u00f3n, Internet y prensa ha circulado informaci\u00f3n suficiente para que la mayor\u00eda de las personas nos cuestionemos sobre nuestras reacciones frente a una cat\u00e1strofe. \u00bfQu\u00e9 si estamos preparados?, \u00bfqu\u00e9 si es o no el final de un ciclo?<!--more--><\/p>\n<p>Por ahora, hay mucha especulaci\u00f3n sobre lo que realmente podr\u00eda pasar con la raza humana, no solo el 21 de diciembre, sino en cualquier momento durante nuestra estad\u00eda en la tierra.<\/p>\n<p>Lo interesante es la cantidad de formatos que se han generado a partir de este tema durante los \u00faltimos meses: programas de televisi\u00f3n, documentales, pel\u00edculas y datos en la web.<\/p>\n<p>En esta \u00faltima, el contenido dispuesto en el ciberespacio es tal vez lo que m\u00e1s posibilidades tiene de llegar a millones de usuarios. Las infograf\u00edas, por ejemplo, muestran a trav\u00e9s de gr\u00e1ficos informaci\u00f3n estad\u00edstica y datos interesantes de f\u00e1cil movimiento en redes.\u00a0<a href=\"http:\/\/blogs.vanguardia.com\/corporacion-colombia-digital\/files\/2012\/12\/Desastres.jpg\"><img loading=\"lazy\" decoding=\"async\" class=\"alignleft  wp-image-948\" src=\"http:\/\/blogs.vanguardia.com\/corporacion-colombia-digital\/files\/2012\/12\/Desastres-300x200.jpg\" alt=\"\" width=\"240\" height=\"160\" srcset=\"https:\/\/blogs.vanguardia.com\/corporacion-colombia-digital\/files\/2012\/12\/Desastres-300x200.jpg 300w, https:\/\/blogs.vanguardia.com\/corporacion-colombia-digital\/files\/2012\/12\/Desastres.jpg 507w\" sizes=\"auto, (max-width: 240px) 100vw, 240px\" \/><\/a><\/p>\n<p>En esta <a href=\"http:\/\/alfredovela.files.wordpress.com\/2012\/11\/findelmundo.jpg\">infograf\u00eda<\/a> se presentan algunos datos atractivos: por cada 10 personas, una cree que el mundo se acabar\u00e1 este a\u00f1o, igualmente se muestran las razones y la distribuci\u00f3n por edad. Tambi\u00e9n encontr\u00e9 otras que sirven de referencia:<\/p>\n<p><a href=\"http:\/\/www.specialcabledeals.com\/end-of-the-world.html\">Special cable deals<\/a><br \/>\n<a href=\"http:\/\/visually.visually.netdna-cdn.com\/EndoftheWorld_4fd88b49576e8.jpg\">End of the world<\/a><br \/>\n<a href=\"http:\/\/eldespacio.com\/2012\/01\/calendario-para-el-fin-del-mundo-infografia\/\">Calendario para el fin del mundo<\/a><\/p>\n<p>Ahora, si nos salimos de todo el tema m\u00edstico del fin del mundo y nos acercamos un poco m\u00e1s a la realidad; podemos demostrar que las tecnolog\u00edas de la informaci\u00f3n son herramientas poderosas a la hora de apaciguar los \u00e1nimos, generar informaci\u00f3n minuto a minuto y documentar desde cada lugar, sobre el real estado de cualquier situaci\u00f3n o cat\u00e1strofe.<\/p>\n<p>En el pasado tsunami de Jap\u00f3n, el gobierno us\u00f3 exitosamente los mensajes de texto con todos sus habitantes para avisar sobre la necesidad de una evacuaci\u00f3n inmediata en las zonas de riesgo; de la misma manera, en Chile luego del terremoto del 2010 se anunci\u00f3 la integraci\u00f3n de sistemas de alerta v\u00eda SMS.<\/p>\n<p>Este tipo de \u201calerta de emergencia inal\u00e1mbrica\u201d (Wireless Emergency Alerts, WEA, por sus siglas en ingl\u00e9s) es un sistema de alerta de seguridad p\u00fablica que permite a quienes poseen un aparato m\u00f3vil habilitado recibir mensajes similares a los de texto; est\u00e1n dirigidos a un \u00e1rea geogr\u00e1fica espec\u00edfica, alert\u00e1ndoles de amenazas inminentes a la seguridad, presentes en su zona.<\/p>\n<p>Otras herramientas poderosas son las redes sociales, las cuales fueron usadas en el hurac\u00e1n \u201cSandy\u201d por miles de personas, quienes reportaron a trav\u00e9s de Twitter e Instagram el estado de las inundaciones y emergencias a bomberos y agencias federales. Desde servicios de mensajer\u00eda instant\u00e1nea como WhatsApp, Skype y correos electr\u00f3nicos lograron comunicarse con sus familias; evitando la congesti\u00f3n mediante las l\u00edneas telef\u00f3nicas fijas y m\u00f3viles.\u00a0<a href=\"http:\/\/blogs.vanguardia.com\/corporacion-colombia-digital\/files\/2012\/12\/huracan.jpg\"><img loading=\"lazy\" decoding=\"async\" class=\" wp-image-949 alignright\" src=\"http:\/\/blogs.vanguardia.com\/corporacion-colombia-digital\/files\/2012\/12\/huracan-300x300.jpg\" alt=\"\" width=\"210\" height=\"210\" srcset=\"https:\/\/blogs.vanguardia.com\/corporacion-colombia-digital\/files\/2012\/12\/huracan-300x300.jpg 300w, https:\/\/blogs.vanguardia.com\/corporacion-colombia-digital\/files\/2012\/12\/huracan-150x150.jpg 150w, https:\/\/blogs.vanguardia.com\/corporacion-colombia-digital\/files\/2012\/12\/huracan.jpg 414w\" sizes=\"auto, (max-width: 210px) 100vw, 210px\" \/><\/a><\/p>\n<p>Pero por otro lado est\u00e1 la informaci\u00f3n viral herrada. Luego de la llegada de \u201cSandy\u201d a las costas estadounidenses, un n\u00famero considerable de <a href=\"http:\/\/www.cartelurbano.com\/content\/la-falsa-tormenta-sandy-en-redes-sociales\">im\u00e1genes falsas<\/a> se movilizaron a trav\u00e9s de las redes sociales; estas correspond\u00edan a foto-montajes muy bien hechos, logrando preocupar a muchos incautos. \u00a0Esto comprueba que la informaci\u00f3n en manos inescrupulosas puede generar graves problemas; m\u00e1s a\u00fan si se tiene en cuenta que todos los ojos del mundo estaban puestos en Nueva York.<\/p>\n<p>Esperemos que el hecho de que m\u00e1s personas tengan acceso a la informaci\u00f3n publicada en la red evite casos como los suicidios masivos que se produjeron en el a\u00f1o 2000; donde cerca de 800 seguidores de una secta ugandesa se rociaron con gasolina y se prendieron fuego pensando que ser\u00eda el fin del mundo.<\/p>\n<p>Recuerde, que lo m\u00e1s importante es tener claras cu\u00e1les son sus fuentes de informaci\u00f3n, determinar que sean veraces y confiables.<\/p>\n<p>&nbsp;<\/p>\n<p>&nbsp;<\/p>\n<p><strong>\u00a0Laura Ayala<\/strong><br \/>\nCoordinadora Gesti\u00f3n del Conocimiento<br \/>\n<a href=\"http:\/\/www.colombiadigital.net\/\">Colombia Digital<\/a><\/p>\n<p>&nbsp;<\/p>\n","protected":false},"excerpt":{"rendered":"<p>\u00bfSe ha hecho la pregunta, as\u00ed sea mental, sobre el tan sonado fin del mundo seg\u00fan los Mayas? No es necesario buscar mucho; en televisi\u00f3n, Internet y prensa ha circulado informaci\u00f3n suficiente para que la mayor\u00eda de las personas nos cuestionemos sobre nuestras reacciones frente a una cat\u00e1strofe. \u00bfQu\u00e9 si estamos preparados?, \u00bfqu\u00e9 si es &hellip; <\/p>\n<p><a class=\"more-link btn\" href=\"https:\/\/blogs.vanguardia.com\/corporacion-colombia-digital\/medio-ambiente\/947-las-redes-sociales-tambien-ayudan-a-la-prevencion-de-catastrofes\">Seguir leyendo<\/a><\/p>\n","protected":false},"author":8,"featured_media":0,"comment_status":"open","ping_status":"open","sticky":false,"template":"","format":"standard","meta":{"ngg_post_thumbnail":0,"jetpack_post_was_ever_published":false,"footnotes":""},"categories":[14,16],"tags":[421,418,419,420,155,417,225,416],"class_list":["post-947","post","type-post","status-publish","format-standard","hentry","category-medio-ambiente","category-redes-sociales","tag-ayudas-tecnologicas","tag-catastrofes","tag-desastres-naturales","tag-emergencia","tag-gobierno","tag-huracan","tag-nuevas-tecnologias","tag-sandy","item-wrap"],"aioseo_notices":[],"jetpack_featured_media_url":"","jetpack_shortlink":"https:\/\/wp.me\/p2uKmq-fh","jetpack_sharing_enabled":true,"_links":{"self":[{"href":"https:\/\/blogs.vanguardia.com\/corporacion-colombia-digital\/wp-json\/wp\/v2\/posts\/947","targetHints":{"allow":["GET"]}}],"collection":[{"href":"https:\/\/blogs.vanguardia.com\/corporacion-colombia-digital\/wp-json\/wp\/v2\/posts"}],"about":[{"href":"https:\/\/blogs.vanguardia.com\/corporacion-colombia-digital\/wp-json\/wp\/v2\/types\/post"}],"author":[{"embeddable":true,"href":"https:\/\/blogs.vanguardia.com\/corporacion-colombia-digital\/wp-json\/wp\/v2\/users\/8"}],"replies":[{"embeddable":true,"href":"https:\/\/blogs.vanguardia.com\/corporacion-colombia-digital\/wp-json\/wp\/v2\/comments?post=947"}],"version-history":[{"count":4,"href":"https:\/\/blogs.vanguardia.com\/corporacion-colombia-digital\/wp-json\/wp\/v2\/posts\/947\/revisions"}],"predecessor-version":[{"id":951,"href":"https:\/\/blogs.vanguardia.com\/corporacion-colombia-digital\/wp-json\/wp\/v2\/posts\/947\/revisions\/951"}],"wp:attachment":[{"href":"https:\/\/blogs.vanguardia.com\/corporacion-colombia-digital\/wp-json\/wp\/v2\/media?parent=947"}],"wp:term":[{"taxonomy":"category","embeddable":true,"href":"https:\/\/blogs.vanguardia.com\/corporacion-colombia-digital\/wp-json\/wp\/v2\/categories?post=947"},{"taxonomy":"post_tag","embeddable":true,"href":"https:\/\/blogs.vanguardia.com\/corporacion-colombia-digital\/wp-json\/wp\/v2\/tags?post=947"}],"curies":[{"name":"wp","href":"https:\/\/api.w.org\/{rel}","templated":true}]}}