{"id":713,"date":"2011-09-20T12:58:30","date_gmt":"2011-09-20T17:58:30","guid":{"rendered":"http:\/\/www.vliberal.com\/blogs\/corporacion-colombia-digital\/?p=713"},"modified":"2011-09-20T12:58:30","modified_gmt":"2011-09-20T17:58:30","slug":"yo-soy-un-agente-de-cambio-tic","status":"publish","type":"post","link":"https:\/\/blogs.vanguardia.com\/corporacion-colombia-digital\/innovacion\/713-yo-soy-un-agente-de-cambio-tic","title":{"rendered":"Yo, soy un Agente de Cambio TIC"},"content":{"rendered":"<p>Analizando un poco algunos de aquellos planes, proyectos y estrategias encaminadas a promover el uso y la apropiaci\u00f3n de las tecnolog\u00edas de la informaci\u00f3n y la comunicaci\u00f3n, (TIC), me encuentro con muy buenas intenciones y hermosas palabras que en algunos casos no cumplen con el objetivo trazado.<\/p>\n<p>La Corporaci\u00f3n Colombia Digital desde sus inicios ha \u00a0trabajado en promover el uso y la apropiaci\u00f3n de las\u00a0 TIC, como herramientas para el desarrollo social y productivo de la sociedad, donde la creaci\u00f3n de riquezas y bienestar est\u00e9 basada en el conocimiento, tal como lo cita su visi\u00f3n. \u00a0A simple vista, estas palabras nos llevan a pensar en grandes ideas de proyecto, que implican millones y millones de pesos. Pero no siempre es as\u00ed.<\/p>\n<p>Hace poco menos de un a\u00f1o, la Corporaci\u00f3n ha implementado un programa de capacitaciones en el uso y apropiaci\u00f3n de herramientas web, dirigido a su capital humano, muchas de estas de uso gratuito y \u00a0de gran utilidad no s\u00f3lo para el \u00e1mbito laboral, sino tambi\u00e9n para la aplicabilidad en cualquier clase de actividades diarias. Estas capacitaciones no\u00a0 requieren de grandes recursos, en comparaci\u00f3n al gran impacto y desarrollo que tales herramientas tienen en nuestro diario vivir.<\/p>\n<div style=\"width: 415px\" class=\"wp-caption alignleft\"><img loading=\"lazy\" decoding=\"async\" src=\"http:\/\/cache1.asset-cache.net\/xc\/122301775.jpg?v=1&amp;c=IWSAsset&amp;k=2&amp;d=6C4008C0FD9EB5A5F4C3A1FFD35242DEB8721DD069754092BAD82B69D9896422\" alt=\"Imagen tomada de Getty Images\" width=\"415\" height=\"413\" \/><p class=\"wp-caption-text\">Imagen tomada de Getty Images<\/p><\/div>\n<p>En mi caso, tuve la oportunidad de participar en varios de estos espacios de aprendizaje los cuales abordaron tutoriales de \u00a0aplicaciones como: Prezi, el cual me permite crear presentaciones din\u00e1micas y creativas; Windows Movie Maker, editar y realizar v\u00eddeos; ToonDoo, crear caricaturas; Camtasia, hacer v\u00eddeos tutoriales; WordPress, crear blogs personalizados, etc. \u00a0Gracias al manejo y conocimiento de estas herramientas, me di cuenta que me he convertido en un \u2018Agente de Cambio\u2019 entre mi c\u00edrculo de amigos, familia y conocidos.<\/p>\n<p>\u00bfAgente de Cambio?&#8230; S\u00ed, soy un Agente de Cambio. D\u00edas atr\u00e1s, me correspond\u00eda enviar una invitaci\u00f3n para un evento familiar y pensando en una forma creativa de hacerlo, constru\u00ed un v\u00eddeo, que sencillamente los sorprendi\u00f3. Recuerdo que mis familiares me dijeron: \u201cLucia, \u00bfc\u00f3mo lo hiciste? \u00bfEn qu\u00e9 momento estudiaste para eso?\u201d. Para ellos, el uso de programas como Movie Maker es exclusivo para ingenieros, igualmente sucedi\u00f3 cuando les mand\u00e9 un recordatorio del evento con la herramienta ToonDoo.<\/p>\n<p>Luego de explicarles que se trataban de programas gratuitos, muy f\u00e1ciles de manejar e implementar, no se resistieron a la idea de recibir una capacitaci\u00f3n sobre este importante y valioso conocimiento. De tal manera, considero que soy un \u2018Agente de Cambio\u2019.<\/p>\n<p>Cuando pensamos en impactar a cualquier tipo de p\u00fablico en el uso y apropiaci\u00f3n de las TIC, caemos en el error de imaginarnos un proyecto robusto, que \u2018otros\u2019 pueden hacer. Pero con estrategias como las implementadas por la Corporaci\u00f3n, es muy f\u00e1cil contribuir al cierre de la llamada brecha digital, gracias al impacto que desde nuestra labor diaria podemos generar en el entorno.<\/p>\n<p>Hoy, mi prima puede hacer una presentaci\u00f3n innovadora a trav\u00e9s de Prezi, porque un d\u00eda le dije que pod\u00eda encontrar un sin n\u00famero de tutoriales\u00a0<a href=\"http:\/\/www.colombiadigital.net\/\">en la p\u00e1gina de la Corporaci\u00f3n,<\/a> la cual pone al servicio de los usuarios diversas herramientas tecnol\u00f3gicas de gran utilidad en el \u00e1rea profesional y cotidiana, permiti\u00e9ndoles hacer parte de la sociedad del conocimiento.<\/p>\n<p>Es por esto, que sin\u00a0 temor a equivocarme, puedo decir que cada quince d\u00edas en la Corporaci\u00f3n Colombia Digital se est\u00e1n formando Agentes de Cambio, y yo, soy una de ellos.<\/p>\n<p><strong>Luc\u00eda Osorio<\/strong><\/p>\n<p><strong>Asesora del proyecto Educared<\/strong><\/p>\n","protected":false},"excerpt":{"rendered":"<p>Analizando un poco algunos de aquellos planes, proyectos y estrategias encaminadas a promover el uso y la apropiaci\u00f3n de las tecnolog\u00edas de la informaci\u00f3n y la comunicaci\u00f3n, (TIC), me encuentro con muy buenas intenciones y hermosas palabras que en algunos casos no cumplen con el objetivo trazado. La Corporaci\u00f3n Colombia Digital desde sus inicios ha &hellip; <\/p>\n<p><a class=\"more-link btn\" href=\"https:\/\/blogs.vanguardia.com\/corporacion-colombia-digital\/innovacion\/713-yo-soy-un-agente-de-cambio-tic\">Seguir leyendo<\/a><\/p>\n","protected":false},"author":6,"featured_media":0,"comment_status":"open","ping_status":"open","sticky":false,"template":"","format":"standard","meta":{"ngg_post_thumbnail":0,"jetpack_post_was_ever_published":false,"footnotes":""},"categories":[13],"tags":[26,76,91,254,314],"class_list":["post-713","post","type-post","status-publish","format-standard","hentry","category-innovacion","tag-agente-de-cambio","tag-colombia-digital","tag-conocimiento","tag-prezi","tag-tic","item-wrap"],"aioseo_notices":[],"jetpack_featured_media_url":"","jetpack_shortlink":"https:\/\/wp.me\/p2uKmq-bv","jetpack_sharing_enabled":true,"_links":{"self":[{"href":"https:\/\/blogs.vanguardia.com\/corporacion-colombia-digital\/wp-json\/wp\/v2\/posts\/713","targetHints":{"allow":["GET"]}}],"collection":[{"href":"https:\/\/blogs.vanguardia.com\/corporacion-colombia-digital\/wp-json\/wp\/v2\/posts"}],"about":[{"href":"https:\/\/blogs.vanguardia.com\/corporacion-colombia-digital\/wp-json\/wp\/v2\/types\/post"}],"author":[{"embeddable":true,"href":"https:\/\/blogs.vanguardia.com\/corporacion-colombia-digital\/wp-json\/wp\/v2\/users\/6"}],"replies":[{"embeddable":true,"href":"https:\/\/blogs.vanguardia.com\/corporacion-colombia-digital\/wp-json\/wp\/v2\/comments?post=713"}],"version-history":[{"count":0,"href":"https:\/\/blogs.vanguardia.com\/corporacion-colombia-digital\/wp-json\/wp\/v2\/posts\/713\/revisions"}],"wp:attachment":[{"href":"https:\/\/blogs.vanguardia.com\/corporacion-colombia-digital\/wp-json\/wp\/v2\/media?parent=713"}],"wp:term":[{"taxonomy":"category","embeddable":true,"href":"https:\/\/blogs.vanguardia.com\/corporacion-colombia-digital\/wp-json\/wp\/v2\/categories?post=713"},{"taxonomy":"post_tag","embeddable":true,"href":"https:\/\/blogs.vanguardia.com\/corporacion-colombia-digital\/wp-json\/wp\/v2\/tags?post=713"}],"curies":[{"name":"wp","href":"https:\/\/api.w.org\/{rel}","templated":true}]}}