{"id":460,"date":"2010-09-07T10:06:24","date_gmt":"2010-09-07T15:06:24","guid":{"rendered":"http:\/\/www.vliberal.com\/blogs\/corporacion-colombia-digital\/?p=460"},"modified":"2010-09-07T10:06:24","modified_gmt":"2010-09-07T15:06:24","slug":"las-tic-hacen-sonar-las-pequenas-voces","status":"publish","type":"post","link":"https:\/\/blogs.vanguardia.com\/corporacion-colombia-digital\/innovacion\/460-las-tic-hacen-sonar-las-pequenas-voces","title":{"rendered":"Las TIC hacen sonar las peque\u00f1as voces"},"content":{"rendered":"<p style=\"text-align: center\"><img loading=\"lazy\" decoding=\"async\" class=\"aligncenter size-full wp-image-461\" src=\"http:\/\/blogs.vanguardia.com\/corporacion-colombia-digital\/files\/2010\/09\/Peque\u00f1as-Voces-de-Colombia.jpg\" alt=\"Peque\u00f1as-Voces-de-Colombia\" width=\"486\" height=\"275\" srcset=\"https:\/\/blogs.vanguardia.com\/corporacion-colombia-digital\/files\/2010\/09\/Peque\u00f1as-Voces-de-Colombia.jpg 540w, https:\/\/blogs.vanguardia.com\/corporacion-colombia-digital\/files\/2010\/09\/Peque\u00f1as-Voces-de-Colombia-300x169.jpg 300w\" sizes=\"auto, (max-width: 486px) 100vw, 486px\" \/><\/p>\n<p style=\"text-align: justify\">El cine es uno de esos artes que son dif\u00edciles de explicar, para los que no nos sentimos conocedores en estos temas, pero lo que s\u00ed no necesita de alg\u00fan grado de experticia es afirmar que en la actualidad no es ninguna sorpresa la gran aceptaci\u00f3n de las\u00a0pel\u00edculas animadas.<\/p>\n<p style=\"text-align: justify\">Desde principios de la d\u00e9cada de los noventas, en las pantallas de los teatros aparecieron algunas de las m\u00e1s exitosas cintas de este g\u00e9nero, como la recordada\u00a0El Rey Le\u00f3n, y su inolvidable y pegajoso <a href=\"http:\/\/www.youtube.com\/watch?v=mN1qnSbEDSU\" target=\"_blank\"><em>\u201cHakuna matata\u201d<\/em><\/a> donde el peque\u00f1o Simba debe luchar contra muchas dificultades para llegar a convertirse en el heredero al trono.<\/p>\n<p style=\"text-align: justify\">Pero no todas las historias del cine de animaci\u00f3n nos cuentan tragedias, en ocasiones podemos encontrar comedia como es el caso de\u00a0Shrek, la saga del \u00a0ogro verde y gru\u00f1\u00f3n acompa\u00f1ado de un simp\u00e1tico burro y un gato pretencioso.<\/p>\n<p style=\"text-align: justify\">Para fortuna de nuestro cine criollo, ya existen personas como Jairo Carrillo y \u00d3scar Andrade, quienes han incursionado en el s\u00e9ptimo arte con un cortometraje realizado sobre los ni\u00f1os desplazados por la violencia en Colombia. El resultado de su obra prima es un\u00a0h\u00edbrido entre documental y animaci\u00f3n por computador, para narrar una historia dura y dram\u00e1tica que ha tardado siete a\u00f1os en ver la luz, llamada \u201c<a href=\"http:\/\/www.youtube.com\/watch?v=b18r3nmTZt0\">Peque\u00f1as voces<\/a>\u201d.<\/p>\n<p style=\"text-align: justify\">Es tal la calidad de esta pel\u00edcula animada, que fue invitada a <a href=\"http:\/\/www.elespectador.com\/entretenimiento\/agenda\/cine\/articulo-222231-pelicula-animada-colombiana-se-estrena-venecia\">participar en la versi\u00f3n No. 67 del Festival Internacional de Cine de Venecia<\/a> (Mostra Internazionale d&#8217;Arte Cinematogr\u00e1fica di Venezia) \u00a0y estar\u00e1 dentro de una de las categor\u00edas que les podr\u00eda brindar una gran oportunidad a Carrillo y Andrade de convertirse en los nuevos talentos del cine mundial.<\/p>\n<p style=\"text-align: justify\">Por otra parte, este trabajo que fue ganador de la convocatoria del Fondo para el Desarrollo Cinematogr\u00e1fico de Colombia, tiene el honor de ser la primera pel\u00edcula de animaci\u00f3n que participa en este evento.\u00a0\u201cLa hice pensando en que se convirtiera en el micr\u00f3fono de los ni\u00f1os v\u00edctimas del conflicto. Quiero regalarla, que sea una pel\u00edcula gratis para que todos los ni\u00f1os puedan verla. Son 75 minutos de duraci\u00f3n en los que espero elevar la sensibilidad hacia estas v\u00edctimas de la guerra\u201d, concluye su director.<\/p>\n<p style=\"text-align: justify\">Independiente de que ganen o no, lo realmente importante es demostrar a muchos de los pseudocr\u00edticos de cine, que lo colombiano no solamente implica groser\u00edas, prostitutas y narcotr\u00e1fico, sino que con elementos de nuestra realidad integrados a las TIC, se pueden llevar mensajes mucho m\u00e1s profundos sobre las experiencias y perjuicios que trae el conflicto interno que afronta nuestra naci\u00f3n y del que infortunadamente las mayores v\u00edctimas son nuestros ni\u00f1os.<\/p>\n<p style=\"text-align: justify\">Es por eso que esta pel\u00edcula se transforma en el mejor ejemplo de la responsabilidad social que deben tener las tecnolog\u00edas de la informaci\u00f3n y la comunicaci\u00f3n, y sobre todo en la importancia de darle un buen uso apropi\u00e1ndolas como un motor de b\u00fasqueda de un sociedad mucho m\u00e1s justa y equitativa.<\/p>\n<p style=\"text-align: justify\">Por \u00faltimo, los invito a ver el tr\u00e1iler de esta pel\u00edcula aqu\u00ed: <a href=\"http:\/\/www.youtube.com\/watch?v=b18r3nmTZt0\">http:\/\/www.youtube.com\/watch?v=b18r3nmTZt0<\/a> y animarse a asistir a las salas de cine para apoyar el talento colombiano que narra nuestras historias para el mundo entero.<\/p>\n<p><strong>\u00c1lvaro Rodr\u00edguez<\/strong><br \/>\nConsultor Conexi\u00f3n Total<br \/>\nCorporaci\u00f3n Colombia Digital<br \/>\n<a href=\"mailto:alvarorodriguez@colombiadigital.net\">alvarorodriguez@colombiadigital.net<\/a><br \/>\n<a href=\"http:\/\/www.colombiadigital.net\/\">www.colombiadigital.net<\/a><\/p>\n","protected":false},"excerpt":{"rendered":"<p>El cine es uno de esos artes que son dif\u00edciles de explicar, para los que no nos sentimos conocedores en estos temas, pero lo que s\u00ed no necesita de alg\u00fan grado de experticia es afirmar que en la actualidad no es ninguna sorpresa la gran aceptaci\u00f3n de las\u00a0pel\u00edculas animadas. Desde principios de la d\u00e9cada de &hellip; <\/p>\n<p><a class=\"more-link btn\" href=\"https:\/\/blogs.vanguardia.com\/corporacion-colombia-digital\/innovacion\/460-las-tic-hacen-sonar-las-pequenas-voces\">Seguir leyendo<\/a><\/p>\n","protected":false},"author":6,"featured_media":0,"comment_status":"open","ping_status":"open","sticky":false,"template":"","format":"standard","meta":{"ngg_post_thumbnail":0,"jetpack_post_was_ever_published":false,"footnotes":""},"categories":[13],"tags":[21,35,63,606,75,189,222,243,244,339,346],"class_list":["post-460","post","type-post","status-publish","format-standard","hentry","category-innovacion","tag-3d","tag-animacion","tag-cartelera","tag-cine","tag-colombia","tag-largometraje","tag-ninos","tag-pelicula","tag-pequenas-voces","tag-victimas","tag-violencia","item-wrap"],"aioseo_notices":[],"jetpack_featured_media_url":"","jetpack_shortlink":"https:\/\/wp.me\/p2uKmq-7q","jetpack_sharing_enabled":true,"_links":{"self":[{"href":"https:\/\/blogs.vanguardia.com\/corporacion-colombia-digital\/wp-json\/wp\/v2\/posts\/460","targetHints":{"allow":["GET"]}}],"collection":[{"href":"https:\/\/blogs.vanguardia.com\/corporacion-colombia-digital\/wp-json\/wp\/v2\/posts"}],"about":[{"href":"https:\/\/blogs.vanguardia.com\/corporacion-colombia-digital\/wp-json\/wp\/v2\/types\/post"}],"author":[{"embeddable":true,"href":"https:\/\/blogs.vanguardia.com\/corporacion-colombia-digital\/wp-json\/wp\/v2\/users\/6"}],"replies":[{"embeddable":true,"href":"https:\/\/blogs.vanguardia.com\/corporacion-colombia-digital\/wp-json\/wp\/v2\/comments?post=460"}],"version-history":[{"count":0,"href":"https:\/\/blogs.vanguardia.com\/corporacion-colombia-digital\/wp-json\/wp\/v2\/posts\/460\/revisions"}],"wp:attachment":[{"href":"https:\/\/blogs.vanguardia.com\/corporacion-colombia-digital\/wp-json\/wp\/v2\/media?parent=460"}],"wp:term":[{"taxonomy":"category","embeddable":true,"href":"https:\/\/blogs.vanguardia.com\/corporacion-colombia-digital\/wp-json\/wp\/v2\/categories?post=460"},{"taxonomy":"post_tag","embeddable":true,"href":"https:\/\/blogs.vanguardia.com\/corporacion-colombia-digital\/wp-json\/wp\/v2\/tags?post=460"}],"curies":[{"name":"wp","href":"https:\/\/api.w.org\/{rel}","templated":true}]}}