{"id":446,"date":"2010-08-30T10:54:51","date_gmt":"2010-08-30T15:54:51","guid":{"rendered":"http:\/\/www.vliberal.com\/blogs\/corporacion-colombia-digital\/?p=446"},"modified":"2010-08-30T10:54:51","modified_gmt":"2010-08-30T15:54:51","slug":"a-proposito-de-hector-abad","status":"publish","type":"post","link":"https:\/\/blogs.vanguardia.com\/corporacion-colombia-digital\/comunicacion\/446-a-proposito-de-hector-abad","title":{"rendered":"A prop\u00f3sito de H\u00e9ctor Abad\u2026"},"content":{"rendered":"<p><img loading=\"lazy\" decoding=\"async\" class=\"aligncenter size-full wp-image-455\" src=\"http:\/\/blogs.vanguardia.com\/corporacion-colombia-digital\/files\/2010\/08\/adicion.jpg\" alt=\"97404282\" width=\"397\" height=\"430\" srcset=\"https:\/\/blogs.vanguardia.com\/corporacion-colombia-digital\/files\/2010\/08\/adicion.jpg 397w, https:\/\/blogs.vanguardia.com\/corporacion-colombia-digital\/files\/2010\/08\/adicion-276x300.jpg 276w\" sizes=\"auto, (max-width: 397px) 100vw, 397px\" \/><\/p>\n<p style=\"text-align: justify\">En su habitual columna del domingo en el El Espectador H\u00e9ctor Abad Faciolince hace una muy pertinente reflexi\u00f3n (por lo menos para m\u00ed)denominada <a href=\"http:\/\/elespectador.com\/opinion\/columnistasdelimpreso\/hector-abad-faciolince\/columna-221459-el-tiempo-muerto\">\u201cEl tiempo muerto\u201d<\/a>, a prop\u00f3sito de los pocos reales momentos de ocio y \u201cdesconexi\u00f3n\u201d que se dispone hoy en d\u00eda a causa del permanente uso de computadores, Ipods, blackberrys, en fin, todo tipo de artefactos, que si sigo la lista no termino.<\/p>\n<p style=\"text-align: justify\">La columna del escritor paisa coincide con la sensaci\u00f3n de mis \u00faltimos d\u00edas relacionada con el uso del tel\u00e9fono m\u00f3vil, en la que sent\u00eda que no pod\u00eda dejarlo de tener ni un instante porque pod\u00eda llegar un correo, alguien pod\u00eda saludarme en un chat y que pena no responderle de inmediato, o deb\u00eda estar pendiente de quien se conectaba y tal vez hac\u00eda mucho tiempo no lo hac\u00eda.\u00a0 Revisaba el celular en el bus, en el carro, caminando, viendo tele, en reuniones, tomando un caf\u00e9 o jugando con Agatha, la gata de la casa. \u00a1Mejor dicho a todo momento!<\/p>\n<p style=\"text-align: justify\">Pero hace unos d\u00edas decid\u00ed que este \u201caparatejo\u201d no me controlar\u00e1 m\u00e1s ni dispersara mi pensamiento para quitarme el goce del disfrute de cada momento, incluso de aquellos en los que no se hace nada, que son el \u00faltimas los mejores.\u00a0 Elimine la opci\u00f3n de recibir correos. \u00bfPara qu\u00e9 tener esta aplicaci\u00f3n si igual debo mirarlos y responderlos luego en el computador, o si la mayor\u00eda de ellos son SPAM?\u00a0 Me desconect\u00e9 de los programas de mensajer\u00eda instant\u00e1nea y me conecto cuando quiero, evitando que pueda una conversaci\u00f3n interrumpir una actividad importante que me encuentre realizando, como por ejemplo estar haciendo nada.<\/p>\n<p style=\"text-align: justify\">No se imaginan la sensaci\u00f3n de libertad que he sentido, he\u00a0 recuperado parte de mi opci\u00f3n de elegir que hacer durante mi d\u00eda sin que moment\u00e1neamente un \u201cbeep\u201d o que una alerta roja me saque del estado de concentraci\u00f3n en el que me encuentro.\u00a0 S\u00e9 que aun falta, pero espero que llegue para mi ese d\u00eda en el que no requiera m\u00e1s llevar conmigo el \u201cinterruptor\u201d m\u00f3vil.<\/p>\n<p style=\"text-align: justify\">Contrariamente en la \u00e9poca de supuesta mayor comunicaci\u00f3n debido a las tecnolog\u00edas, es sin duda la que mayor interrupci\u00f3n y menor calidad en la misma, en ello he podido ser v\u00edctima y victimario, y vaya sensaci\u00f3n m\u00e1s incomoda que estar con alguien que est\u00e1 contigo f\u00edsicamente pero cuya alma est\u00e1 en mil partes a la vez.<\/p>\n<p style=\"text-align: justify\">Espero as\u00ed que con mis recientes acciones pueda ir reivindic\u00e1ndome y recobrar el gusto de conversar con alguien, mirando a los ojos, viviendo el presente y sin estar pendiente de afamado \u201cinterruptor\u201d celular. \u00a0No dejen de leerse la columna de H\u00e9ctor Abad.<\/p>\n<p style=\"text-align: justify\">Imagen tomada del siguiente enlace:<\/p>\n<p style=\"text-align: justify\"><a href=\"http:\/\/cache4.asset-cache.net\/xc\/97785661.jpg?v=1&amp;c=NewsMaker&amp;k=2&amp;d=D9DE238B075EBDD9CF3E8A172C660D1F8C3AE5F69C018DCD83B4725445EE790A\">http:\/\/cache4.asset-cache.net\/xc\/97785661.jpg?v=1&amp;c=NewsMaker&amp;k=2&amp;d=D9DE238B075EBDD9CF3E8A172C660D<\/a><\/p>\n<p style=\"text-align: justify\"><a href=\"http:\/\/cache4.asset-cache.net\/xc\/97785661.jpg?v=1&amp;c=NewsMaker&amp;k=2&amp;d=D9DE238B075EBDD9CF3E8A172C660D1F8C3AE5F69C018DCD83B4725445EE790A\">1F8C3AE5F69C018DCD83B4725445EE790A<\/a><\/p>\n<p style=\"text-align: justify\"><strong>Oswaldo Ospina<br \/>\n<\/strong> Coordinador de TIC y educaci\u00f3n para el desarrollo social<br \/>\nCorporaci\u00f3n Colombia Digital<br \/>\n<a href=\"mailto:oswaldo.ospina@colombiadigital.net\">oswaldo.ospina@colombiadigital.net<\/a><br \/>\n<a href=\"http:\/\/www.colombiadigital.net\/\">www.colombiadigital.net<\/a><\/p>\n","protected":false},"excerpt":{"rendered":"<p>En su habitual columna del domingo en el El Espectador H\u00e9ctor Abad Faciolince hace una muy pertinente reflexi\u00f3n (por lo menos para m\u00ed)denominada \u201cEl tiempo muerto\u201d, a prop\u00f3sito de los pocos reales momentos de ocio y \u201cdesconexi\u00f3n\u201d que se dispone hoy en d\u00eda a causa del permanente uso de computadores, Ipods, blackberrys, en fin, todo &hellip; <\/p>\n<p><a class=\"more-link btn\" href=\"https:\/\/blogs.vanguardia.com\/corporacion-colombia-digital\/comunicacion\/446-a-proposito-de-hector-abad\">Seguir leyendo<\/a><\/p>\n","protected":false},"author":6,"featured_media":0,"comment_status":"open","ping_status":"open","sticky":false,"template":"","format":"standard","meta":{"ngg_post_thumbnail":0,"jetpack_post_was_ever_published":false,"footnotes":""},"categories":[8],"tags":[22,24,54,64,607,214,302,307,316,333],"class_list":["post-446","post","type-post","status-publish","format-standard","hentry","category-comunicacion","tag-abuso","tag-adiccion","tag-blackberry","tag-celular","tag-comunicacion","tag-movil","tag-telecomunicaciones","tag-telefonos","tag-tiempo-libre","tag-uso","item-wrap"],"aioseo_notices":[],"jetpack_featured_media_url":"","jetpack_shortlink":"https:\/\/wp.me\/p2uKmq-7c","jetpack_sharing_enabled":true,"_links":{"self":[{"href":"https:\/\/blogs.vanguardia.com\/corporacion-colombia-digital\/wp-json\/wp\/v2\/posts\/446","targetHints":{"allow":["GET"]}}],"collection":[{"href":"https:\/\/blogs.vanguardia.com\/corporacion-colombia-digital\/wp-json\/wp\/v2\/posts"}],"about":[{"href":"https:\/\/blogs.vanguardia.com\/corporacion-colombia-digital\/wp-json\/wp\/v2\/types\/post"}],"author":[{"embeddable":true,"href":"https:\/\/blogs.vanguardia.com\/corporacion-colombia-digital\/wp-json\/wp\/v2\/users\/6"}],"replies":[{"embeddable":true,"href":"https:\/\/blogs.vanguardia.com\/corporacion-colombia-digital\/wp-json\/wp\/v2\/comments?post=446"}],"version-history":[{"count":0,"href":"https:\/\/blogs.vanguardia.com\/corporacion-colombia-digital\/wp-json\/wp\/v2\/posts\/446\/revisions"}],"wp:attachment":[{"href":"https:\/\/blogs.vanguardia.com\/corporacion-colombia-digital\/wp-json\/wp\/v2\/media?parent=446"}],"wp:term":[{"taxonomy":"category","embeddable":true,"href":"https:\/\/blogs.vanguardia.com\/corporacion-colombia-digital\/wp-json\/wp\/v2\/categories?post=446"},{"taxonomy":"post_tag","embeddable":true,"href":"https:\/\/blogs.vanguardia.com\/corporacion-colombia-digital\/wp-json\/wp\/v2\/tags?post=446"}],"curies":[{"name":"wp","href":"https:\/\/api.w.org\/{rel}","templated":true}]}}