{"id":423,"date":"2010-07-26T17:37:17","date_gmt":"2010-07-26T22:37:17","guid":{"rendered":"http:\/\/www.vliberal.com\/blogs\/corporacion-colombia-digital\/?p=423"},"modified":"2010-07-26T17:37:17","modified_gmt":"2010-07-26T22:37:17","slug":"tocara-andar-en-las-nubes","status":"publish","type":"post","link":"https:\/\/blogs.vanguardia.com\/corporacion-colombia-digital\/innovacion\/423-tocara-andar-en-las-nubes","title":{"rendered":"\u00a1Tocar\u00e1 andar en las nubes!"},"content":{"rendered":"<p style=\"text-align: justify\">\n<p style=\"text-align: justify\">\n<p style=\"text-align: justify\"><img loading=\"lazy\" decoding=\"async\" class=\"aligncenter size-full wp-image-444\" src=\"http:\/\/blogs.vanguardia.com\/corporacion-colombia-digital\/files\/2010\/07\/nube.jpg\" alt=\"73845097\" width=\"477\" height=\"358\" srcset=\"https:\/\/blogs.vanguardia.com\/corporacion-colombia-digital\/files\/2010\/07\/nube.jpg 477w, https:\/\/blogs.vanguardia.com\/corporacion-colombia-digital\/files\/2010\/07\/nube-300x225.jpg 300w\" sizes=\"auto, (max-width: 477px) 100vw, 477px\" \/><\/p>\n<p style=\"text-align: justify\">Para muchos esto es sin\u00f3nimo de despiste y para todos es una realidad palpable. Todo se encamina hacia la nube, la Internet como la conocemos hoy en d\u00eda crecer\u00e1 a\u00fan m\u00e1s por la cantidad de informaci\u00f3n que se cargar\u00e1 en los pr\u00f3ximos dos a\u00f1os. Las empresas ya han comenzado una migraci\u00f3n a servidores de gran calado en internet con miras a tener de una manera m\u00e1s inmediata y disponible 24-7 toda su informaci\u00f3n.<\/p>\n<p style=\"text-align: justify\">Otro aspecto adem\u00e1s de subir dicha informaci\u00f3n de la empresa es el del trabajo colaborativo. Muchas veces nos hemos encontrado con un archivo de trabajo que debemos revisar y luego pasar a un tercero, cuarto y hasta quinto para la misma acci\u00f3n y finalmente se nos puede confundir \u00a0el archivo al punto de no saber que versi\u00f3n es la que se est\u00e1 trabajando.<\/p>\n<p style=\"text-align: justify\">Ahora en Internet esto funciona de la misma forma pero con la bendici\u00f3n que podemos revisar todo en l\u00ednea y en tiempo real, no s\u00f3lo uno sino muchos usuarios en un mismo documento, hacerle aportes, correcciones y mejoras.<\/p>\n<p style=\"text-align: justify\">Dos ejemplos son <a href=\"http:\/\/workspace.officelive.com\/es-ES\/\" target=\"_blank\">Office Live Workspace<\/a> y <a href=\"http:\/\/www.docs.google.com\" target=\"_blank\">Google docs<\/a>, plataformas libres, f\u00e1ciles de utilizar y amigables con el usuario. Por supuesto que tienen algunas limitaciones pero sus alcances se est\u00e1n potenciando d\u00eda a d\u00eda con nuevas herramientas incluidas.<\/p>\n<p style=\"text-align: justify\">Apostar al trabajo en la nube si duda que tiene un sinn\u00famero de ventajas y beneficios para los usuarios pero hay que cuidar que nuestros archivos est\u00e9n seguros y protegidos, dejando las debidas copias de seguridad en los computadores de la empresa o de la casa a fin de no ser asaltados en un futuro con p\u00e9rdidas causadas por virus u otros ataques inform\u00e1ticos de los que no se est\u00e1 exento.<\/p>\n<p style=\"text-align: justify\">Considero que aunque el tema de la nube est\u00e1 poco desarrollado, podr\u00eda convertirse en una l\u00ednea de negocio rentable para todas aquellas empresas de software que piensan en nuevas alternativas para los usuarios como nosotros. Sin embargo, es posible que la nube no sea el \u00fanico escenario viable ya que se puede pensar en trabajar con servidores propios que permitan el acceso remoto a todos los empleados.<\/p>\n<p style=\"text-align: justify\">En este punto las empresas y todos en general debemos tener en cuenta que muchas veces no es muy llamativa la opci\u00f3n de programas libres y se dejan de lado porque son gratis y es probable que no funcionen. Pero, se han visto casos de programas grandes, complejos, sofisticados y muy caros que resultan siendo subutilizados y ocasionan p\u00e9rdidas de tiempo y dinero que a estas alturas, nadie est\u00e1 en condiciones de asumir, por lo que los invito a que exploren estas y muchas otras plataformas que est\u00e1n encubiertas en la Red.<\/p>\n<p style=\"text-align: justify\">Finalmente antes de tomar cualquier decisi\u00f3n sobre este particular debemos asesorarnos por personas expertas en el tema y con un poco de sentido com\u00fan, lograremos mejores rendimientos de producci\u00f3n en la empresa.<\/p>\n<p style=\"text-align: justify\">La nube es divertida, f\u00e1cil, r\u00e1pida, efectiva y permite estar conectados inmediatamente. Vamos a sacarle mejor partido para todos. \u00a1Ah! Y no olviden que una vez manejemos alguna de estas plataformas, es importante seguir ense\u00f1ando a los chicos y grandes para compartir este conocimiento. Finalmente, el aprendizaje colaborativo y el trabajo en equipo es uno de los objetivos de la nube y nosotros debemos ser los principales promotores de tan noble fin.<\/p>\n<p style=\"text-align: justify\">Imagen tomada del siguiente enlace:<\/p>\n<p style=\"text-align: justify\"><a href=\"http:\/\/cache2.asset-cache.net\/xc\/73845097.jpg?v=1&amp;c=NewsMaker&amp;k=2&amp;d=15CD5006CFBBE3280E04DC4E2162F526101016BD4793C68D7D1EB3529EC73560\">http:\/\/cache2.asset-cache.net\/xc\/73845097.jpg?v=1&amp;c=NewsMaker&amp;k=2&amp;d=15CD5006CFBBE3280E04DC4E2162F526101016BD4793C68D7D1EB3529EC73560<\/a><\/p>\n<p style=\"text-align: justify\">\n<p style=\"text-align: justify\"><strong>Andres Bejarano<\/strong><br \/>\nAsesor<br \/>\nCorporaci\u00f3n Colombia Digital<br \/>\n<a href=\"mailto:arpa1967@gmail.com\">arpa1967@gmail.com<\/a><br \/>\n<a href=\"http:\/\/www.colombiadigital.net\/\">www.colombiadigital.net<\/a><\/p>\n","protected":false},"excerpt":{"rendered":"<p>Para muchos esto es sin\u00f3nimo de despiste y para todos es una realidad palpable. Todo se encamina hacia la nube, la Internet como la conocemos hoy en d\u00eda crecer\u00e1 a\u00fan m\u00e1s por la cantidad de informaci\u00f3n que se cargar\u00e1 en los pr\u00f3ximos dos a\u00f1os. Las empresas ya han comenzado una migraci\u00f3n a servidores de gran &hellip; <\/p>\n<p><a class=\"more-link btn\" href=\"https:\/\/blogs.vanguardia.com\/corporacion-colombia-digital\/innovacion\/423-tocara-andar-en-las-nubes\">Seguir leyendo<\/a><\/p>\n","protected":false},"author":6,"featured_media":0,"comment_status":"open","ping_status":"open","sticky":false,"template":"","format":"standard","meta":{"ngg_post_thumbnail":0,"jetpack_post_was_ever_published":false,"footnotes":""},"categories":[13],"tags":[29,71,80,104,610,173,612,318],"class_list":["post-423","post","type-post","status-publish","format-standard","hentry","category-innovacion","tag-almacenamiento","tag-cloud-computing","tag-computacion-en-la-nube","tag-datos","tag-empresas","tag-informacion","tag-innovacion","tag-trabajo-colaborativo","item-wrap"],"aioseo_notices":[],"jetpack_featured_media_url":"","jetpack_shortlink":"https:\/\/wp.me\/p2uKmq-6P","jetpack_sharing_enabled":true,"_links":{"self":[{"href":"https:\/\/blogs.vanguardia.com\/corporacion-colombia-digital\/wp-json\/wp\/v2\/posts\/423","targetHints":{"allow":["GET"]}}],"collection":[{"href":"https:\/\/blogs.vanguardia.com\/corporacion-colombia-digital\/wp-json\/wp\/v2\/posts"}],"about":[{"href":"https:\/\/blogs.vanguardia.com\/corporacion-colombia-digital\/wp-json\/wp\/v2\/types\/post"}],"author":[{"embeddable":true,"href":"https:\/\/blogs.vanguardia.com\/corporacion-colombia-digital\/wp-json\/wp\/v2\/users\/6"}],"replies":[{"embeddable":true,"href":"https:\/\/blogs.vanguardia.com\/corporacion-colombia-digital\/wp-json\/wp\/v2\/comments?post=423"}],"version-history":[{"count":0,"href":"https:\/\/blogs.vanguardia.com\/corporacion-colombia-digital\/wp-json\/wp\/v2\/posts\/423\/revisions"}],"wp:attachment":[{"href":"https:\/\/blogs.vanguardia.com\/corporacion-colombia-digital\/wp-json\/wp\/v2\/media?parent=423"}],"wp:term":[{"taxonomy":"category","embeddable":true,"href":"https:\/\/blogs.vanguardia.com\/corporacion-colombia-digital\/wp-json\/wp\/v2\/categories?post=423"},{"taxonomy":"post_tag","embeddable":true,"href":"https:\/\/blogs.vanguardia.com\/corporacion-colombia-digital\/wp-json\/wp\/v2\/tags?post=423"}],"curies":[{"name":"wp","href":"https:\/\/api.w.org\/{rel}","templated":true}]}}