{"id":382,"date":"2010-05-24T11:58:03","date_gmt":"2010-05-24T16:58:03","guid":{"rendered":"http:\/\/www.vliberal.com\/blogs\/corporacion-colombia-digital\/?p=382"},"modified":"2010-05-24T11:58:03","modified_gmt":"2010-05-24T16:58:03","slug":"bb-boom","status":"publish","type":"post","link":"https:\/\/blogs.vanguardia.com\/corporacion-colombia-digital\/comunicacion\/382-bb-boom","title":{"rendered":"BB Boom"},"content":{"rendered":"<p style=\"text-align: center\"><img loading=\"lazy\" decoding=\"async\" class=\"size-medium wp-image-383  aligncenter\" src=\"http:\/\/blogs.vanguardia.com\/corporacion-colombia-digital\/files\/2010\/05\/bb-225x300.jpg\" alt=\"73845423\" width=\"225\" height=\"300\" srcset=\"https:\/\/blogs.vanguardia.com\/corporacion-colombia-digital\/files\/2010\/05\/bb-225x300.jpg 225w, https:\/\/blogs.vanguardia.com\/corporacion-colombia-digital\/files\/2010\/05\/bb.jpg 358w\" sizes=\"auto, (max-width: 225px) 100vw, 225px\" \/><\/p>\n<p style=\"text-align: justify\">\n<p style=\"text-align: justify\">Era un mi\u00e9rcoles, me sent\u00e9 en un caf\u00e9 que quedaba en la parte norte del supermercado y ordene un capuchino y un alfajor mientras llegaba la hora de mi reuni\u00f3n. El supermercado ubicado en una zona llena de oficinas, desped\u00eda a sus visitantes pasada la hora del almuerzo, cuando los ejecutivos se preparaban para regresar a sus lugares de trabajo despu\u00e9s de haber recargado energ\u00edas mientras las de sus <em>\u201cBB\u00b4s\u201d <strong>*<\/strong><\/em> se agotaban poco a poco, lo que los afanaba a correr hacia la toma el\u00e9ctrica m\u00e1s cercana para alimentar a sus chiquillos.<\/p>\n<p style=\"text-align: justify\">El \u201cBB\u201d no duerme y sus padres tampoco, la ventaja es que no come tanto, solo hay que recargarlo un par de veces por semana, si acaso, y \u00a1listo! Risas, sorpresas, cuentos y m\u00e1s todo el d\u00eda y toda la noche.<\/p>\n<p style=\"text-align: justify\">La llegada del BB pone fren\u00e9ticos a sus padres, Facebook y Msn se inundan de anuncios de la llegada de m\u00e1s y m\u00e1s BB\u00b4s.\u00a0 Todos con orgullo revelan al mundo su nombre \u201cBB PIN 11345892\u201d para que nadie se quede sin llamarlo o hablar con el.<\/p>\n<p style=\"text-align: justify\">Y es que el BB es una gran compa\u00f1\u00eda, definitivamente les ha cambiado la vida a quienes decidieron tener uno. Ya no hay tiempo para nada m\u00e1s que para el BB. Son intensos, todo el d\u00eda quieren atenci\u00f3n y chillan y chillan, y cuando no chillan, vibran y se mueven como locos hasta que por fin alguien los alza y consiente su barriga un rato y llena sus memorias de m\u00e1s informaci\u00f3n.<\/p>\n<p style=\"text-align: justify\">Una verdadera explosi\u00f3n de BB\u00b4s \u00a1BB boom! El \u00edndice de natalidad reporta un crecimiento exponencial. En Espa\u00f1a el n\u00famero de BB\u00b4s creci\u00f3 en un 26% con respecto al a\u00f1o pasado\u2026eso en plena crisis de la econom\u00eda mundial.<\/p>\n<p style=\"text-align: justify\">A la mitad de mi caf\u00e9 me pregunt\u00e9 \u00bfSer\u00e1 que me est\u00e1 dejando el tren? Tantos BB\u00b4s y yo tan desparchada en mi mesa, tan sola con mi capuchino y mi alfajor, sin nada que me hiciera re\u00edr, sin nadie con quien hablar.<\/p>\n<p style=\"text-align: justify\">Me levante de la mesa, recog\u00ed el vaso desechable donde hab\u00eda reposado mi caf\u00e9, el plato de cart\u00f3n que acogi\u00f3 a mi alfajor y s\u00f3lo quedaba espacio libre en mis manos para recoger mi cartera. En ese instante pens\u00e9 que si tuviera un BB tal vez no tendr\u00eda c\u00f3mo cargarlo, entend\u00ed que tal vez no estoy preparada para dedicar mis d\u00edas y mis noches al BB y que tal vez no es el momento a\u00fan de ser una madre abnegada.<\/p>\n<p style=\"text-align: justify\"><em>*BB corresponde a la abreviatura de Blackberry, tel\u00e9fono inteligente lanzado por la empresa que lleva su mismo nombre.<\/em><\/p>\n<p style=\"text-align: justify\">Imagen tomada del siguiente enlace:<br \/>\n<a href=\"http:\/\/cache3.asset-cache.net\/xc\/73845423.jpg?v=1&amp;c=NewsMaker&amp;k=2&amp;d=15CD5006CFBBE3289E81328CD70B8515101016BD4793C68DB5B0B230C3289581\" target=\"_blank\">http:\/\/cache3.asset-cache.net\/xc\/73845423.jpg?v=1&amp;c=NewsMaker&amp;k=2&amp;d=15CD5006CFBBE3289E81328CD70B8515101016BD4793C68DB5B0B230C3289581<\/a><\/p>\n<p style=\"text-align: justify\"><strong>Laura \u00c1ngel<\/strong><br \/>\nAsesora<br \/>\nCorporaci\u00f3n Colombia Digital<br \/>\n<a href=\"mailto:lauraangel@colombiadigital.net\" target=\"_blank\"> lauraangel@colombiadigital.net<\/a><br \/>\n<a href=\"http:\/\/www.colombiadigital.net\" target=\"_blank\"> www.colombiadigital.net<\/a><\/p>\n","protected":false},"excerpt":{"rendered":"<p>Era un mi\u00e9rcoles, me sent\u00e9 en un caf\u00e9 que quedaba en la parte norte del supermercado y ordene un capuchino y un alfajor mientras llegaba la hora de mi reuni\u00f3n. El supermercado ubicado en una zona llena de oficinas, desped\u00eda a sus visitantes pasada la hora del almuerzo, cuando los ejecutivos se preparaban para regresar &hellip; <\/p>\n<p><a class=\"more-link btn\" href=\"https:\/\/blogs.vanguardia.com\/corporacion-colombia-digital\/comunicacion\/382-bb-boom\">Seguir leyendo<\/a><\/p>\n","protected":false},"author":6,"featured_media":0,"comment_status":"open","ping_status":"open","sticky":false,"template":"","format":"standard","meta":{"ngg_post_thumbnail":0,"jetpack_post_was_ever_published":false,"footnotes":""},"categories":[8],"tags":[24,44,52,54,56,82,214,249,298,306],"class_list":["post-382","post","type-post","status-publish","format-standard","hentry","category-comunicacion","tag-adiccion","tag-auge","tag-bb","tag-blackberry","tag-boom","tag-comunicaciones","tag-movil","tag-popularidad","tag-tecnologia","tag-telefono-inteligente","item-wrap"],"aioseo_notices":[],"jetpack_featured_media_url":"","jetpack_shortlink":"https:\/\/wp.me\/p2uKmq-6a","jetpack_sharing_enabled":true,"_links":{"self":[{"href":"https:\/\/blogs.vanguardia.com\/corporacion-colombia-digital\/wp-json\/wp\/v2\/posts\/382","targetHints":{"allow":["GET"]}}],"collection":[{"href":"https:\/\/blogs.vanguardia.com\/corporacion-colombia-digital\/wp-json\/wp\/v2\/posts"}],"about":[{"href":"https:\/\/blogs.vanguardia.com\/corporacion-colombia-digital\/wp-json\/wp\/v2\/types\/post"}],"author":[{"embeddable":true,"href":"https:\/\/blogs.vanguardia.com\/corporacion-colombia-digital\/wp-json\/wp\/v2\/users\/6"}],"replies":[{"embeddable":true,"href":"https:\/\/blogs.vanguardia.com\/corporacion-colombia-digital\/wp-json\/wp\/v2\/comments?post=382"}],"version-history":[{"count":0,"href":"https:\/\/blogs.vanguardia.com\/corporacion-colombia-digital\/wp-json\/wp\/v2\/posts\/382\/revisions"}],"wp:attachment":[{"href":"https:\/\/blogs.vanguardia.com\/corporacion-colombia-digital\/wp-json\/wp\/v2\/media?parent=382"}],"wp:term":[{"taxonomy":"category","embeddable":true,"href":"https:\/\/blogs.vanguardia.com\/corporacion-colombia-digital\/wp-json\/wp\/v2\/categories?post=382"},{"taxonomy":"post_tag","embeddable":true,"href":"https:\/\/blogs.vanguardia.com\/corporacion-colombia-digital\/wp-json\/wp\/v2\/tags?post=382"}],"curies":[{"name":"wp","href":"https:\/\/api.w.org\/{rel}","templated":true}]}}