{"id":333,"date":"2010-02-17T10:08:12","date_gmt":"2010-02-17T15:08:12","guid":{"rendered":"http:\/\/www.vliberal.com\/blogs\/corporacion-colombia-digital\/?p=333"},"modified":"2010-02-17T10:08:12","modified_gmt":"2010-02-17T15:08:12","slug":"bucaramanga-ciudad-digital","status":"publish","type":"post","link":"https:\/\/blogs.vanguardia.com\/corporacion-colombia-digital\/ciudades-digitales\/333-bucaramanga-ciudad-digital","title":{"rendered":"Bucaramanga: \u00bfCiudad digital?"},"content":{"rendered":"<p><img loading=\"lazy\" decoding=\"async\" class=\"aligncenter size-full wp-image-334\" src=\"http:\/\/blogs.vanguardia.com\/corporacion-colombia-digital\/files\/2010\/02\/ciudad-digital.jpg\" alt=\"ciudad digital\" width=\"477\" height=\"358\" srcset=\"https:\/\/blogs.vanguardia.com\/corporacion-colombia-digital\/files\/2010\/02\/ciudad-digital.jpg 477w, https:\/\/blogs.vanguardia.com\/corporacion-colombia-digital\/files\/2010\/02\/ciudad-digital-300x225.jpg 300w\" sizes=\"auto, (max-width: 477px) 100vw, 477px\" \/><\/p>\n<p>Al pensar en Bucaramanga, la concibo como una ciudad acogedora, agradable, con clima c\u00e1lido, gente caracterizada por su amabilidad y hospitalidad; pero tambi\u00e9n tengo muy presente los importantes avances que ha venido recorriendo en lo que respecta a la inclusi\u00f3n digital. Actores como la Universidad Aut\u00f3noma de Bucaramanga \u2013 UNAB, Telebucaramanga, la reciente empresa multinacional espa\u00f1ola, UCO, y la Alcald\u00eda municipal han desarrollado una labor a destacar. Esto se debe, por ejemplo, al liderazgo de proyectos de Internet WiFi con cobertura para toda la ciudad, o al impulso e instrumentaci\u00f3n para el desarrollo del Identificador de Rutas Tiflot\u00e9cnicas \u2013 IRT \u2013 en el nuevo sistema de transporte.<\/p>\n<p>No obstante, el pasado 6 de febrero de 2010, qued\u00e9 sorprendida al ver un art\u00edculo titulado <a href=\"http:\/\/www.vanguardia.com\/santander\/bucaramanga\/52742--la-ciudad-tiene-10-anos-de-atraso-en-incursion-tecnologica\" target=\"_blank\">\u201cLa ciudad tiene 10 a\u00f1os de atraso en incursi\u00f3n tecnol\u00f3gica\u201d<\/a>, publicado en Vanguardia Liberal. Este pone de manifiesto que la Red inal\u00e1mbrica que antes mencionaba no tiene un amplio cubrimiento. Adem\u00e1s, llama la atenci\u00f3n, principalmente, en la ausencia de georeferenciaci\u00f3n, pese a contar con muchos de los datos para su sistematizaci\u00f3n. As\u00ed mismo, el ancho de banda de Internet tampoco cumple con los niveles \u00f3ptimos de navegaci\u00f3n comparando con los de otros lugares del mundo. Por \u00faltimo, resalta que en el ranking de ciudades digitales de Am\u00e9rica Latina, efectuado por Motorola, Bucaramanga no logra entrar entre las primeras cincuenta.<\/p>\n<p>Sin embargo, es preciso destacar que la pregunta central debe indagar es si este atraso que se est\u00e1 mencionando es uno propio de la capital santandereana, o afecta a toda Colombia. Pues, si nos remontamos nuevamente al Ranking, tan solo Bogot\u00e1 (Puesto 8) y Medell\u00edn (Puesto 14), salen bien libradas.<\/p>\n<p>Por lo tanto, \u00bfQu\u00e9 ha pasado con el programa Ciudad Digital, anunciado hace unos a\u00f1os que le apostaba a la conformaci\u00f3n de una avanzada y sofisticada Infraestructura Regional de Datos Espaciales para la consulta y adquisici\u00f3n de informaci\u00f3n georeferenciada del territorio del \u00e1rea Metropolitana de Bucaramanga?<\/p>\n<p>As\u00ed mismo, como se ve la ciudad en el marco de la estrategia de Territorios Digitales, impulsada por el Ministerio de Tecnolog\u00edas de Informaci\u00f3n y Comunicaciones \u2013 TIC. Pues en recientes eventos frente al tema de TIC, la experiencia Territorio Digital CM3 \u2013 Corredor Multimedia, donde el Departamento de Santander est\u00e1 incluido, siempre es tra\u00edda a colaci\u00f3n, con un alto reconocimiento entre sus pares.<\/p>\n<p>Por tanto considero que es fundamental determinar de forma objetiva los esfuerzos\u00a0 y avances que se han gestado, ver los puntos en que se ha avanzado, la inclusi\u00f3n digital que se ha propinado as\u00ed como los efectos no planeados que se acarrean en este tipo de proyectos. Tal y como en el caso de<a href=\"http:\/\/www.cm3territoriodigital.org\/\" target=\"_blank\"> CM3<\/a>, en el que no solo se avanz\u00f3 en infraestructura, acceso y formaci\u00f3n, sino que a trav\u00e9s de este tambi\u00e9n se combate el conflicto armado y se propone unas nuevas formas de vivir y convivir.<\/p>\n<p>Imagen tomada del siguiente enlace:<br \/>\n<a href=\"http:\/\/cache3.asset-cache.net\/xc\/96377314.jpg?v=1&amp;c=NewsMaker&amp;k=2&amp;d=6C4008C0FD9EB5A5FD883254FDB34BDCC75BEF4AC4B9465792F0261107993FB1\">http:\/\/cache3.asset-cache.net\/xc\/96377314.jpg?v=1&amp;c=NewsMaker&amp;k=2&amp;d=6C4008C0FD9EB5A5FD883254FDB34BDCC75BEF4AC4B9465792F0261107993FB1<\/a><\/p>\n<p><strong>Mar\u00eda Juliana Tob\u00f3n F.<\/strong><br \/>\nAsesora Observatorio Observando TIC<br \/>\nCorporaci\u00f3n Colombia Digital<br \/>\n<a href=\"mailto:julianatobon@colombiadigital.net\">julianatobon@colombiadigital.net<\/a><br \/>\n<a href=\"http:\/\/www.colombiadigital.net\" target=\"_blank\">www.colombiadigital.net<\/a><\/p>\n","protected":false},"excerpt":{"rendered":"<p>Al pensar en Bucaramanga, la concibo como una ciudad acogedora, agradable, con clima c\u00e1lido, gente caracterizada por su amabilidad y hospitalidad; pero tambi\u00e9n tengo muy presente los importantes avances que ha venido recorriendo en lo que respecta a la inclusi\u00f3n digital. Actores como la Universidad Aut\u00f3noma de Bucaramanga \u2013 UNAB, Telebucaramanga, la reciente empresa multinacional &hellip; <\/p>\n<p><a class=\"more-link btn\" href=\"https:\/\/blogs.vanguardia.com\/corporacion-colombia-digital\/ciudades-digitales\/333-bucaramanga-ciudad-digital\">Seguir leyendo<\/a><\/p>\n","protected":false},"author":6,"featured_media":0,"comment_status":"open","ping_status":"open","sticky":false,"template":"","format":"standard","meta":{"ngg_post_thumbnail":0,"jetpack_post_was_ever_published":false,"footnotes":""},"categories":[7],"tags":[58,67,86,176,618,275],"class_list":["post-333","post","type-post","status-publish","format-standard","hentry","category-ciudades-digitales","tag-bucaramanga","tag-ciudad-digital","tag-conexion-inalambrica","tag-infraestructura","tag-internet","tag-red","item-wrap"],"aioseo_notices":[],"jetpack_featured_media_url":"","jetpack_shortlink":"https:\/\/wp.me\/p2uKmq-5n","jetpack_sharing_enabled":true,"_links":{"self":[{"href":"https:\/\/blogs.vanguardia.com\/corporacion-colombia-digital\/wp-json\/wp\/v2\/posts\/333","targetHints":{"allow":["GET"]}}],"collection":[{"href":"https:\/\/blogs.vanguardia.com\/corporacion-colombia-digital\/wp-json\/wp\/v2\/posts"}],"about":[{"href":"https:\/\/blogs.vanguardia.com\/corporacion-colombia-digital\/wp-json\/wp\/v2\/types\/post"}],"author":[{"embeddable":true,"href":"https:\/\/blogs.vanguardia.com\/corporacion-colombia-digital\/wp-json\/wp\/v2\/users\/6"}],"replies":[{"embeddable":true,"href":"https:\/\/blogs.vanguardia.com\/corporacion-colombia-digital\/wp-json\/wp\/v2\/comments?post=333"}],"version-history":[{"count":0,"href":"https:\/\/blogs.vanguardia.com\/corporacion-colombia-digital\/wp-json\/wp\/v2\/posts\/333\/revisions"}],"wp:attachment":[{"href":"https:\/\/blogs.vanguardia.com\/corporacion-colombia-digital\/wp-json\/wp\/v2\/media?parent=333"}],"wp:term":[{"taxonomy":"category","embeddable":true,"href":"https:\/\/blogs.vanguardia.com\/corporacion-colombia-digital\/wp-json\/wp\/v2\/categories?post=333"},{"taxonomy":"post_tag","embeddable":true,"href":"https:\/\/blogs.vanguardia.com\/corporacion-colombia-digital\/wp-json\/wp\/v2\/tags?post=333"}],"curies":[{"name":"wp","href":"https:\/\/api.w.org\/{rel}","templated":true}]}}