{"id":265,"date":"2009-10-26T16:18:26","date_gmt":"2009-10-26T20:18:26","guid":{"rendered":"http:\/\/www.bucaramanga.com\/blogs\/colombiadigital\/?p=265"},"modified":"2009-10-26T16:18:26","modified_gmt":"2009-10-26T20:18:26","slug":"colombia-y-la-paradoja-de-tic-y-ciencia","status":"publish","type":"post","link":"https:\/\/blogs.vanguardia.com\/corporacion-colombia-digital\/innovacion\/265-colombia-y-la-paradoja-de-tic-y-ciencia","title":{"rendered":"Colombia y la paradoja de TIC y ciencia"},"content":{"rendered":"<p><a href=\"http:\/\/www.bucaramanga.com\/blogs\/colombiadigital\/wp-content\/uploads\/2009\/10\/78393060.jpg\"><img loading=\"lazy\" decoding=\"async\" class=\"size-medium wp-image-275 alignleft\" src=\"http:\/\/www.bucaramanga.com\/blogs\/colombiadigital\/wp-content\/uploads\/2009\/10\/78393060-300x216.jpg\" alt=\"\" width=\"300\" height=\"216\" \/><\/a><\/p>\n<p><span style=\"font-size: 10pt\"><span style=\"font-family: trebuchet ms,geneva\">Colombia es un pa\u00eds contradictorio en materia de ciencia, tecnolog\u00eda e innovaci\u00f3n (C+T+I). Si se examinan los datos del gasto en C+T+I, dan ganas de llorar. Menos del 0,4% del PIB colombiano se destina a tales temas. Si suponemos que el PIB (Producto Interno Bruto) es de unos 200 mil millones de d\u00f3lares, significa que gastamos menos de 800 millones de d\u00f3lares en C+T+I, incluyendo esfuerzos del gobierno, los empresarios y la academia.<\/span><\/span><!--more--><\/p>\n<p><span style=\"font-size: 10pt\"><span style=\"font-family: trebuchet ms,geneva\">Hay otras formas de mirar el tema. Por ejemplo, el n\u00famero de personas dedicadas a I+D (investigaci\u00f3n y desarrollo) por cada mill\u00f3n de habitantes. En un pa\u00eds como Finlandia, de s\u00f3lo 5 millones de habitantes, hay m\u00e1s de 7.000 personas dedicadas a I+D, es decir m\u00e1s de 35.000 en total. En contraste, en Colombia son 125 por cada mill\u00f3n, de modo que en total contamos con unos 6.000 investigadores. \u00a1En un pa\u00eds de 45 millones de habitantes! El cuento puede seguir si se miran las solicitudes de patentes, los art\u00edculos en publicaciones cient\u00edficas. Nos va mal.<\/span><\/span><\/p>\n<p><span style=\"font-size: 10pt\"><span style=\"font-family: trebuchet ms,geneva\">No obstante, las paradojas aparecen. Las tecnolog\u00edas de la informaci\u00f3n y las comunicaciones (TIC) juegan hoy en d\u00eda un papel de primera l\u00ednea en los procesos de investigaci\u00f3n cient\u00edfica y tecnol\u00f3gica en el mundo. En la medida en que las TIC son, en s\u00ed mismas, herramientas que han revolucionado la forma en que gestionamos, generamos, compartimos, almacenamos, informaci\u00f3n, su rol en el desarrollo de C+T+I es imprescindible.<\/span><\/span><\/p>\n<p><span style=\"font-size: 10pt\"><span style=\"font-family: trebuchet ms,geneva\">Lo sorprendente es que las tasas de crecimiento de la conectividad a Internet en Colombia, son las mayores de Am\u00e9rica latina y de las de primer rango en el mundo. Colombia no contaba con m\u00e1s de 200 mil suscriptores de Internet de banda ancha en el 2004. Hoy, como se conoce por el \u00faltimo <a href=\"http:\/\/www.crcom.gov.co\/images\/stories\/crt-documents\/BibliotecaVirtual\/InformeInternet\/Informe_Internet_junio_2009.pdf\" target=\"_blank\">informe de la Comisi\u00f3n de regulaci\u00f3n de las Comunicaciones<\/a> (CRC), hay m\u00e1s 2.7 millones de suscriptores. Seg\u00fan el Ministerio TIC, dado que por cada suscripci\u00f3n hay varios usuarios, el 44% de los colombianos tiene hoy acceso a la Red. En eso, nos est\u00e1 yendo bien. <\/span><\/span><\/p>\n<p><span style=\"font-size: 10pt\"><span style=\"font-family: trebuchet ms,geneva\">Lo anterior sin contar la revoluci\u00f3n m\u00f3vil. Como se sabe, al comenzar el 2004 s\u00f3lo hab\u00eda 6.4 millones de celulares en el mercado. Hoy son 41 millones. Entendiendo que  un individuo puede contar con varios m\u00f3viles, es factible considerar que hay cerca de 30 millones de usuarios diferentes que cuentan con uno al menos. Lo que en poco tiempo ser\u00e1 una realidad a precios competitivos ser\u00e1 el uso de internet de alta velocidad con base en las redes m\u00f3viles. Todo esto nos es \u00fatil para se\u00f1alar la contradicci\u00f3n que existe entre la baja inversi\u00f3n en actividades de C+T+I, por un lado, y el dram\u00e1tico crecimiento en conectividad que experimenta Colombia.<\/span><\/span><\/p>\n<p><span style=\"font-size: 10pt\"><span style=\"font-family: trebuchet ms,geneva\">El proceso de apropiaci\u00f3n de las llamadas TIC (tecnolog\u00edas de la informaci\u00f3n y la comunicaci\u00f3n), en la etapa de \u201cWeb 2.0\u201d y de \u201cComputaci\u00f3n en la Nube\u201d se ir\u00e1 multiplicando, con notable incidencia sobre procesos de innovaci\u00f3n empresarial y, en general, alrededor de actividades de C+T+I. Compartir conocimiento, promover discusiones en l\u00ednea, acceder a bancos de datos, son elementos indispensables a la hora de promover actividades de C+T+I.<\/span><\/span><\/p>\n<p><span style=\"font-size: 10pt\"><span style=\"font-family: trebuchet ms,geneva\">No obstante, subsiste en Colombia una brecha regional enorme. Pocas ciudades concentran el grueso de los accesos a la Red. Es cr\u00edtico, adem\u00e1s emprender programas masivos de alfabetizaci\u00f3n digital para que actores de distintas \u00e1reas sociales y econ\u00f3micas puedan utilizar creativa y productivamente las TIC.<br \/>\n<span style=\"font-size: 8pt\"><br \/>\nImagen tomada del siguiente enlace:<br \/>\n<a href=\"http:\/\/cache2.asset-cache.net\/xc\/78393060.jpg?v=1&amp;c=NewsMaker&amp;k=2&amp;d=9E7D312EDC8D63D0CD8FF4DC0CD1F6F1105CFC35BAF110C495355DE25009C4C2\" target=\"_blank\">http:\/\/cache2.asset-cache.net\/xc\/78393060.jpg?v=1&amp;c=NewsMaker&amp;k=2&amp;d=9E7D312EDC8D63D0CD8FF4DC0CD1F6F1105CFC35BAF110C495355DE25009C4C2 <\/a><\/span><\/span><\/span><\/p>\n<p><strong>Rafael Orduz<\/strong><br \/>\nDirector ejecutivo<br \/>\nCorporaci\u00f3n Colombia Digital<br \/>\n<a href=\"mailto:rorduz@colombiadigital.net\" target=\"_blank\">rorduz@colombiadigital.net<\/a><br \/>\n<a href=\"http:\/\/www.colombiadigital.net\" target=\"_blank\">www.colombiadigital.net<\/a><\/p>\n","protected":false},"excerpt":{"rendered":"<p>Colombia es un pa\u00eds contradictorio en materia de ciencia, tecnolog\u00eda e innovaci\u00f3n (C+T+I). Si se examinan los datos del gasto en C+T+I, dan ganas de llorar. Menos del 0,4% del PIB colombiano se destina a tales temas. Si suponemos que el PIB (Producto Interno Bruto) es de unos 200 mil millones de d\u00f3lares, significa que &hellip; <\/p>\n<p><a class=\"more-link btn\" href=\"https:\/\/blogs.vanguardia.com\/corporacion-colombia-digital\/innovacion\/265-colombia-y-la-paradoja-de-tic-y-ciencia\">Seguir leyendo<\/a><\/p>\n","protected":false},"author":1,"featured_media":0,"comment_status":"open","ping_status":"open","sticky":false,"template":"","format":"standard","meta":{"ngg_post_thumbnail":0,"jetpack_post_was_ever_published":false,"footnotes":""},"categories":[13],"tags":[75,82,85,98,108,140,612,618,185,294,298,301,314,336],"class_list":["post-265","post","type-post","status-publish","format-standard","hentry","category-innovacion","tag-colombia","tag-comunicaciones","tag-conectividad","tag-crc","tag-desarrollo","tag-estadisticas","tag-innovacion","tag-internet","tag-investigacion","tag-suscriptores","tag-tecnologia","tag-telecomiunicaciones","tag-tic","tag-usuarios","item-wrap"],"aioseo_notices":[],"jetpack_featured_media_url":"","jetpack_shortlink":"https:\/\/wp.me\/p2uKmq-4h","jetpack_sharing_enabled":true,"_links":{"self":[{"href":"https:\/\/blogs.vanguardia.com\/corporacion-colombia-digital\/wp-json\/wp\/v2\/posts\/265","targetHints":{"allow":["GET"]}}],"collection":[{"href":"https:\/\/blogs.vanguardia.com\/corporacion-colombia-digital\/wp-json\/wp\/v2\/posts"}],"about":[{"href":"https:\/\/blogs.vanguardia.com\/corporacion-colombia-digital\/wp-json\/wp\/v2\/types\/post"}],"author":[{"embeddable":true,"href":"https:\/\/blogs.vanguardia.com\/corporacion-colombia-digital\/wp-json\/wp\/v2\/users\/1"}],"replies":[{"embeddable":true,"href":"https:\/\/blogs.vanguardia.com\/corporacion-colombia-digital\/wp-json\/wp\/v2\/comments?post=265"}],"version-history":[{"count":0,"href":"https:\/\/blogs.vanguardia.com\/corporacion-colombia-digital\/wp-json\/wp\/v2\/posts\/265\/revisions"}],"wp:attachment":[{"href":"https:\/\/blogs.vanguardia.com\/corporacion-colombia-digital\/wp-json\/wp\/v2\/media?parent=265"}],"wp:term":[{"taxonomy":"category","embeddable":true,"href":"https:\/\/blogs.vanguardia.com\/corporacion-colombia-digital\/wp-json\/wp\/v2\/categories?post=265"},{"taxonomy":"post_tag","embeddable":true,"href":"https:\/\/blogs.vanguardia.com\/corporacion-colombia-digital\/wp-json\/wp\/v2\/tags?post=265"}],"curies":[{"name":"wp","href":"https:\/\/api.w.org\/{rel}","templated":true}]}}