{"id":1178,"date":"2014-01-24T17:58:32","date_gmt":"2014-01-24T22:58:32","guid":{"rendered":"http:\/\/blogs.vanguardia.com\/corporacion-colombia-digital\/?p=1178"},"modified":"2014-01-24T17:58:32","modified_gmt":"2014-01-24T22:58:32","slug":"con-tic-o-sin-tic","status":"publish","type":"post","link":"https:\/\/blogs.vanguardia.com\/corporacion-colombia-digital\/apropiacion\/1178-con-tic-o-sin-tic","title":{"rendered":"\u00bfCon TIC o sin TIC?"},"content":{"rendered":"<p>\u00bfCu\u00e1l es su grado de apropiaci\u00f3n por las tecnolog\u00edas de la informaci\u00f3n y las comunicaciones?<!--more--><\/p>\n<p>En momentos en que los estudios de apropiaci\u00f3n (y N mil cosas m\u00e1s) pululan en la red, sigue surgiendo la duda de cu\u00e1l es el porcentaje de apropiaci\u00f3n de los usuarios y las empresa.<\/p>\n<p>Las TIC no se centran \u00fanicamente en el uso de Internet como herramienta, van m\u00e1s all\u00e1 de eso y de c\u00f3mo las usan las empresas, organismos, entes gubernamentales e, incluso, usuarios del com\u00fan para un beneficio propio o com\u00fan.<\/p>\n<p>En esta \u00e9poca de hiperconectividad en la que es una necesidad preponderante tener presencia en la Red, las empresas colombianas est\u00e1n dejando el norte de sus estrategias y hasta su futuro a merced de una fuerte oleada de principiantes e inexpertos, en temas de Social Media, Servicio al Cliente y otros m\u00e1s.\u00a0<a href=\"http:\/\/blogs.vanguardia.com\/corporacion-colombia-digital\/files\/2014\/01\/pymes.jpg\"><img loading=\"lazy\" decoding=\"async\" class=\"alignright size-medium wp-image-1179\" alt=\"pymes\" src=\"http:\/\/blogs.vanguardia.com\/corporacion-colombia-digital\/files\/2014\/01\/pymes-300x209.jpg\" width=\"300\" height=\"209\" srcset=\"https:\/\/blogs.vanguardia.com\/corporacion-colombia-digital\/files\/2014\/01\/pymes-300x209.jpg 300w, https:\/\/blogs.vanguardia.com\/corporacion-colombia-digital\/files\/2014\/01\/pymes.jpg 496w\" sizes=\"auto, (max-width: 300px) 100vw, 300px\" \/><\/a><\/p>\n<p>Si es empresario preg\u00fantese \u00bfTiene argumentos t\u00e1cticos, estrat\u00e9gicos y de peso quien maneja las estrategias en TIC de su compa\u00f1\u00eda? Como usuario busco una reacci\u00f3n inmediata a la hora de contactarme con la empresa a trav\u00e9s de las TIC. Es un m\u00e9todo de acci\u00f3n y reacci\u00f3n, esta \u00faltima con las t\u00e1cticas bien planteadas y que no cojeen con una m\u00ednima ventisca.<\/p>\n<p>Una excelente estrategia puede tardar a\u00f1os y esta oleada de nuevos t\u00e9rminos, profesiones y aprendizajes, ha dejado sin piso a muchas empresas tradicionalistas por excelencia y es justo el momento de surgir de las pymes. Puedo decir que quiz\u00e1s, ser\u00e1n estaslas que mandar\u00e1n la parada en temas de reacci\u00f3n inmediata.<\/p>\n<p>Si est\u00e1 haciendo uso de las TIC es m\u00e1s que importante sentar una posici\u00f3n, una reputaci\u00f3n, una estrategia que marque ritmo y gu\u00ede a toda la compa\u00f1\u00eda a la consecuci\u00f3n de unos objetivos. Si no lo est\u00e1 con la estrategia adecuada, \u00bfqu\u00e9 est\u00e1 esperando?<\/p>\n<p>La Internet ha vuelto minimalista los procesos de masificaci\u00f3n de la informaci\u00f3n y sin dudarlo, los usuarios son los principales meg\u00e1fonos en este sistema, no los descuide, a trav\u00e9s de ellos es que surge el crecimiento r\u00e1pido, pero tambi\u00e9n el descenso de su empresa, reputaci\u00f3n e incluso, su productividad.<\/p>\n<p>Hacer que las tecnolog\u00edas de la informaci\u00f3n sean base para las comunicaciones, el servicio al cliente y hasta el m\u00e9todo de trabajo de los empleados, es un reto que ahora tienen las empresas grandes, peque\u00f1as, medianas y los usuarios, como profesionales del medio.<\/p>\n<p>&nbsp;<\/p>\n<p><strong>\u00a0Erika Serna Giraldo<\/strong><br \/>\n<strong>Comunicadora Social &#8211; Periodista<\/strong><br \/>\n<strong>*Bloguera Invitada de <a href=\"http:\/\/www.colombiadigital.net\/\" target=\"_blank\">Colombia Digital<br \/>\nB<\/a>log <a href=\"http:\/\/blogs.colombiadigital.net\/tejiendo-social-media\/\" target=\"_blank\">Tejiendo Social Media<\/a><\/strong><\/p>\n<p>&nbsp;<\/p>\n<p>&nbsp;<\/p>\n<p><em id=\"__mceDel\">Imagen tomada de Getty Images<\/em><\/p>\n","protected":false},"excerpt":{"rendered":"<p>\u00bfCu\u00e1l es su grado de apropiaci\u00f3n por las tecnolog\u00edas de la informaci\u00f3n y las comunicaciones?<\/p><p><a class=\"more-link btn\" href=\"https:\/\/blogs.vanguardia.com\/corporacion-colombia-digital\/apropiacion\/1178-con-tic-o-sin-tic\">Seguir leyendo<\/a><\/p>\n","protected":false},"author":8,"featured_media":0,"comment_status":"open","ping_status":"open","sticky":false,"template":"","format":"standard","meta":{"ngg_post_thumbnail":0,"jetpack_post_was_ever_published":false,"footnotes":""},"categories":[3],"tags":[225,361,537,453,270],"class_list":["post-1178","post","type-post","status-publish","format-standard","hentry","category-apropiacion","tag-nuevas-tecnologias","tag-organizaciones","tag-pensamiento-estrategico","tag-posicionamiento-web","tag-pymes","item-wrap"],"aioseo_notices":[],"jetpack_featured_media_url":"","jetpack_shortlink":"https:\/\/wp.me\/p2uKmq-j0","jetpack_sharing_enabled":true,"_links":{"self":[{"href":"https:\/\/blogs.vanguardia.com\/corporacion-colombia-digital\/wp-json\/wp\/v2\/posts\/1178","targetHints":{"allow":["GET"]}}],"collection":[{"href":"https:\/\/blogs.vanguardia.com\/corporacion-colombia-digital\/wp-json\/wp\/v2\/posts"}],"about":[{"href":"https:\/\/blogs.vanguardia.com\/corporacion-colombia-digital\/wp-json\/wp\/v2\/types\/post"}],"author":[{"embeddable":true,"href":"https:\/\/blogs.vanguardia.com\/corporacion-colombia-digital\/wp-json\/wp\/v2\/users\/8"}],"replies":[{"embeddable":true,"href":"https:\/\/blogs.vanguardia.com\/corporacion-colombia-digital\/wp-json\/wp\/v2\/comments?post=1178"}],"version-history":[{"count":2,"href":"https:\/\/blogs.vanguardia.com\/corporacion-colombia-digital\/wp-json\/wp\/v2\/posts\/1178\/revisions"}],"predecessor-version":[{"id":1181,"href":"https:\/\/blogs.vanguardia.com\/corporacion-colombia-digital\/wp-json\/wp\/v2\/posts\/1178\/revisions\/1181"}],"wp:attachment":[{"href":"https:\/\/blogs.vanguardia.com\/corporacion-colombia-digital\/wp-json\/wp\/v2\/media?parent=1178"}],"wp:term":[{"taxonomy":"category","embeddable":true,"href":"https:\/\/blogs.vanguardia.com\/corporacion-colombia-digital\/wp-json\/wp\/v2\/categories?post=1178"},{"taxonomy":"post_tag","embeddable":true,"href":"https:\/\/blogs.vanguardia.com\/corporacion-colombia-digital\/wp-json\/wp\/v2\/tags?post=1178"}],"curies":[{"name":"wp","href":"https:\/\/api.w.org\/{rel}","templated":true}]}}