{"id":1172,"date":"2014-01-16T14:34:33","date_gmt":"2014-01-16T19:34:33","guid":{"rendered":"http:\/\/blogs.vanguardia.com\/corporacion-colombia-digital\/?p=1172"},"modified":"2014-01-16T14:35:53","modified_gmt":"2014-01-16T19:35:53","slug":"cuantas-fotografias-suyas-basta-por-favor","status":"publish","type":"post","link":"https:\/\/blogs.vanguardia.com\/corporacion-colombia-digital\/fotografia-digital\/1172-cuantas-fotografias-suyas-basta-por-favor","title":{"rendered":"\u00a1Cu\u00e1ntas fotograf\u00edas suyas! Basta por favor"},"content":{"rendered":"<p>\u201cLa elimin\u00e9 de Instagram\u2026 ya me ten\u00eda aburrido con sus fotos\u2026\u201d, fue lo que me dijo un amigo cuando convers\u00e1bamos sobre la nueva tendencia que se ha disparado como pan caliente en las redes sociales.<!--more--><\/p>\n<p>El s\u00edndrome selfie ha escalado nuevas proporciones que van m\u00e1s all\u00e1 de autorretratarse una y otra vez en los m\u00faltiples perfiles online. Si bien, se ha vuelto s\u00faper harto que alguien publique segundo tras segundo fotograf\u00edas de s\u00ed mismo, algunos especialistas advierten que esta pr\u00e1ctica aumenta los niveles de narcisismo en las redes sociales.<\/p>\n<p>Aunque los estudios recientes se\u00f1alen una y otra cosa, e intenten explicar las conductas excesivas de los usuarios que abusan de Internet y sus herramientas, hay quienes ap\u00e1ticos o no, simplemente ponen una especie de \u2018candado\u2019 para cerrar y romper los vicios. La cuesti\u00f3n es b\u00e1sica: si alguien publica estados reiterativos, grita a los cuatro vientos qu\u00e9 pasa en su vida, publica minuto a minuto fotograf\u00edas de los lugares comunes y corrientes que hacen parte de su d\u00eda a d\u00eda, comidas, viajes, fiestas, casa, familia, amigos\u2026 en fin, la soluci\u00f3n m\u00e1s pr\u00e1ctica para algunos es eliminarlo o bloquearlo de la red. \u00a1Nada m\u00e1s que hacer!\u00a0<a href=\"http:\/\/blogs.vanguardia.com\/corporacion-colombia-digital\/files\/2014\/01\/Selfie.jpg\"><img loading=\"lazy\" decoding=\"async\" class=\"size-medium wp-image-1173 alignright\" alt=\"Selfie\" src=\"http:\/\/blogs.vanguardia.com\/corporacion-colombia-digital\/files\/2014\/01\/Selfie-200x300.jpg\" width=\"200\" height=\"300\" srcset=\"https:\/\/blogs.vanguardia.com\/corporacion-colombia-digital\/files\/2014\/01\/Selfie-200x300.jpg 200w, https:\/\/blogs.vanguardia.com\/corporacion-colombia-digital\/files\/2014\/01\/Selfie.jpg 338w\" sizes=\"auto, (max-width: 200px) 100vw, 200px\" \/><\/a><\/p>\n<p>Para quienes tenemos que toparnos las mil y un actualizaciones de su vida online, es fastidioso, pero, qu\u00e9 sucede con ellos, con los deseosos de retratarse vez tras vez en las redes sociales, pareciera que no se dan cuenta de sus excesos y se obligan a s\u00ed mismos a volver al mismo estado: es lamentable.<\/p>\n<p>De acuerdo al estudio realizado por la <a href=\"https:\/\/www.colombiadigital.net\/actualidad\/internacional\/item\/6305-el-narcisismo-en-las-redes-sociales.html\">Universidad Estatal de California<\/a> quienes suelen actualizar frecuentemente sus estados, publicar fotograf\u00edas de s\u00ed mismo o usar frases y lemas para glorificarse, presentan altos niveles de narcisismo. Entonces m\u00e1s all\u00e1 del s\u00edndrome Selfie, se trata de una serie de conductas a fondo que estallan en el ciberespacio: temores, inseguridades, ganas de llamar la atenci\u00f3n, dependencia, adicci\u00f3n, depresi\u00f3n, entre otras.<\/p>\n<p>\u00bfCu\u00e1l es la necesidad de vanagloriarse con la misma pose? Al final termina siendo un \u00e1lbum repleto de fotograf\u00edas con una serie de denominadores: autorretrat\u00e1ndose en el espejo, con la lengua afuera, tirando un beso, con la mano en la cabeza, acomodando el flequillo\u2026 absurdas, y repetitivas.<\/p>\n<p>No es un secreto que el uso de las redes sociales escala otras dimensiones, cuando la intencionalidad es personal, en este caso, mostrarse al mundo, darse a conocer, resaltar atributos f\u00edsicos e intelectuales, termina siendo un carga excesiva de posteos. Lo hacen los usuarios comunes y corrientes, y los <a href=\"http:\/\/www.elcolombiano.com\/BancoConocimiento\/S\/selfie_fue_tambien_la_palabra_mas_odiada_de_2013\/selfie_fue_tambien_la_palabra_mas_odiada_de_2013.asp\">personajes p\u00fablicos<\/a>.<\/p>\n<p>Puede que lo sepan, que se den cuentan, puede que no\u2026 pero en \u00faltimas se trata de una sola cosa, buscan por todos los medios y formas existir en las redes sociales. \u00bfEst\u00e1n convirtiendo estas plataformas a usuarios narcisistas?, o \u00bfson las comunidades online una ranura expresiva para los narcisistas?<\/p>\n<p>&nbsp;<\/p>\n<p><strong>Eliana \u00c1lvarez R\u00edos<\/strong><br \/>\n<strong>Directora de Contenidos web<\/strong><br \/>\n<a href=\"http:\/\/www.colombiadigital.net\/\" target=\"_blank\"><strong>Colombia Digital<\/strong><\/a><\/p>\n<p>&nbsp;<\/p>\n<p>*Imagen Getty Images<\/p>\n","protected":false},"excerpt":{"rendered":"<p>\u201cLa elimin\u00e9 de Instagram\u2026 ya me ten\u00eda aburrido con sus fotos\u2026\u201d, fue lo que me dijo un amigo cuando convers\u00e1bamos sobre la nueva tendencia que se ha disparado como pan caliente en las redes sociales.<\/p><p><a class=\"more-link btn\" href=\"https:\/\/blogs.vanguardia.com\/corporacion-colombia-digital\/fotografia-digital\/1172-cuantas-fotografias-suyas-basta-por-favor\">Seguir leyendo<\/a><\/p>\n","protected":false},"author":8,"featured_media":0,"comment_status":"open","ping_status":"open","sticky":false,"template":"","format":"standard","meta":{"ngg_post_thumbnail":0,"jetpack_post_was_ever_published":false,"footnotes":""},"categories":[12],"tags":[535,76,536,615,534],"class_list":["post-1172","post","type-post","status-publish","format-standard","hentry","category-fotografia-digital","tag-autorretrato","tag-colombia-digital","tag-narcisismo","tag-redes-sociales","tag-selfie","item-wrap"],"aioseo_notices":[],"jetpack_featured_media_url":"","jetpack_shortlink":"https:\/\/wp.me\/p2uKmq-iU","jetpack_sharing_enabled":true,"_links":{"self":[{"href":"https:\/\/blogs.vanguardia.com\/corporacion-colombia-digital\/wp-json\/wp\/v2\/posts\/1172","targetHints":{"allow":["GET"]}}],"collection":[{"href":"https:\/\/blogs.vanguardia.com\/corporacion-colombia-digital\/wp-json\/wp\/v2\/posts"}],"about":[{"href":"https:\/\/blogs.vanguardia.com\/corporacion-colombia-digital\/wp-json\/wp\/v2\/types\/post"}],"author":[{"embeddable":true,"href":"https:\/\/blogs.vanguardia.com\/corporacion-colombia-digital\/wp-json\/wp\/v2\/users\/8"}],"replies":[{"embeddable":true,"href":"https:\/\/blogs.vanguardia.com\/corporacion-colombia-digital\/wp-json\/wp\/v2\/comments?post=1172"}],"version-history":[{"count":3,"href":"https:\/\/blogs.vanguardia.com\/corporacion-colombia-digital\/wp-json\/wp\/v2\/posts\/1172\/revisions"}],"predecessor-version":[{"id":1176,"href":"https:\/\/blogs.vanguardia.com\/corporacion-colombia-digital\/wp-json\/wp\/v2\/posts\/1172\/revisions\/1176"}],"wp:attachment":[{"href":"https:\/\/blogs.vanguardia.com\/corporacion-colombia-digital\/wp-json\/wp\/v2\/media?parent=1172"}],"wp:term":[{"taxonomy":"category","embeddable":true,"href":"https:\/\/blogs.vanguardia.com\/corporacion-colombia-digital\/wp-json\/wp\/v2\/categories?post=1172"},{"taxonomy":"post_tag","embeddable":true,"href":"https:\/\/blogs.vanguardia.com\/corporacion-colombia-digital\/wp-json\/wp\/v2\/tags?post=1172"}],"curies":[{"name":"wp","href":"https:\/\/api.w.org\/{rel}","templated":true}]}}